{"id":62042,"date":"2025-11-23T21:16:58","date_gmt":"2025-11-23T20:16:58","guid":{"rendered":"https:\/\/www.invarena.cz\/?p=62042"},"modified":"2025-11-23T21:16:59","modified_gmt":"2025-11-23T20:16:59","slug":"ministr-jurecka-cesko-ceka-jeden-z-nejvetsich-ukolu-pristich-desetileti","status":"publish","type":"post","link":"https:\/\/www.invarena.cz\/?p=62042","title":{"rendered":"Ministr Jure\u010dka: \u010cesko \u010dek\u00e1 jeden z nejv\u011bt\u0161\u00edch \u00fakol\u016f p\u0159\u00ed\u0161t\u00edch desetilet\u00ed"},"content":{"rendered":"\n<p>Popt\u00e1vka po dlouhodob\u00e9 o\u0161et\u0159ovatelsk\u00e9, soci\u00e1ln\u00ed a soci\u00e1ln\u011b-zdravotn\u00ed p\u00e9\u010di v p\u0159\u00ed\u0161t\u00edch letech v\u00fdrazn\u011b poroste.<\/p>\n\n\n\n<p>Nov\u00e9 prediktivn\u00ed modely, vych\u00e1zej\u00edc\u00ed z dat Ministerstva pr\u00e1ce a soci\u00e1ln\u00edch v\u011bc\u00ed (MPSV) a \u00dastavu zdravotnick\u00fdch informac\u00ed a statistiky (\u00daZIS), potvrzuj\u00ed, \u017ee popt\u00e1vka po dlouhodob\u00e9 o\u0161et\u0159ovatelsk\u00e9, soci\u00e1ln\u00ed a soci\u00e1ln\u011b-zdravotn\u00ed p\u00e9\u010di v p\u0159\u00ed\u0161t\u00edch letech v\u00fdrazn\u011b poroste. Do roku 2035 p\u0159ibude velk\u00e9 mno\u017estv\u00ed lid\u00ed ve v\u011bku 80+, z\u00e1sadn\u011b se zv\u00fd\u0161\u00ed po\u010det osob se z\u00e1va\u017en\u00fdmi onemocn\u011bn\u00edmi a bude nutn\u00e9 roz\u0161\u00ed\u0159it jak dom\u00e1c\u00ed a ter\u00e9nn\u00ed slu\u017eby, tak kapacity pobytov\u00fdch za\u0159\u00edzen\u00ed. \u010cesk\u00fd syst\u00e9m dlouhodob\u00e9 p\u00e9\u010de tak stoj\u00ed na prahu jedn\u00e9 z nejv\u011bt\u0161\u00edch prom\u011bn v modern\u00ed historii.<\/p>\n\n\n\n<p>Cel\u00fd \u010dl\u00e1nek naleznete v Parlamentn\u00edch Listech: <a href=\"https:\/\/www.parlamentnilisty.cz\/politika\/politici-volicum\/Ministr-Jurecka-Cesko-ceka-jeden-z-nejvetsich-ukolu-pristich-desetileti-783137\" target=\"_blank\" rel=\"noreferrer noopener\">https:\/\/www.parlamentnilisty.cz\/politika\/politici-volicum\/Ministr-Jurecka-Cesko-ceka-jeden-z-nejvetsich-ukolu-pristich-desetileti-783137<\/a><\/p>\n","protected":false},"excerpt":{"rendered":"<div class=\"mh-excerpt\"><p>Popt\u00e1vka po dlouhodob\u00e9 o\u0161et\u0159ovatelsk\u00e9, soci\u00e1ln\u00ed a soci\u00e1ln\u011b-zdravotn\u00ed p\u00e9\u010di v p\u0159\u00ed\u0161t\u00edch letech v\u00fdrazn\u011b poroste. Nov\u00e9 prediktivn\u00ed modely, vych\u00e1zej\u00edc\u00ed z dat Ministerstva pr\u00e1ce a soci\u00e1ln\u00edch v\u011bc\u00ed (MPSV) <a class=\"mh-excerpt-more\" href=\"https:\/\/www.invarena.cz\/?p=62042\" title=\"Ministr Jure\u010dka: \u010cesko \u010dek\u00e1 jeden z nejv\u011bt\u0161\u00edch \u00fakol\u016f p\u0159\u00ed\u0161t\u00edch desetilet\u00ed\">[&#8230;]<\/a><\/p>\n<\/div>","protected":false},"author":1,"featured_media":7608,"comment_status":"open","ping_status":"closed","sticky":false,"template":"","format":"standard","meta":{"footnotes":""},"categories":[9],"tags":[],"class_list":["post-62042","post","type-post","status-publish","format-standard","has-post-thumbnail","hentry","category-zpravy"],"_links":{"self":[{"href":"https:\/\/www.invarena.cz\/index.php?rest_route=\/wp\/v2\/posts\/62042","targetHints":{"allow":["GET"]}}],"collection":[{"href":"https:\/\/www.invarena.cz\/index.php?rest_route=\/wp\/v2\/posts"}],"about":[{"href":"https:\/\/www.invarena.cz\/index.php?rest_route=\/wp\/v2\/types\/post"}],"author":[{"embeddable":true,"href":"https:\/\/www.invarena.cz\/index.php?rest_route=\/wp\/v2\/users\/1"}],"replies":[{"embeddable":true,"href":"https:\/\/www.invarena.cz\/index.php?rest_route=%2Fwp%2Fv2%2Fcomments&post=62042"}],"version-history":[{"count":0,"href":"https:\/\/www.invarena.cz\/index.php?rest_route=\/wp\/v2\/posts\/62042\/revisions"}],"wp:featuredmedia":[{"embeddable":true,"href":"https:\/\/www.invarena.cz\/index.php?rest_route=\/wp\/v2\/media\/7608"}],"wp:attachment":[{"href":"https:\/\/www.invarena.cz\/index.php?rest_route=%2Fwp%2Fv2%2Fmedia&parent=62042"}],"wp:term":[{"taxonomy":"category","embeddable":true,"href":"https:\/\/www.invarena.cz\/index.php?rest_route=%2Fwp%2Fv2%2Fcategories&post=62042"},{"taxonomy":"post_tag","embeddable":true,"href":"https:\/\/www.invarena.cz\/index.php?rest_route=%2Fwp%2Fv2%2Ftags&post=62042"}],"curies":[{"name":"wp","href":"https:\/\/api.w.org\/{rel}","templated":true}]}}