{"id":62057,"date":"2025-11-25T14:06:22","date_gmt":"2025-11-25T13:06:22","guid":{"rendered":"https:\/\/www.invarena.cz\/?p=62057"},"modified":"2025-11-25T14:08:00","modified_gmt":"2025-11-25T13:08:00","slug":"62057","status":"publish","type":"post","link":"https:\/\/www.invarena.cz\/?p=62057","title":{"rendered":"V\u00fdtvarn\u00edc\u00ed prod\u00e1vaj\u00ed sv\u00e1 d\u00edla v dobro\u010dinn\u00fdch aukc\u00edch"},"content":{"rendered":"\n<p>\u010cRo Dvojka<\/p>\n\n\n\n<p>Pomoc m\u00e1 mnoho styl\u016f, to je motto u\u017e sedmn\u00e1ct\u00e9ho auk\u010dn\u00edho salonu v\u00fdtvarn\u00edk\u016f, kter\u00fd po\u0159\u00e1d\u00e1 Konto Bari\u00e9ry Nadace Charty 77. Na nov\u00e9 majitele \u010dek\u00e1 v\u00edc ne\u017e 400 um\u011bleck\u00fdch d\u011bl, kter\u00e9 nadaci darovali p\u0159edn\u00ed sou\u010dasn\u00ed v\u00fdtvarn\u00edci. Ka\u017ed\u00fd, kdo si n\u011bjak\u00e9 d\u00edlo koup\u00ed, p\u0159isp\u011bje na stipendia pro studenty s handicapem. <\/p>\n\n\n\n<p>V\u00fdstava v\u0161ech dra\u017een\u00fdch d\u011bl je u\u017e vlastn\u011b te\u010f k vid\u011bn\u00ed v pra\u017esk\u00e9m Karolinu. Charitativn\u00ed aukce prob\u011bhne konkr\u00e9tn\u011b sedm\u00e9ho, tedy 7. prosince. No, a j\u00e1 u\u017e jsem ve spojen\u00ed s \u0159editelkou Nadace Charty 77. Konta Bari\u00e9ry Jolanou Vold\u00e1novou. Jolano, dobr\u00e9 odpoledne. Tak vystavovan\u00fdch d\u011bl je, jak jsem \u0159\u00edkal, v\u00edc ne\u017e \u010dty\u0159i stovky, ale m\u016f\u017eete zm\u00ednit obecn\u011b. Jac\u00ed v\u00fdtvarn\u00edci, n\u011bkte\u0159\u00ed mo\u017en\u00e1 opakovan\u011b sv\u00e1 d\u00edla do aukce.<\/p>\n\n\n\n<p> <strong>mluv\u010d\u00ed 13,<\/strong> Darovali auk\u010dn\u00ed salony. Konta bari\u00e9ry si za t\u011bch 30 let, co je nadace po\u0159\u00e1d\u00e1, z\u00edskali skv\u011bl\u00e9 jm\u00e9no a presti\u017e nejenom mezi um\u011blci, ale samoz\u0159ejm\u011b i kupci. Tak\u017ee my se m\u016f\u017eeme v tom nejlep\u0161\u00edm slova smyslu pochlubit spoluprac\u00ed s p\u0159edn\u00edmi sou\u010dasn\u00fdmi v\u00fdtvarn\u00edky nap\u0159\u00ed\u010d v\u0161emi generacemi. A m\u00e1te pravdu, \u017ee \u0159ada z v\u00fdtvarn\u00edk\u016f skute\u010dn\u011b daruje kontu bari\u00e9ry sv\u00e1 d\u00edla opakovan\u011b, mezi ty pravideln\u00e9 podporovatele pat\u0159\u00ed nap\u0159\u00edklad Ji\u0159\u00ed Andrle, Blanka Adensamov\u00e1, Tom\u00e1\u0161 B\u00edm, Stanislav Divi\u0161, Iva Hittnerov\u00e1, Michael Rittstein, Ji\u0159\u00ed Sozansk\u00fd nebo t\u0159eba Kamila \u017denat\u00e1. Takhle bych mohla pokra\u010dovat dlouho, ale mysl\u00edm, \u017ee na to by ten \u010das se u v\u00e1s rozhodn\u011b nesta\u010dil. <\/p>\n\n\n\n<p><strong>mluv\u010d\u00ed 5,<\/strong> Tohle sta\u010dilo. A jsou to teda jm\u00e9na, to se mus\u00ed nechat. Charitativn\u00ed aukce, konta bari\u00e9ry. Jak u\u017e zazn\u011blo, p\u0159isp\u011bje na stipendia pro studenty s handicapem. M\u011bla byste alespo\u0148 jeden n\u011bjak\u00fd. p\u0159\u00edklad, kdy u\u017e pen\u00edze z aukce pomohly a kde by mohly t\u0159eba pom\u00e1hat? Letos.<\/p>\n\n\n\n<p> <strong>mluv\u010d\u00ed 13,<\/strong> Ur\u010dit\u011b. Dosavadn\u00edch 16 ro\u010dn\u00edk\u016f vyneslo neuv\u011b\u0159iteln\u00fdch v\u00edc ne\u017e 73 000 000 K\u010d. A nadace d\u00edky nim vlastn\u011b pravideln\u011b Ka\u017edoro\u010dn\u011b tak m\u016f\u017ee podporovat handicapovan\u00e9 studenty a jsou jich vlastn\u011b u\u017e stovky. Jenom v tomhle \u0161koln\u00edm \u010di akademick\u00e9m roce studuje s podporou konta bari\u00e9ry 76 mlad\u00fdch lid\u00ed, jsou to jak st\u0159edo\u0161kol\u00e1ci, tak i vysoko\u0161kol\u00e1ci s r\u016fzn\u00fdm typem zdravotn\u00edho znev\u00fdhodn\u011bn\u00ed, tak\u017ee jsou mezi nimi lid\u00e9 na voz\u00ed\u010dku, jako je t\u0159eba st\u0159edo\u0161kola\u010dka Bo\u017eena, kter\u00e1 m\u00e1 spin\u00e1ln\u00ed svalovou atrofii, je na elektrick\u00e9m voz\u00edku. A my vlastn\u011b d\u00edky v\u00fdnos\u016fm z auk\u010dn\u00edch salon\u016f j\u00ed podporujeme a plat\u00edme j\u00ed osobn\u00ed asistence tak, aby se mohla pod\u00edvat do p\u0159\u00edrody i se sv\u00fdmi p\u0159\u00e1teli a se \u0161kolou, kter\u00e1 je tak specificky zam\u011b\u0159en\u00e1, \u017ee po\u0159\u00e1d\u00e1 opravdu hodn\u011b akc\u00ed p\u0159\u00edmo v p\u0159\u00edrod\u011b nebo mimo are\u00e1l \u0161koly, pak sama studuje t\u0159eba nevidom\u00e1 studentka germanistiky Debora, kter\u00e1 je na vysok\u00e9 \u0161kole. No, a mezi stipendisty m\u00e1me taky \u00fasp\u011b\u0161n\u00e9 sportovce, t\u0159eba paraplavkyni Ag\u00e1tu Koupilovou, kter\u00e1 vedle \u00fa\u010dasti na paralympi\u00e1d\u011b v Pa\u0159\u00ed\u017ei t\u0159eba st\u00edh\u00e1 je\u0161t\u011b studovat pr\u00e1va. Tak\u017ee t\u011bch lid\u00ed opravdu hodn\u011b. <\/p>\n\n\n\n<p><strong>mluv\u010d\u00ed 5,<\/strong> Op\u011bt byste mohla mluvit dlouho a op\u011bt to je dob\u0159e, tak charitativn\u00ed aukce se kon\u00e1, jak jsem \u0159\u00edkal, 7. prosince. Je to online, tak pro ty, kte\u0159\u00ed je\u0161t\u011b nic t\u0159eba nedra\u017eili a te\u010f jste je nal\u00e1kala v dobr\u00e9m slova smyslu, jak to bude konkr\u00e9tn\u011b prob\u00edh\u00e1. <strong>mluv\u010d\u00ed 13,<\/strong> Auk\u010dn\u00ed s\u00e1l je, pom\u00e1h\u00e1 nadaci a bez n\u00e1roku na honor\u00e1\u0159 organizovat. Skv\u011bl\u00e1 galerie Kodl, tak\u017ee aukce, online aukce prob\u011bhne na jej\u00edm port\u00e1lu, kter\u00fd se jmenuje arts limit com, a i kdy\u017e se ta samotn\u00e1 dra\u017eba vlastn\u011b rozb\u011bhne a\u017e toho zmi\u0148ovan\u00e9ho 7. prosince ve 13 hodin, tak zapojit se mo\u017en\u00e9 a vlastn\u011b i nutn\u00e9 u\u017e te\u010f, proto\u017ee na port\u00e1l Arts limit com je t\u0159eba se p\u0159edem zaregistrovat, no, s t\u00edm vytvo\u0159en\u00fdm \u00fa\u010dtem vy pak m\u016f\u017eete a\u017e do ostr\u00e9ho startu aukce zad\u00e1vat k jednotliv\u00fdm d\u00edl\u016fm, kter\u00e1 se v\u00e1m l\u00edb\u00ed, tzv limitace, podle kter\u00fdch pak po\u010d\u00edta\u010d vlastn\u011b dra\u017e\u00ed za v\u00e1s, anebo samoz\u0159ejm\u011b m\u016f\u017eete na jednotliv\u00e1 d\u00edla p\u0159ihazovat a\u017e p\u0159\u00edmo k dra\u017eb\u011b. V tom re\u00e1ln\u00e9m \u010dase, to znamen\u00e1 7. prosince od 13 hodin, ur\u010dit\u011b nen\u00ed \u010deho se ob\u00e1vat. J\u00e1 jsem si t\u00edm sama pro\u0161la poprv\u00e9 p\u0159ed dv\u011bma lety. Na ARC limit com je podrobn\u00fd n\u00e1vod. A kdyby p\u0159ece jenom n\u011bkdo pot\u0159eboval s dra\u017ebou pomoc, tak se m\u016f\u017ee s d\u016fv\u011brou obr\u00e1tit na kohokoliv u n\u00e1s nadace a my mu s t\u00edm r\u00e1di pom\u016f\u017eeme. <\/p>\n\n\n\n<p><strong>mluv\u010d\u00ed 5,<\/strong> Dobr\u00fd zpr\u00e1v nen\u00ed nikdy dost. A u\u017e sedmn\u00e1ct\u00fd auk\u010dn\u00ed salon v\u00fdtvarn\u00edk\u016f, kter\u00fd po\u0159\u00e1d\u00e1 Konto Bari\u00e9ry Nadace Charty 77, n\u00e1s pozvala \u0159editelka nadace Jolana Vold\u00e1nov\u00e1. Moc d\u011bkujeme. T\u011bch 73 000 000 jste, mysl\u00edm, \u0159\u00edkala, a\u0165 se to zvedne letos, a to po\u0159\u00e1dn\u011b. <strong>mluv\u010d\u00ed 13,<\/strong> Tak u\u017e to douf\u00e1me. D\u00edky moc. <strong>mluv\u010d\u00ed 5,<\/strong> D\u00edky, na sly\u0161enou. <\/p>\n\n\n\n<p><strong>mluv\u010d\u00ed 13,<\/strong> D\u00edky za pozv\u00e1n\u00ed, na shledanou. <strong>mluv\u010d\u00ed 2,<\/strong> Pozv\u011bte n\u00e1s k v\u00e1m. <strong>mluv\u010d\u00ed 3,<\/strong> Od pond\u011bl\u00ed. <strong>mluv\u010d\u00ed 2,<\/strong> Bl\u00edzk\u00e1 setk\u00e1n\u00ed Terezy Kostkov\u00e9. <\/p>\n\n\n\n<p><strong>mluv\u010d\u00ed 14,<\/strong> Odborn\u00edk na um\u011blou inteligenci Filip B\u0159\u00edmalka bude m\u00fdm hostem. Je AI v budoucnosti nevyhnuteln\u00e1? Co hlasy oz\u00fdvaj\u00edc\u00ed se proti v r\u00e1mci ekologie a nebezpe\u010dn\u00e9 rychlosti v\u00fdvoje je fanou\u0161kem z p\u0159esv\u011bd\u010den\u00ed nebo z nezbytnosti. O um\u011bl\u00e9 inteligenci si budu pov\u00eddat s odborn\u00edkem na AI Filipem D\u0159\u00edmalkou.<\/p>\n\n\n\n<p> <strong>mluv\u010d\u00ed 2,<\/strong> Bl\u00edzk\u00e1 setk\u00e1n\u00ed Terezy Kostkov\u00e9. <strong>mluv\u010d\u00ed 3,<\/strong> Z\u00edtra po jeden\u00e1ct\u00e9 hodin\u011b na Dvojce. <\/p>\n\n\n\n<p><strong>mluv\u010d\u00ed 7,<\/strong> Ikonick\u00e1 Hl\u00e1vka zel\u00ed tu jeden z nejvz\u00e1cn\u011bj\u0161\u00edch poklad\u016f \u010d\u00ednsk\u00e9ho um\u011bn\u00ed, poprv\u00e9 v Evrop\u011b, v\u00fdstava 100 poklad\u016f, 100 p\u0159\u00edb\u011bh\u016f p\u0159edstavuje klenoty sb\u00edrek \u010d\u00ednsk\u00fdch c\u00edsa\u0159\u016f, nefritov\u00e9 plastiky, vz\u00e1cn\u00e9 svitky i kaligrafie, dechberouc\u00ed multimedi\u00e1ln\u00ed z\u00e1\u017eitky. Mimo\u0159\u00e1dn\u00fd v\u00fdstavn\u00ed projekt. Jen do konce roku v historick\u00e9 budov\u011b N\u00e1rodn\u00edho muzea. V\u00edce na www.nm.cz. Hlavn\u00edm medi\u00e1ln\u00edm partnerem je \u010cesk\u00fd rozhlas.<\/p>\n\n\n\n<p>Hl\u00e1vka zel\u00ed s kobylkou a saran\u010detem je jeden z\u00a0nejobdivovan\u011bj\u0161\u00edch poklad\u016f N\u00e1rodn\u00edho pal\u00e1cov\u00e9ho muzea v Tchaj-peji, kter\u00fd je svou popularitou srovnateln\u00fd s\u00a0Monou Lisou v\u00a0pa\u0159\u00ed\u017esk\u00e9m Louvru. Tato dvaceticentimetrov\u00e1 hl\u00e1vka, ji\u017e autor vy\u0159ezal z\u00a0jednoho kusu p\u0159irozen\u011b dvojbarevn\u00e9ho jadeitu \u2013 smaragdov\u011b zelen\u00e9ho a \u0161edav\u011b b\u00edl\u00e9ho \u2013, je v\u00a0Evrop\u011b vystavena v\u016fbec poprv\u00e9.<\/p>\n","protected":false},"excerpt":{"rendered":"<div class=\"mh-excerpt\"><p>\u010cRo Dvojka Pomoc m\u00e1 mnoho styl\u016f, to je motto u\u017e sedmn\u00e1ct\u00e9ho auk\u010dn\u00edho salonu v\u00fdtvarn\u00edk\u016f, kter\u00fd po\u0159\u00e1d\u00e1 Konto Bari\u00e9ry Nadace Charty 77. Na nov\u00e9 majitele \u010dek\u00e1 <a class=\"mh-excerpt-more\" href=\"https:\/\/www.invarena.cz\/?p=62057\" title=\"V\u00fdtvarn\u00edc\u00ed prod\u00e1vaj\u00ed sv\u00e1 d\u00edla v dobro\u010dinn\u00fdch aukc\u00edch\">[&#8230;]<\/a><\/p>\n<\/div>","protected":false},"author":1,"featured_media":62059,"comment_status":"open","ping_status":"closed","sticky":false,"template":"","format":"standard","meta":{"footnotes":""},"categories":[9],"tags":[],"class_list":["post-62057","post","type-post","status-publish","format-standard","has-post-thumbnail","hentry","category-zpravy"],"_links":{"self":[{"href":"https:\/\/www.invarena.cz\/index.php?rest_route=\/wp\/v2\/posts\/62057","targetHints":{"allow":["GET"]}}],"collection":[{"href":"https:\/\/www.invarena.cz\/index.php?rest_route=\/wp\/v2\/posts"}],"about":[{"href":"https:\/\/www.invarena.cz\/index.php?rest_route=\/wp\/v2\/types\/post"}],"author":[{"embeddable":true,"href":"https:\/\/www.invarena.cz\/index.php?rest_route=\/wp\/v2\/users\/1"}],"replies":[{"embeddable":true,"href":"https:\/\/www.invarena.cz\/index.php?rest_route=%2Fwp%2Fv2%2Fcomments&post=62057"}],"version-history":[{"count":0,"href":"https:\/\/www.invarena.cz\/index.php?rest_route=\/wp\/v2\/posts\/62057\/revisions"}],"wp:featuredmedia":[{"embeddable":true,"href":"https:\/\/www.invarena.cz\/index.php?rest_route=\/wp\/v2\/media\/62059"}],"wp:attachment":[{"href":"https:\/\/www.invarena.cz\/index.php?rest_route=%2Fwp%2Fv2%2Fmedia&parent=62057"}],"wp:term":[{"taxonomy":"category","embeddable":true,"href":"https:\/\/www.invarena.cz\/index.php?rest_route=%2Fwp%2Fv2%2Fcategories&post=62057"},{"taxonomy":"post_tag","embeddable":true,"href":"https:\/\/www.invarena.cz\/index.php?rest_route=%2Fwp%2Fv2%2Ftags&post=62057"}],"curies":[{"name":"wp","href":"https:\/\/api.w.org\/{rel}","templated":true}]}}