{"id":62101,"date":"2025-12-01T12:28:54","date_gmt":"2025-12-01T11:28:54","guid":{"rendered":"https:\/\/www.invarena.cz\/?p=62101"},"modified":"2025-12-01T12:32:00","modified_gmt":"2025-12-01T11:32:00","slug":"62101","status":"publish","type":"post","link":"https:\/\/www.invarena.cz\/?p=62101","title":{"rendered":"Je n\u00e1\u0161 syst\u00e9m p\u0159ipraven\u00fd na to, \u017ee v roce 2050 tu bude \u017e\u00edt o milion senior\u016f v\u00edc?"},"content":{"rendered":"\n<p>\u010cRo Plus<\/p>\n\n\n\n<p>Va\u0161e st\u00e1\u0159\u00ed a um\u00edr\u00e1n\u00ed bude takov\u00e9, jak\u00e9 m\u00e1te vztahy s rodinou. \u0158\u00edk\u00e1 m\u016fj dne\u0161n\u00ed host Simona Bagarov\u00e1, zakladatelka neziskov\u00e9 organizace Mila, kter\u00e1 se sna\u017e\u00ed, aby se c\u00edtili dob\u0159e nejen senio\u0159i, ale i ti, kte\u0159\u00ed o n\u011b pe\u010duj\u00ed. Co je z\u00e1kladem p\u00e9\u010de o druh\u00e9? Jak vypad\u00e1 obvykl\u00e9 st\u00e1\u0159\u00ed v \u010cesku? A je n\u00e1\u0161 syst\u00e9m p\u0159ipraven\u00fd na to, \u017ee v roce 2050 tu bude \u017e\u00edt o milion senior\u016f v\u00edc.<\/p>\n\n\n\n<p>Tu\u0161\u00edte, jak bude vypadat va\u0161e st\u00e1\u0159\u00ed a um\u00edr\u00e1n\u00ed? Jin\u00fdmi slovy, jak\u00e9 m\u00e1te vztahy s rodinou?<\/p>\n\n\n\n<p>mluv\u010d\u00ed 5,<\/p>\n\n\n\n<p>No, d\u00edky svoj\u00ed pr\u00e1ci jsem byla v uvozovk\u00e1ch donucena se o svoje vztahy za\u010d\u00edt opravdu starat a douf\u00e1m, \u017ee se mi to vr\u00e1t\u00ed v, podob\u011b st\u00e1\u0159\u00ed napln\u011bn\u00e9ho sam\u00fdmi p\u0159\u00edjemn\u00fdmi lidmi a dobrou p\u00e9\u010d\u00ed.<\/p>\n\n\n\n<p>00:02:41<\/p>\n\n\n\n<p>mluv\u010d\u00ed 3,<\/p>\n\n\n\n<p>Jak si svoje seniorsk\u00e9 obdob\u00ed p\u0159edstavujete?<\/p>\n\n\n\n<p>00:02:45<\/p>\n\n\n\n<p>mluv\u010d\u00ed 5,<\/p>\n\n\n\n<p>V\u016fbec neodva\u017euju si to p\u0159edstavovat, proto\u017ee jsem p\u0159i sv\u00e9 pr\u00e1ci i p\u0159i sv\u00e9 dobrovolnick\u00fd pr\u00e1ci za\u017eila takov\u00fdch p\u0159\u00edb\u011bh\u016f, kde o\u010dek\u00e1v\u00e1n\u00ed byly tak odli\u0161n\u00fd od t\u00fd reality, \u017ee nezb\u00fdv\u00e1, ne\u017e si p\u0159\u00e1t, abych se do\u017eila vysok\u00fdho v\u011bku v co nejlep\u0161\u00ed fyzick\u00fd a du\u0161evn\u00ed kondice, tak se o to sna\u017e\u00edm p\u0159isp\u00edvat tomu n\u011bjak\u00fdm \u017eivotn\u00edm stylem.<\/p>\n\n\n\n<p>00:03:04<\/p>\n\n\n\n<p>mluv\u010d\u00ed 3,<\/p>\n\n\n\n<p>A kdy st\u00e1\u0159\u00ed za\u010d\u00edn\u00e1?<\/p>\n\n\n\n<p>00:03:06<\/p>\n\n\n\n<p>mluv\u010d\u00ed 5,<\/p>\n\n\n\n<p>No, j\u00e1 bych \u0159ekla, \u017ee st\u00e1\u0159\u00ed se n\u00e1s za\u010d\u00edn\u00e1 t\u00fdkat vlastn\u011b hned, jak se narod\u00edme, proto\u017ee st\u00e1\u0159\u00ed je prost\u011b sou\u010d\u00e1st \u017eivota, a to, jak \u017eijeme, tak takov\u00e9 st\u00e1\u0159\u00ed budeme m\u00edt to, jak se star\u00e1me o sebe, o sv\u00e9 vztahy a n\u011bjak\u00e1 investice do budoucna. Tak nedok\u00e1\u017eu \u0159\u00edct jinou hranici ne\u017e to, kdy se narod\u00edme, tak za\u010d\u00edn\u00e1me st\u00e1rnout.<\/p>\n\n\n\n<p>00:03:27<\/p>\n\n\n\n<p>mluv\u010d\u00ed 3,<\/p>\n\n\n\n<p>A kdy a jak bychom se na st\u00e1\u0159\u00ed m\u011bli za\u010d\u00edt p\u0159ipravovat taky hned odmali\u010dka.<\/p>\n\n\n\n<p>00:03:32<\/p>\n\n\n\n<p>mluv\u010d\u00ed 5,<\/p>\n\n\n\n<p>Tak odmali\u010dka si mysl\u00edm, \u017ee vlastn\u011b jo, ale tam je to sp\u00ed\u0161 v\u00e1zan\u00fd na to, jak se o n\u00e1s staraj\u00ed rodi\u010de, jak\u00fd vzory vid\u00edme ve svoj\u00ed rodin\u011b, jak se na\u0161i bl\u00edzc\u00ed staraj\u00ed o svoje rodi\u010de, o svoje kamar\u00e1dy, to je n\u011bjak\u00fd z\u00e1klad, kter\u00fd se potom bereme do dosp\u011blosti a kter\u00fd potom jsme schopni opakovat, tak\u017ee v tomhle smyslu ur\u010dit\u011b.<\/p>\n\n\n\n<p>00:03:50<\/p>\n\n\n\n<p>mluv\u010d\u00ed 3,<\/p>\n\n\n\n<p>D\u00e1 se st\u00e1\u0159\u00ed odsouvat.<\/p>\n\n\n\n<p>00:03:54<\/p>\n\n\n\n<p>mluv\u010d\u00ed 5,<\/p>\n\n\n\n<p>No, j\u00e1 mysl\u00edm, \u017ee d\u00e1, ale taky si mysl\u00edm, \u017ee n\u00e1s v\u017edycky dob\u011bhne a dob\u011bhne n\u00e1s, nejpozd\u011bji, kdy\u017e skon\u010d\u00edme nemohouc\u00ed na n\u011bjak\u00fd posteli v nemocnici, v domov\u011b senior\u016f, v l\u00e9\u010debn\u011b dlouhodob\u011b nemocn\u00fdch. A to je pro m\u011b \u00fapln\u011b nejsmutn\u011bj\u0161\u00ed p\u0159edstava, kdy\u017e \u010dlov\u011bku nezbyde nic ne\u017e ta postel a pocit, \u017ee n\u011bco nezvl\u00e1dnul nebo promarnil nebo dostate\u010dn\u011b nepro\u017eil, tak to je podle m\u011b nejhor\u0161\u00ed mo\u017en\u00fd konec, kterej \u010dlov\u011bk m\u016f\u017ee m\u00edt.<\/p>\n\n\n\n<p>00:04:19<\/p>\n\n\n\n<p>mluv\u010d\u00ed 3,<\/p>\n\n\n\n<p>A to je i na tom st\u00e1\u0159\u00ed to nejhor\u0161\u00ed, nebo je tam je\u0161t\u011b n\u011bco hor\u0161\u00edho?<\/p>\n\n\n\n<p>00:04:24<\/p>\n\n\n\n<p>mluv\u010d\u00ed 5,<\/p>\n\n\n\n<p>Pro m\u011b je to ur\u010dit\u011b tahle p\u0159edstava toho, \u017ee jsem n\u011bco promarnila, \u017ee jsem se n\u011b\u010deho b\u00e1la zbyte\u010dn\u011b, \u017ee jsem nem\u011bla odvahu na n\u011bjak\u00fd v\u011bci. A je tam ur\u010dit\u011b nej\u010dast\u011bj\u0161\u00ed nebo velmi \u010dast\u00fd pocit obavy z n\u011bjak\u00fd nesob\u011bsta\u010dnosti, z toho, \u017ee se o m\u011b bude muset n\u011bkdo starat a samoz\u0159ejm\u011b t\u0159eba z nemoc\u00ed jako Alzheimerova nemoc, kdy \u010dlov\u011bk p\u0159ich\u00e1z\u00ed o pam\u011b\u0165, n\u011bjak\u00fd sv\u00e9 kognitivn\u00ed schopnosti a vlastn\u011b p\u0159est\u00e1v\u00e1 v\u016fbec b\u00fdt t\u00edm, k\u00fdm byl, tak to podle m\u011b d\u011bs\u00ed \u00fapln\u011b ka\u017ed\u00e9ho \u010dlov\u011bka, kter\u00fd ho zn\u00e1m.<\/p>\n\n\n\n<p>00:04:57<\/p>\n\n\n\n<p>mluv\u010d\u00ed 3,<\/p>\n\n\n\n<p>Spousta senior\u016f \u0159\u00edk\u00e1, \u017ee st\u00e1\u0159\u00ed stoj\u00ed za houby, je na n\u011bm taky n\u011bco hezk\u00e9ho, je na co se t\u011b\u0161it, anebo jak se \u0159\u00edk\u00e1, l\u00e9pe u\u017e bylo.<\/p>\n\n\n\n<p>00:05:10<\/p>\n\n\n\n<p>mluv\u010d\u00ed 5,<\/p>\n\n\n\n<p>J\u00e1 mysl\u00edm, \u017ee to hodn\u011b z\u00e1le\u017e\u00ed na povaze, na tom, jakej \u010dlov\u011bk je a ono ta povaha se \u00fapln\u011b nem\u011bn\u00ed, tak\u017ee pokud jsem cel\u00fd \u017eivot byla zvykl\u00e1 p\u0159istupovat k tomu, co m\u011b potk\u00e1v\u00e1 s n\u011bjakou otev\u0159enost\u00ed a byla jsem t\u0159eba optimisticky nalad\u011bn\u00e1, tak pravd\u011bpodobn\u011b budu m\u00edt tendenci d\u00edvat se pozitivn\u011b i na to, co p\u0159ich\u00e1z\u00ed ve st\u00e1\u0159\u00ed. A napad\u00e1 m\u011b Michal T\u0159e\u0161t\u00edk, kter\u00fd vlastn\u011b je editorem m\u00fdch kn\u00ed\u017eek a z\u00e1rove\u0148 jeden z respondent\u016f v t\u00e9 druh\u00e9 knize o p\u00e9\u010di, kterou jsem napsala. To se jmenuje Hlad\u00edm. a Michal tam m\u00e1 takovou hezkou v\u011btu, \u017ee p\u0159edpokladem dobr\u00e9ho st\u00e1\u0159\u00ed je dobr\u00e1 dosp\u011blost, \u017ee z blb\u00e9 dosp\u011blosti do dobr\u00e9ho st\u00e1\u0159\u00ed jenom t\u011b\u017eko nasko\u010d\u00edte, tak to mn\u011b p\u0159ijde hodn\u011b p\u0159esn\u00e1 definice.<\/p>\n\n\n\n<p>00:05:51<\/p>\n\n\n\n<p>mluv\u010d\u00ed 3,<\/p>\n\n\n\n<p>St\u00e1\u0159\u00ed \u010dek\u00e1 v\u011bt\u0161inu z n\u00e1s. Dok\u00e1\u017eeme se na n\u011bj napojit, vn\u00edmat, co v\u0161echno obn\u00e1\u0161\u00ed nebo o tom rad\u0161i moc nemluv\u00edme.<\/p>\n\n\n\n<p>00:05:59<\/p>\n\n\n\n<p>mluv\u010d\u00ed 5,<\/p>\n\n\n\n<p>No, j\u00e1 t\u00edm, \u017ee se tomu t\u00e9matu v\u011bnuju profesn\u011b a sna\u017e\u00edm se neust\u00e1le to t\u00e9ma zvedat a dost\u00e1vat ho do pov\u011bdom\u00ed lid\u00ed, tak m\u00e1m pocit, \u017ee mu v\u011bnujeme hodn\u011b malou pozornost, \u017ee se prost\u011b boj\u00edme, \u017ee se vyh\u00fdb\u00e1me tomu, co n\u00e1s \u010dek\u00e1 a m\u00e1me k tomu \u00fapln\u011b \u00fa\u017easn\u00fd n\u00e1stroje, proto\u017ee \u017eijeme, a\u0165 to zn\u00ed mo\u017en\u00e1 jakkoliv, tak podle m\u011b v naprosto \u00fa\u017easn\u00fd zemi, ve velk\u00e9m blahobytu, kde m\u00e1me opravdu drtiv\u00e1 v\u011bt\u0161ina lid\u00ed naprosto v\u0161echno a m\u00e1me t\u00edm p\u00e1dem i mo\u017enost velmi rychle ut\u00e9ct od toho, co se n\u00e1m nel\u00edb\u00ed, tak\u017ee ve chv\u00edli, kdy na n\u00e1s padnou n\u011bjak\u00fd temn\u00fd my\u0161lenky a n\u011bco, co se t\u0159eba t\u00fdk\u00e1 st\u00e1\u0159\u00ed a um\u00edr\u00e1n\u00ed, tak si m\u016f\u017eeme velmi rychle na internetu cokoliv koupit, objednat, p\u0159e\u010d\u00edst, prost\u011b m\u00e1me tis\u00edce n\u00e1stroj\u016f denn\u011b, kter\u00fd n\u00e1s odv\u00e1d\u011bj\u00ed od t\u011bch t\u00e9mat, kter\u00fdch se boj\u00edme. A t\u00edm p\u00e1dem jim, ned\u00e1v\u00e1me prostor. No, proto\u017ee konfrontovat se s v\u011bcma, kter\u00fd jsou bolav\u00ed, se n\u00e1m zkr\u00e1tka nechce, ale mysl\u00edm si, \u017ee tomu nejde \u00fapln\u011b ut\u00e9ct.<\/p>\n\n\n\n<p>00:06:56<\/p>\n\n\n\n<p>mluv\u010d\u00ed 3,<\/p>\n\n\n\n<p>Co je z\u00e1klad d\u016fstojn\u00e9ho st\u00e1\u0159\u00ed?<\/p>\n\n\n\n<p>00:06:59<\/p>\n\n\n\n<p>mluv\u010d\u00ed 5,<\/p>\n\n\n\n<p>No, je ot\u00e1zka, co to ta d\u016fstojnost vlastn\u011b znamen\u00e1? Proto\u017ee to je slovo, kter\u00fd najdete napsan\u00fd na webu ka\u017ed\u00e9ho domova pro seniory a ka\u017ed\u00e9 pe\u010dovatelsk\u00e9 slu\u017eby a j\u00e1 vlastn\u011b nev\u00edm, jestli to dok\u00e1\u017eu definovat n\u011bjak obecn\u011b, j\u00e1 mysl\u00edm, \u017ee d\u016fstojnost je to, \u017ee se po\u0159\u00e1d c\u00edt\u00edm b\u00fdt t\u00edm, k\u00fdm jsem byla cel\u00fd \u017eivot.<\/p>\n\n\n\n<p>00:07:18<\/p>\n\n\n\n<p>mluv\u010d\u00ed 3,<\/p>\n\n\n\n<p>A \u010dlov\u011bkem asi.<\/p>\n\n\n\n<p>00:07:19<\/p>\n\n\n\n<p>mluv\u010d\u00ed 5,<\/p>\n\n\n\n<p>\u017de se c\u00edt\u00edm \u010dlov\u011bkem, \u017ee je o m\u011b pe\u010dov\u00e1no, tak, aby byly po\u0159\u00e1d napl\u0148ov\u00e1ny ty moje pot\u0159eby, aby ritu\u00e1ly, kter\u00fd jsem cel\u00fd \u017eivot m\u011bla, byly aspo\u0148 v n\u011bjak\u00e9 m\u00ed\u0159e dodr\u017eovan\u00fd, abych nec\u00edtila, \u017ee jenom p\u0159e\u017e\u00edv\u00e1m, ale \u017ee po\u0159\u00e1d je\u0161t\u011b \u017eiju.<\/p>\n\n\n\n<p>00:07:34<\/p>\n\n\n\n<p>mluv\u010d\u00ed 3,<\/p>\n\n\n\n<p>Jak vypad\u00e1 obvykl\u00e9 st\u00e1\u0159\u00ed v \u010cesku. Je to ta d\u016fstojnost, o kter\u00e9 mluv\u00edme a kterou, jak jste \u0159\u00edkala, maj\u00ed v\u0161ichni, kte\u0159\u00ed pe\u010duj\u00ed o seniory, napsan\u00e9, \u017ee to je to d\u016fstojn\u00e9 st\u00e1\u0159\u00ed na t\u011bch sv\u00fdch str\u00e1nk\u00e1ch.<\/p>\n\n\n\n<p>00:07:49<\/p>\n\n\n\n<p>mluv\u010d\u00ed 5,<\/p>\n\n\n\n<p>No, t\u011b\u017eko \u0159\u00edct, j\u00e1 to sp\u00ed\u0161 vn\u00edm\u00e1m v n\u011bjak\u00fd syst\u00e9mov\u00fd \u00farovni, kdy ze v\u0161ech mo\u017en\u00fdch studi\u00ed, v\u00fdzkumu v\u00edme, \u017ee vlastn\u011b polovina lid\u00ed chce nebo drtiv\u00e1 v\u011bt\u0161ina lid\u00ed v\u00edc ne\u017e polovina chce \u017e\u00edt ve st\u00e1\u0159\u00ed doma, do\u017e\u00edvat doma, ale ten syst\u00e9m na to \u00fapln\u011b hezky nereaguje, vlastn\u011b nevznik\u00e1 n\u011bjak\u00e1 \u00fapln\u011b dobr\u00e1 s\u00ed\u0165 slu\u017eeb ter\u00e9nn\u00edch, kter\u00fd by t\u011bm lidem umo\u017e\u0148ovaly do\u017e\u00edvat doma. Sp\u00ed\u0161 se ub\u00edr\u00e1me trendem n\u011bjak\u00e9 v\u00fdstavby domov\u016f pro seniory a podobn\u011b, tak to pro m\u011b je tro\u0161ku v rozporu s p\u0159edstavou dobr\u00e9ho st\u00e1\u0159\u00ed, t\u00edm nechci \u0159\u00edct, \u017ee domovy pro seniory jsou \u0161patn\u011b. Ur\u010dit\u011b to je pro spoustu lid\u00ed spr\u00e1vn\u00ed \u0159e\u0161en\u00ed, a\u0165 u\u017e proto, \u017ee nemaj\u00ed jinou mo\u017enost nebo necht\u011bj\u00ed b\u00fdt sami nebo to zkr\u00e1tka preferuj\u00ed, aby nezat\u011b\u017eovali sv\u00e9 bl\u00edzk\u00fd. Ur\u010dit\u011b to je jedna z mo\u017en\u00fdch cest, ale \u0159ekla bych, \u017ee dobr\u00e9 st\u00e1\u0159\u00ed v \u010cesku by znamenalo to, \u017ee ka\u017ed\u00fd \u010dlov\u011bk m\u016f\u017ee pro\u017e\u00edvat st\u00e1\u0159\u00ed tak, jak si p\u0159edstavuje, a to si nejsem jist\u00e1, jestli se d\u011bje.<\/p>\n\n\n\n<p>00:08:45<\/p>\n\n\n\n<p>mluv\u010d\u00ed 3,<\/p>\n\n\n\n<p>Tak\u017ee obvykl\u00e9 st\u00e1\u0159\u00ed v \u010cesku byste \u0159ekla, \u017ee v\u011bt\u0161inou neb\u00fdv\u00e1 d\u016fstojn\u00e9 nebo b\u00fdv\u00e1, kdy\u017e to zobecn\u00edte a tro\u0161ku to zgeneralizujete, jestli v\u011bt\u0161ina lid\u00ed pro\u017eije st\u00e1\u0159\u00ed tak, jak si p\u0159edstavuje, tak, jak by mohla nebo ne.<\/p>\n\n\n\n<p>00:09:01<\/p>\n\n\n\n<p>mluv\u010d\u00ed 5,<\/p>\n\n\n\n<p>No, sp\u00ed\u0161 bych \u0159ekla, \u017ee asi ne, ale mo\u017en\u00e1 je to dan\u00fd i t\u00edm, \u017ee asi hodn\u011b pamatuju takov\u00fd n\u00e1ro\u010dn\u00fd p\u0159\u00edb\u011bhy, se kter\u00fdma se potk\u00e1v\u00e1m, a\u0165 u\u017e to jsou lidi, kter\u00fdm t\u0159eba v d\u016fsledku p\u00e9\u010de o sv\u00e9ho partnera prost\u011b nejsou schopni tu p\u00e9\u010di zvl\u00e1dat a dost\u00e1vaj\u00ed se na hranu sv\u00fdch sil nebo to jsou te\u010fka za mnou. Ned\u00e1vno byla pan\u00ed, kter\u00e1 po t\u0159ech letech m\u011bla voln\u00e9 dopoledne, proto\u017ee se star\u00e1 o man\u017eela ve t\u0159et\u00edm stupni demence. A nav\u00edc jsou ze Slovenska, tak\u017ee nemaj\u00ed ani n\u011bjakej n\u00e1rok na p\u0159\u00edsp\u011bvek na p\u00e9\u010di a podobn\u00fd v\u011bci. Tak\u017ee m\u011b napad\u00e1 spousta p\u0159\u00edb\u011bh\u016f, kter\u00fd jsou velmi ned\u016fstojn\u00fd p\u0159\u00edb\u011bh\u016f, kter\u00fd zejm\u00e9na mimo ty velk\u00fd m\u011bsta jsou \u010dasto spojeni s pocitem velk\u00fd osam\u011blosti a neschopnosti dos\u00e1hnout na dostate\u010dnou slu\u017ebu, kter\u00e1 mi v tom pom\u016f\u017ee. No, samoz\u0159ejm\u011b Praha a velk\u00fd m\u011bsta jsou na tom podstatn\u011b l\u00edp.<\/p>\n\n\n\n<p>00:09:49<\/p>\n\n\n\n<p>mluv\u010d\u00ed 3,<\/p>\n\n\n\n<p>Na\u0161e st\u00e1\u0159\u00ed bude podle v\u00e1s vypadat tak, jak vypadaj\u00ed vztahy v rodin\u011b? Ta jsme \u0159\u00edkali na za\u010d\u00e1tku. Pr\u016fzkum, kter\u00fd jste si v Mile nechali ud\u011blat letos v kv\u011btnu, uk\u00e1zal, \u017ee 65 % lid\u00ed p\u0159es 45 let m\u00e1 se sv\u00fdmi rodi\u010di problematick\u00e9 vztahy a mnoz\u00ed z nich ani nev\u011b\u0159\u00ed, \u017ee se to zlep\u0161\u00ed. Jak\u00e9 pro to m\u00e1te vysv\u011btlen\u00ed.<\/p>\n\n\n\n<p>00:10:08<\/p>\n\n\n\n<p>mluv\u010d\u00ed 5,<\/p>\n\n\n\n<p>No, m\u011b to \u0161okovalo ty v\u00fdsledky, proto\u017ee p\u0159ekvapilo m\u011b zejm\u00e9na to, \u017ee se 40 % lid\u00ed mysl\u00ed, \u017ee s t\u00edm nem\u016f\u017ee v\u016fbec nic d\u011blat a vlastn\u011b by m\u011b zaj\u00edmalo, kdo si mysl\u00ed, \u017ee s t\u00edm m\u016f\u017ee n\u011bco d\u011blat, proto\u017ee ty vztahy m\u00e1me v rukou jenom my sami a je to jenom na n\u00e1s, jestli se rozhodneme jim v\u011bnovat nebo ne. A mysl\u00edm, \u017ee to vysv\u011btlen\u00ed a spojen\u00fd s t\u00edm, co jsem u\u017e nazna\u010dovala, \u017ee si v t\u00fd z\u00e1plav\u011b informac\u00ed a mo\u017enost\u00ed, kter\u00fd m\u00e1me, nejsme schopn\u00fd uv\u011bdomovat, \u017ee je tady \u0159ada t\u00e9mat \u00fapln\u011b p\u0159irozen\u00fdch, kter\u00fd zkr\u00e1tka pat\u0159\u00ed do toho \u017eivota a \u017ee ten \u017eivot je spojenej i s t\u00edm, \u017ee se konfrontuj\u00ed s v\u011bcma, kter\u00fdmi nevyhovujou a jsem nucen\u00e1 je \u0159e\u0161it. A t\u00edm, jak to t\u00e9ma nen\u00ed tolik v m\u00e9di\u00edch, tolik se o n\u011bm nemluv\u00ed, \u010dasto ho v novin\u00e1ch, v televizi zaznamen\u00e1me. Ve chv\u00edli, kdy se stane n\u011bjak\u00e1 katastrofa, n\u011bjak\u00fd probl\u00e9m, n\u011bjak\u00fd pr\u016f\u0161vih, tak to se o tom samoz\u0159ejm\u011b p\u00ed\u0161e, o r\u016fzn\u00fdch kauz\u00e1ch, ale \u017ee bysme na n\u011bjak\u00fd denn\u00ed b\u00e1zi byli informovan\u00ed o t\u00e9matech st\u00e1\u0159\u00ed nebo \u017ee by lid\u00e9 ve vysok\u00e9m v\u011bku byli t\u0159eba vyz\u00fdvan\u00ed k tomu, aby projevovali svoje n\u00e1zor na r\u016fzn\u00fd t\u00e9mata, to se zas tak \u010dasto nest\u00e1v\u00e1, tak\u017ee my to tak podv\u011bdom\u011b odsouv\u00e1me a t\u00edm p\u00e1dem odsouv\u00e1me i ty t\u00e9mata, kter\u00fd s t\u00edm p\u0159irozen\u011b souvis\u00ed a nechceme v rodin\u011b i ty vztahy. No.<\/p>\n\n\n\n<p>00:11:22<\/p>\n\n\n\n<p>mluv\u010d\u00ed 3,<\/p>\n\n\n\n<p>Vy p\u00ed\u0161ete na str\u00e1nk\u00e1ch, \u017ee v roce 50 bude v \u010cesku podle demografick\u00fdch odhad\u016f o milion senior\u016f v\u00edc a a\u017e trojn\u00e1sobn\u011b by m\u011bl vzr\u016fst po\u010det lid\u00ed trp\u00edc\u00edch demenc\u00ed. M\u00e1me \u0161anci to zvl\u00e1dnout. Nebo u\u017e je pozd\u011b.<\/p>\n\n\n\n<p>00:11:36<\/p>\n\n\n\n<p>mluv\u010d\u00ed 5,<\/p>\n\n\n\n<p>No, mn\u011b p\u0159ijde, \u017ee tro\u0161ku p\u011bt minut po dvan\u00e1ct\u00fd. Tady ty \u010d\u00edsla Mila existuje. Te\u010f je to sedm let a sedm let po\u0159\u00e1d dokola. To nejenom my, ale spousta dal\u0161\u00edch organizac\u00ed a lid\u00ed v oboru opakuje a ten \u010desk\u00fd syst\u00e9m na to zkr\u00e1tka n\u011bjak extr\u00e9mn\u011b nereaguje, v\u016fbec nereaguje na to, \u017ee u\u017e te\u010fka chyb\u00ed n\u011bjak\u00fd 3000 pracovn\u00edk\u016f v soci\u00e1ln\u00edch slu\u017eb\u00e1ch, neexistuje vlastn\u011b \u017e\u00e1dn\u00e1 aktivn\u00ed snaha dostat lidi do toho oboru, zlep\u0161it pro n\u011b pracovn\u00ed podm\u00ednky, tak\u017ee nejenom, \u017ee nebudeme m\u00edt dostatek t\u011bch slu\u017eeb, ale ani dostatek lid\u00ed, kter\u00fd by se o ty pot\u0159ebn\u00fd starali.<\/p>\n\n\n\n<p>00:12:09<\/p>\n\n\n\n<p>mluv\u010d\u00ed 3,<\/p>\n\n\n\n<p>Co budeme d\u011blat.<\/p>\n\n\n\n<p>00:12:10<\/p>\n\n\n\n<p>mluv\u010d\u00ed 5,<\/p>\n\n\n\n<p>To j\u00e1 nev\u00edm. J\u00e1 jsem \u0159\u00edkala, \u017ee mo\u017en\u00e1 za\u010dnu d\u011blat n\u011bco jin\u00e9ho, \u017ee u\u017e budu tak vy\u010derpan\u00e1, \u017ee t\u00edm neust\u00e1l\u00fdm opakov\u00e1n\u00edm je to hrozn\u011b frustruj\u00edc\u00ed, mus\u00edm \u0159\u00edct, no, a je to samoz\u0159ejm\u011b dan\u00fd i t\u00edm, \u017ee to t\u00e9ma vy\u017eaduje dlouhodob\u00fd \u0159e\u0161en\u00ed a to dlouhodob\u00fd \u0159e\u0161en\u00ed zkr\u00e1tka bude trvat nastolit d\u00e9le ne\u017e ty \u010dty\u0159i roky. Co je v\u017edycky volebn\u00ed obdob\u00ed, volebn\u00ed obdob\u00ed, t\u00edm p\u00e1dem ty politici se do t\u011bch t\u00e9mat extra nehrnou, proto\u017ee v\u011bd\u00ed, \u017ee za ty \u010dty\u0159i roky to nestihnou vy\u0159e\u0161it, tak\u017ee se to neust\u00e1le odsouv\u00e1, odsouv\u00e1 a.<\/p>\n\n\n\n<p>00:12:42<\/p>\n\n\n\n<p>mluv\u010d\u00ed 3,<\/p>\n\n\n\n<p>Nen\u00ed to n\u011bco, co by bylo vid\u011bt hned.<\/p>\n\n\n\n<p>00:12:44<\/p>\n\n\n\n<p>mluv\u010d\u00ed 5,<\/p>\n\n\n\n<p>Nen\u00ed to n\u011bco, co by bylo vid\u011bt hned. Te\u010f se teda objevuj\u00ed takov\u00fd tendence podporovat v\u00fdstavbu r\u016fzn\u00fdch soukrom\u00fdch domov\u016f pro seniory. \u00dapln\u011b m\u011b to net\u011b\u0161\u00ed, abych pravdu \u0159ekla, pro\u010d ne. Mysl\u00edm si, \u017ee ten kl\u00ed\u010d nen\u00ed v tom postavit domy, ale taky uv\u011bdomit si, \u017ee v nich pracujou n\u011bjak\u00fd lidi a nev\u00edm, kde ti soukrom\u00ed investo\u0159i cht\u011bj\u00ed ty lidi br\u00e1t a mysl\u00edm si, \u017ee to \u0159e\u0161en\u00ed, mus\u00ed b\u00fdt komplexn\u00ed a krom\u011b t\u011bch domov\u016f mus\u00ed vznikat i n\u011bjak\u00e1 ter\u00e9nn\u00ed sv\u011bt sv\u00fdch slu\u017eeb, kter\u00e1 t\u011bm lidem umo\u017en\u00ed z\u016fstat doma, n\u011bjak\u00e1 podpora lid\u00ed, kter\u00fd pracujou, aby zvl\u00e1dali p\u00e9\u010di o svoje bl\u00edzk\u00fd, mus\u00ed to b\u00fdt zkr\u00e1tka komplexn\u00ed syst\u00e9m a ur\u010dit\u011b nesta\u010d\u00ed postavit bar\u00e1ky a myslet si, \u017ee m\u00e1me vy\u0159e\u0161eno, by\u0165 to vypad\u00e1 hrozn\u011b hezky, proto\u017ee to je ta hmatateln\u00e1 v\u011bc, kter\u00e1 je vlastn\u011b relativn\u011b rychl\u00e1.<\/p>\n\n\n\n<p>00:13:26<\/p>\n\n\n\n<p>mluv\u010d\u00ed 3,<\/p>\n\n\n\n<p>Vy jste \u0159ekla, odhaduji, \u017ee se stane n\u011bjak\u00e1 katastrofa, dramatick\u00e1 situace, kter\u00e1 n\u00e1s pobou\u0159\u00ed a teprve potom se ud\u011bl\u00e1 n\u011bjak\u00e9 opat\u0159en\u00ed. Jakou katastrofu m\u00e1te na mysli?<\/p>\n\n\n\n<p>00:13:37<\/p>\n\n\n\n<p>mluv\u010d\u00ed 5,<\/p>\n\n\n\n<p>J\u00e1 se tu \u00fapln\u011b boj\u00edm \u0159\u00edkat nahlas.<\/p>\n\n\n\n<p>00:13:39<\/p>\n\n\n\n<p>mluv\u010d\u00ed 6,<\/p>\n\n\n\n<p>Ale je to, \u0159ekn\u011bte, mo\u017en\u00e1 n\u011bkoho vyd\u011bs\u00edte natolik, \u017ee za\u010dne p\u0159em\u00fd\u0161let o tom, co s t\u00edm d\u011blat.<\/p>\n\n\n\n<p>00:13:44<\/p>\n\n\n\n<p>mluv\u010d\u00ed 5,<\/p>\n\n\n\n<p>No, j\u00e1 m\u00e1m pocit, \u017ee asi nastane n\u011bjak\u00e9 fat\u00e1ln\u00ed selh\u00e1n\u00ed v p\u00e9\u010di, v n\u011bkter\u00e9m z t\u011bch za\u0159\u00edzen\u00ed, ono u\u017e te\u010fka se objevuj\u00ed r\u016fzn\u00fd p\u0159\u00edpady, kdy se odhal\u00ed to, \u017ee n\u011bkde byla p\u00e9\u010de nedostate\u010dn\u00e1, \u017ee se n\u011bkde zanedbala ta p\u00e9\u010de.<\/p>\n\n\n\n<p>00:14:00<\/p>\n\n\n\n<p>mluv\u010d\u00ed 3,<\/p>\n\n\n\n<p>Ned\u016fstojn\u00e9 podm\u00ednky.<\/p>\n\n\n\n<p>00:14:01<\/p>\n\n\n\n<p>mluv\u010d\u00ed 5,<\/p>\n\n\n\n<p>Ned\u016fstojn\u00e9 podm\u00ednky, ale bohu\u017eel se to v\u017edycky komunikuje v rovin\u011b toho, \u017ee pe\u010dovatel selhal, tak m\u00e1 b\u00fdt potrest\u00e1n. Te\u010dka, zp\u0159\u00edsn\u00ed se kontroly, ale to, \u017ee ten pe\u010dovatel sel\u017ee proto, \u017ee je dlouhodob\u011b podcen\u011bn\u00fd, dlouhodob\u011b frustrovan\u00fd a nem\u00e1 zkr\u00e1tka dobr\u00fd podm\u00ednky ke svoj\u00ed pr\u00e1ci, to u\u017e nikoho moc nezaj\u00edm\u00e1. Tak\u017ee vzhledem k tomu, jak velk\u00fd n\u00e1r\u016fst pe\u010dovatel\u016f, teda lid\u00ed pot\u0159ebuj\u00edc\u00edch p\u00e9\u010di bude a jak m\u00e1lo lid\u00ed do t\u00e9 p\u00e9\u010de p\u0159ich\u00e1z\u00ed a t\u011bch mlad\u00fdch \u00fapln\u011b minimum, tak si mysl\u00edm, \u017ee zkr\u00e1tka bude daleko v\u011bt\u0161\u00ed po\u010det lid\u00ed, o kter\u00fd se bude muset postarat jeden pe\u010dovatel, t\u00edm p\u00e1dem bude daleko v\u011bt\u0161\u00ed riziko toho, \u017ee nastane n\u011bjak\u00fd selh\u00e1n\u00ed a a\u017e nastane n\u011bjak\u00fd opravdu velk\u00fd selh\u00e1n\u00ed, tak mo\u017en\u00e1 se ta ve\u0159ejnost tro\u0161ku za\u010dne bou\u0159it a za\u010dne se do\u017eadovat toho, aby ten syst\u00e9m n\u011bjak reagoval, ale to se zat\u00edm ned\u011bje, by\u0165 ty jednotliv\u00fd pochyben\u00ed se objevujou, ale nereagujou na n\u011b ani m\u00e9dia, bohu\u017eel ani ten syst\u00e9m \u00fapln\u011b adekv\u00e1tn\u011b.<\/p>\n\n\n\n<p>00:15:00<\/p>\n\n\n\n<p>mluv\u010d\u00ed 3,<\/p>\n\n\n\n<p>\u0158\u00edk\u00e1 zakladatelka organizace Mila Simona Bagarov\u00e1.<\/p>\n\n\n\n<p>00:15:04<\/p>\n\n\n\n<p>mluv\u010d\u00ed 4,<\/p>\n\n\n\n<p>Poslouch\u00e1te osobnost plus, atraktivn\u00ed host\u00e9 a moder\u00e1torka Sv\u011btlana Witowsk\u00e1. K jejich rozhovoru se m\u016f\u017eete vr\u00e1tit tak\u00e9 na webu plus rozhlas cz, v aplikaci mujRozhlas. A v dal\u0161\u00edch podcastov\u00fdch aplikac\u00edch.<\/p>\n\n\n\n<p>00:15:18<\/p>\n\n\n\n<p>mluv\u010d\u00ed 3,<\/p>\n\n\n\n<p>P\u0159ed p\u00e1r dny skon\u010dila v\u00fdstava nazvan\u00e1 Institut bl\u00edzkosti, kter\u00e1 lidem nab\u00eddla mo\u017enost za\u017e\u00edt na chv\u00edli nemohoucnost a pohled \u010dlov\u011bka upoutan\u00e9ho k posteli do stropu, co jste instalac\u00ed t\u011bch \u0161esti postel\u00ed, cht\u011bli lidem uk\u00e1zat.<\/p>\n\n\n\n<p>00:15:31<\/p>\n\n\n\n<p>mluv\u010d\u00ed 5,<\/p>\n\n\n\n<p>Ani ne, tak tu nemohoucnost. Cht\u011bli jsme uk\u00e1zat, \u017ee p\u00e9\u010de je nejenom z\u00e1t\u011b\u017e, ale taky p\u0159\u00edle\u017eitost a ve spolupr\u00e1ci se sc\u00e9nografem Markem Cpinem jsme vlastn\u011b \u0161est nemocni\u010dn\u00edch postel\u00ed prom\u011bnili na takov\u00fd um\u011bleck\u00fd instalace, kde se lidi mohli dotknout t\u00e9ma, kter\u00fd s p\u00e9\u010d\u00ed souvis\u00ed, ale nejenom t\u011bch z\u00e1va\u017en\u00fdch, ale i toho, jak d\u016fle\u017eit\u00fd je um\u011bt pro\u017e\u00edvat pr\u00e1v\u011b tu ka\u017edodennost, jak d\u016fle\u017eit\u00fd jsou vztahy a jak d\u016fle\u017eit\u00fd je uv\u011bdom\u011bn\u00ed, \u017ee tohle v\u0161echno m\u016f\u017eu ovlivnit pr\u00e1v\u011b te\u010f a daleko d\u0159\u00edv, ne\u017e na t\u00fd posteli budu le\u017eet. Tak\u017ee ta v\u00fdstava byla pojat\u00e1 hodn\u011b um\u011blecky, byla pozitivn\u00ed. My jsme rozhodn\u011b necht\u011bli nikoho rozeb\u00edrat a nikomu je\u0161t\u011b v\u00edc nakl\u00e1dat a vzbudit v n\u011bm n\u011bjak\u00fd v\u00fd\u010ditky, cht\u011bli jsme sp\u00ed\u0161 otev\u0159\u00edt prostor, ve kter\u00e9m si lidi sami zvol\u00ed m\u00edru, jak se toho t\u00e9matu dotknou a p\u0159\u00e1li jsme si, aby si odn\u00e1\u0161eli pocit uv\u011bdom\u011bn\u00ed, \u017ee ty vztahy prost\u011b pro\u017e\u00edvaj\u00ed a ovliv\u0148ujou te\u010f a d\u011blali jsme si takov\u00fd hodnocen\u00ed, kde n\u00e1v\u0161t\u011bvn\u00edci, kter\u00fdch tam bylo v\u00edce ne\u017e 1800, co\u017e hodn\u011b se z\u00e1sadn\u011b p\u0159ekonalo ve\u0161ker\u00fd moje o\u010dek\u00e1v\u00e1n\u00ed a obre\u010dela jsem to dojet\u00edm, kdy\u017e jsem potom po\u010d\u00edtala, kolik jich tam bylo a \u010detla jsem to hodnocen\u00ed a n\u011bjak\u00fdch 91 % lid\u00ed tam psalo, \u017ee by v\u00fdstavu ur\u010dit\u011b doporu\u010dilo sv\u00fdm bl\u00edzk\u00fdm a 87 % lid\u00ed si odneslo siln\u00fd my\u0161lenkov\u00fd nebo mo\u010dn\u00ed z\u00e1\u017eitek a 87 % lid\u00ed v\u011b\u0159\u00ed, \u017ee takov\u00fdhle osv\u011btov\u00fd projekty maj\u00ed mo\u017enost n\u011bco zm\u011bnit. Tak\u017ee douf\u00e1m, \u017ee se to poda\u0159ilo p\u0159edat pozitivn\u011b a uk\u00e1zat, \u017ee p\u00e9\u010de se n\u00e1s opravdu t\u00fdk\u00e1 u\u017e te\u010f. A to, jestli se zastavit odpoledne za m\u00e1mou, jestli o v\u00edkendu p\u016fjdu k rodi\u010d\u016fm na ob\u011bd a jestli s nima p\u016fjdu na proch\u00e1zku. To v\u0161echno je p\u00e9\u010de. Ona nen\u00ed spojen\u00e1 jenom s tou postel\u00ed a s t\u011bma technick\u00fdma \u00fakonama, ale spojen\u00e1 s t\u00edm ope\u010dov\u00e1v\u00e1n\u00edm t\u011bch ka\u017edodenn\u00edch mali\u010dkost\u00ed, kter\u00fd jsou podle m\u011b naopak na p\u00e9\u010di to nejhez\u010d\u00ed.<\/p>\n\n\n\n<p>00:17:25<\/p>\n\n\n\n<p>mluv\u010d\u00ed 3,<\/p>\n\n\n\n<p>\u0160est postel\u00ed m\u00e1 symbolizovat i \u0161est z\u00e1kladn\u00edch t\u00e9mat, kter\u00e1 senio\u0159i na sklonku \u017eivota \u0159e\u0161\u00ed, jak\u00e1 to jsou t\u00e9mata.<\/p>\n\n\n\n<p>00:17:33<\/p>\n\n\n\n<p>mluv\u010d\u00ed 5,<\/p>\n\n\n\n<p>My jsme tam vlastn\u011b na t\u00fd prvn\u00ed posteli, vy jste to tro\u0161ku nazna\u010dila, tak ta byla takov\u00e1 n\u00e1ro\u010dn\u011bj\u0161\u00ed, tam si ty lidi mohli lehnout a vlastn\u011b na strop jsme prom\u00edtali my\u0161lenky, kter\u00e9 se hlavou hon\u00ed lidem, kdy\u017e u\u017e nemaj\u00ed nic ne\u017e tu postel. A bylo to spojen\u00fd s uv\u011bdom\u011bn\u00edm, \u017ee to, jak\u00e9 my\u0161lenky tam budeme m\u00edt, my ovliv\u0148ujeme pr\u00e1v\u011b t\u00edm, jak \u017eijeme te\u010fka, to, jestli n\u00e1m tam budou b\u011b\u017eet v hlav\u011b n\u011bjak\u00fd v\u00fd\u010ditky z toho, co jsme neud\u011blali, anebo budeme \u010derpat z toho, co hezk\u00fdho jsme za\u017eili, jak jsme ten \u017eivot naplnili, tak to z\u00e1le\u017e\u00ed opravdu jenom na n\u00e1s. Bylo tam t\u00e9ma d\u016fstojnosti, bylo tam t\u00e9ma n\u011bjak\u00fdho sd\u00edlen\u00ed, bylo tam t\u00e9ma d\u016fle\u017eitosti vztah\u016f, proto\u017ee lid\u00e9 ve vysok\u00e9m v\u011bku hodn\u011b \u010dasto \u0159e\u0161\u00ed t\u00e9ma n\u011bjak\u00fd osam\u011blosti a nepot\u0159ebnosti. Hodn\u011b jsme tam odkazovali na to, \u017ee vlastn\u011b ta v\u00fd\u017eiva, kterou te\u010f si m\u016f\u017eeme d\u00e1vat t\u00edm ka\u017edodenn\u00edm \u017eivotem, je obrovsk\u00e1 investice, kter\u00e1 se n\u00e1m v tom st\u00e1\u0159\u00ed vr\u00e1t\u00ed.<\/p>\n\n\n\n<p>00:18:24<\/p>\n\n\n\n<p>mluv\u010d\u00ed 3,<\/p>\n\n\n\n<p>Spoustu lid\u00ed d\u011bs\u00ed v tom, \u017ee budou odk\u00e1z\u00e1ni na pomoc druh\u00fdch. A net\u00fdk\u00e1 se to jen t\u011bch, kte\u0159\u00ed nemaj\u00ed dobr\u00e9 vztahy v rodin\u011b. Pro\u010d se tak br\u00e1n\u00edme tomu, aby o n\u00e1s n\u011bkdo ve st\u00e1\u0159\u00ed pe\u010doval nebo v nemoci.<\/p>\n\n\n\n<p>00:18:36<\/p>\n\n\n\n<p>mluv\u010d\u00ed 5,<\/p>\n\n\n\n<p>No, tam jedna ta postel pr\u00e1v\u011b byla spojen\u00e1 s t\u00edm t\u00e9matem d\u016fstojnosti a tady s tou pot\u0159ebou nechat o sebe pe\u010dovat. A ta byla spojen\u00e1 s v\u00fdtvarn\u00edkem Zde\u0148kem Vackem, \u010desk\u00fdm design\u00e9rem, kter\u00fd str\u00e1vil hodn\u011b \u010dasu jako d\u00edt\u011b v nemocnici a jeho takov\u00fd siln\u00fd traumatick\u00fd z\u00e1\u017eitek bylo, \u017ee nemohl ani do koupelny a na toaletu doj\u00edt prost\u011b po sv\u00fdch a musel i v t\u011bch velmi intimn\u00edch v\u011bcech b\u00fdt ope\u010dov\u00e1v\u00e1n a museli mu asistovat a on potom v dosp\u011blosti ty nemocni\u010dn\u00ed ba\u017eanty, kter\u00fd mu tam do t\u00e9 postele nosili, p\u0159ed\u011blal na v\u00e1ze a za\u010dal to prod\u00e1vat jako v\u00e1zy, tak n\u00e1m je p\u016fj\u010dil pro tu v\u00fdstavu. My jsme tam na t\u00fd postavy m\u011bli a j\u00e1 jsem k tomu sepsala p\u0159\u00edb\u011bh pana Dr. Zemana, co\u017e byl takov\u00fd 100. T\u0159\u00edlet\u00fd p\u00e1n, kter\u00e9ho jsem potkala jako dobrovolnice v domov\u011b pro seniory a byl to p\u00e1n, kter\u00fd byl jako takov\u00fd velmi charismatick\u00fd v tom vysok\u00e9m v\u011bku a m\u011bl velmi bystrou mysl. Absolutn\u00ed p\u0159ehled o tom, co se kde d\u011bje a za \u017e\u00e1dnou cenu. Necht\u011bl o tu d\u016fstojnost p\u0159ij\u00edt. A i v t\u011bch 100, t\u0159ech letech prost\u011b poka\u017ed\u00fd na tu toaletu a do t\u00fd koupelny cht\u011bl doj\u00edt po sv\u00fdch, i kdy\u017e ob\u010das n\u011bkde upadnul rozseknul se hlavu, n\u011bjak si ubl\u00ed\u017eil, tak to pro n\u011b byl tak kl\u00ed\u010dov\u00fd, \u017ee to prost\u011b v\u017edycky a\u0161ek tak dojemn\u011b vlastn\u011b pot\u0159eboval zvl\u00e1dnout a poda\u0159ilo se mu to a\u017e do t\u011bch 104 let, opravdu v\u017edycky do\u0161el s\u00e1m do t\u00fd koupelny a je to zkr\u00e1tka spojen\u00fd s pocitem takov\u00fdho trochu pon\u00ed\u017een\u00ed takov\u00fd paral\u00fdzy.J\u00e1, kdy\u017e jsem byla na kurzu \u010cerven\u00fdho k\u0159\u00ed\u017ee, kter\u00fd n\u00e1s u\u010dil polohov\u00e1n\u00ed, kter\u00fd jsem pot\u0159ebovala p\u0159i covidu, abych mohla pracovat jako dobrovolnice, tak si pamatuju z\u00e1\u017eitek, kdy jsme navz\u00e1jem na sob\u011b, jako figuranti jsme si zkou\u0161eli to vym\u011b\u0148ov\u00e1n\u00ed t\u011bch inkontinen\u010dn\u00edch pom\u016fcek p\u0159es oble\u010den\u00ed a bylo to \u00fapln\u011b to, \u00fapln\u011b m\u011b to paralyzovalo, pamatuju si, jak jsem z\u016fstala jenom le\u017eet. A jenom to, \u017ee nad n\u00e1ma n\u011bkdo stoj\u00ed a kouk\u00e1 na v\u00e1s, u\u017e je pocit takov\u00fd nerovnov\u00e1hy, \u017ee \u00fapln\u011b se propadnete do matrace a nechcete b\u00fdt vid\u011bt.<\/p>\n\n\n\n<p>00:20:28<\/p>\n\n\n\n<p>mluv\u010d\u00ed 3,<\/p>\n\n\n\n<p>A i kdy\u017e je to v rodin\u011b, kdy ty vztahy jsou dobr\u00e9, tak mnoz\u00ed rodi\u010de \u0159\u00edkaj\u00ed sv\u00fdm d\u011btem, hlavn\u011b nechci ti z\u016fstat na krku, tak pro\u010d bychom my jako d\u011bti se nem\u011bli starat o svoje rodi\u010de? Pro\u010d to ti rodi\u010de necht\u011bj\u00ed? Je to opravdu jenom ta ztr\u00e1ta d\u016fstojnosti nebo tak.<\/p>\n\n\n\n<p>00:20:46<\/p>\n\n\n\n<p>mluv\u010d\u00ed 5,<\/p>\n\n\n\n<p>Ty rodi\u010de to mysl\u00ed dob\u0159e zn\u00e1ma, \u017ee jo, v\u017edycky je to ur\u010dit\u011b i jako ta ztr\u00e1ta d\u016fstojnosti, ono to je fakt stra\u0161n\u011b nep\u0159\u00edjemn\u00fd, j\u00e1 jsem fakt byla a\u017e p\u0159ekvapen\u00e1, jak moc m\u011b to jako ovlivnilo a \u0159\u00edkala jsem, panebo\u017ee, tohle za\u017e\u00edvat t\u0159ikr\u00e1t denn\u011b, to jako \u0161\u00edlen\u00fd. A je to paradoxn\u011b daleko t\u011b\u017e\u0161\u00ed v rodin\u011b samoz\u0159ejm\u011b ne\u017e od n\u011bkoho ciz\u00edho a ur\u010dit\u011b ty rodi\u010de n\u00e1s zkr\u00e1tka necht\u011bj\u00ed zat\u011b\u017eovat a je to asi p\u0159irozen\u00fd, \u017ee ka\u017ed\u00fd ten rodi\u010d \u0159ekne, j\u00e1 ti hlavn\u011b nechci jako p\u0159ek\u00e1\u017eet nebo bejt na obt\u00ed\u017e, ale stejn\u011b p\u0159irozen\u00fd mi p\u0159ijde jako ud\u011blat v\u0161echno pro to, abysme to zvl\u00e1dli.<\/p>\n\n\n\n<p>00:21:18<\/p>\n\n\n\n<p>mluv\u010d\u00ed 3,<\/p>\n\n\n\n<p>No, a kdy\u017e u\u017e se dohodneme, \u017ee tedy pe\u010dovat chceme, rodi\u010de, n\u00e1m to dovol\u00ed, abychom o n\u011b pe\u010dovali. Tak co je z\u00e1klad t\u00e9 p\u00e9\u010de? Co je jej\u00ed podstata? Proto\u017ee vy jste mluvila o tom, \u017ee dok\u00e1\u017eeme ud\u011blat takov\u00e9 ty technick\u00e9 v\u011bci, ale to asi nebude \u00fapln\u011b z\u00e1klad.<\/p>\n\n\n\n<p>00:21:33<\/p>\n\n\n\n<p>mluv\u010d\u00ed 5,<\/p>\n\n\n\n<p>J\u00e1 mysl\u00edm, \u017ee z\u00e1klad je komunikace p\u0159ekvapiv\u011b jako v\u017edycky a v\u0161ude. A zejm\u00e9na z toho pohledu uv\u011bdomit si, \u017ee nesm\u00edm zapomenout na to, co ten \u010dlov\u011bk, o kter\u00fdho pe\u010duju, chce. M\u00e1me \u010dasto tendenci p\u0159epnout se do takov\u00fdho pohotovostn\u00edho re\u017eimu jako ti pe\u010duj\u00edc\u00ed a bejt i sami. Kv\u016fli sv\u00fdmu klidu v roli toho, kdo to rychle zorganizuje, vymysl\u00ed, napl\u00e1nuje, abysme sami sebe uklidnili, \u017ee to m\u00e1me pod kontrolou.<\/p>\n\n\n\n<p>00:21:57<\/p>\n\n\n\n<p>mluv\u010d\u00ed 3,<\/p>\n\n\n\n<p>Vid\u011bli jsme si \u010d\u00e1rku, \u017ee to je to taky.<\/p>\n\n\n\n<p>00:22:00<\/p>\n\n\n\n<p>mluv\u010d\u00ed 5,<\/p>\n\n\n\n<p>Ale zapomeneme se n\u011bkde zeptat toho bl\u00edzk\u00fdho, co on by cht\u011bl, co on by si p\u0159\u00e1l, a to je stra\u0161n\u011b d\u016fle\u017eit\u00e1 sou\u010d\u00e1st, ned\u011blat z toho ope\u010dov\u00e1van\u00fdho \u010dlov\u011bka jenom objekt, ale zkusit z\u016fstat, b\u00fdt t\u00edm rovnocenn\u00fdm partnerem, se kter\u00fdm vedu ten dialog a jsem schopn\u00e1 se v klidu sednout a \u0159\u00edct, hele, te\u010fka je to tak a tak m\u00e1me a ty mo\u017enosti, co ty by sis p\u0159edstavoval a p\u0159\u00e1l, jak si mysl\u00ed\u0161, \u017ee bysme to mohli zvl\u00e1dnout, tak to vn\u00edm\u00e1m jako \u00fapln\u00fd z\u00e1klad.<\/p>\n\n\n\n<p>00:22:24<\/p>\n\n\n\n<p>mluv\u010d\u00ed 3,<\/p>\n\n\n\n<p>V \u010cesku. Na tom podle v\u00e1s je\u0161t\u011b nejsme tak \u0161patn\u011b s p\u00e9\u010d\u00ed o nejbli\u017e\u0161\u00ed? Proto\u017ee po Polsku jsme druhou zem\u00ed Evropsk\u00e9 unie, kter\u00e1 se o sv\u00e9 bl\u00edzk\u00e9 star\u00e1 doma nejv\u00edc? Tak co d\u011bl\u00e1me \u0161patn\u011b, kdy\u017e tedy na tom nejsme tak hrozn\u011b, jsme druh\u00e1 po Polsku nejlep\u0161\u00ed zem\u011b, tak co neum\u00edme komunikovat, to jste \u0159\u00edkala a co neum\u00edme d\u00e1l, jako neum\u00edme t\u011bm lidem \u0159\u00edct, tohle m\u016f\u017ee\u0161 p\u0159ijmout, tuhle p\u00e9\u010di, to nen\u00ed nic, co by m\u011b zat\u011b\u017eovalo, nebo co tam je, co tam chyb\u00ed k tomu, abychom tedy byli je\u0161t\u011b lep\u0161\u00ed.<\/p>\n\n\n\n<p>00:22:59<\/p>\n\n\n\n<p>mluv\u010d\u00ed 5,<\/p>\n\n\n\n<p>J\u00e1 mysl\u00edm, \u017ee ta generace te\u010f prim\u00e1rn\u011b \u017een, kter\u00fd pe\u010duj\u00ed, co\u017e jsou \u017eeny t\u0159eba okolo 70. Let, tak je takov\u00e1 generace, kter\u00e1 je zvykl\u00e1 to urvat za ka\u017edou cenu, ne\u0159\u00edt si o tu, pomoc, proto\u017ee to je ostuda, co by lidi \u0159ekli, kdybych j\u00e1 si nechala pomoct? To je prost\u011b genera\u010dn\u00ed v\u011bc. A to si mysl\u00edm, \u017ee samoz\u0159ejm\u011b s sebou nese takovej ur\u010dit\u00fd ostych o tom, \u017ee pe\u010duju, mluvit i n\u011bjakou pot\u0159ebu to za ka\u017edou cenu un\u00e9st a t\u00edm p\u00e1dem se to t\u00e9ma nepropisuje do n\u011bjak\u00fd ve\u0159ejn\u00fd debaty, nepropisuje se do t\u011bch ka\u017edodenn\u00edch t\u00e9mat, kter\u00fd v\u00edd\u00e1me v m\u00e9di\u00edch, proto\u017ee se to odehr\u00e1v\u00e1 tak trochu v tichosti za zav\u0159en\u00fdma dve\u0159ma, kdy jsme d\u011blali setk\u00e1v\u00e1n\u00ed lid\u00ed, kter\u00fd pe\u010dujou o sv\u00e9 bl\u00edzk\u00fd, tak jedna z nejv\u011bt\u0161\u00edch t\u00e9mat bylo to, \u017ee jsou v tom velmi osam\u011bl\u00ed, \u017ee si p\u0159ijdou velmi neviditeln\u00fd a \u017ee maj\u00ed pocit, \u017ee vlastn\u011b na to nikoho nezaj\u00edm\u00e1, proto\u017ee o tom t\u00e9matu se zkr\u00e1tka nemluv\u00ed.<\/p>\n\n\n\n<p>00:23:52<\/p>\n\n\n\n<p>mluv\u010d\u00ed 3,<\/p>\n\n\n\n<p>Na jedn\u00e9 z cedulek, kter\u00e9 byly na v\u00fdstav\u011b na dlouh\u00e9m stole, byla n\u00e1sleduj\u00edc\u00ed ot\u00e1zka. Pokud byste se z\u00edtra r\u00e1no mohli probudit a z\u00edskat jednu jakoukoliv schopnost, dovednost \u010di kvalitu, kter\u00e1 by to byla tak, jak jste si na tuhle ot\u00e1zku odpov\u011bd\u011bla vy.<\/p>\n\n\n\n<p>00:24:07<\/p>\n\n\n\n<p>mluv\u010d\u00ed 5,<\/p>\n\n\n\n<p>J\u00e1 jsem tuhletu hru tam hr\u00e1la s n\u011bkolika lidma a tro\u0161ku teda ukradnu. Odpov\u011b\u010f, kter\u00e1 se mi stra\u0161n\u011b l\u00edbila, za\u010dala jsem j\u00ed tak \u0159\u00edkat, a ta odpov\u011b\u010f byla, \u017ee probudit se a m\u00edt schopnost l\u00e9\u010dit lidi z v\u011bc\u00ed, kter\u00fd prost\u011b nesou a kter\u00fd je tr\u00e1p\u00ed. No, m\u00edt n\u011bjakou takovouhle nad p\u0159irozenou schopnost a kdybych si m\u011bla vybrat n\u011bjakou schopnost z t\u011bch, kter\u00fd jsou realistick\u00fd, tak j\u00e1 jsem na jedn\u00fd debat\u011b sly\u0161ela jednoho p\u00e1na, kter\u00fd \u0159\u00edk\u00e1, \u017ee svoj\u00ed dce\u0159i \u0159\u00edk\u00e1 bu\u010f odv\u00e1\u017en\u00e1 a laskav\u00e1, \u017ee to jsou takov\u00fd dv\u011b kvality, kter\u00fd se j\u00ed sna\u017e\u00ed p\u0159edat. A j\u00e1 jsem o tom hodn\u011b p\u0159emej\u0161lela, uv\u011bdomila jsem si, \u017ee odv\u00e1\u017en\u00e1 jsem hodn\u011b a \u017ee sna\u017e\u00edm se v\u00edc pracovat je\u0161t\u011b na t\u00fd laskavosti.<\/p>\n\n\n\n<p>00:24:50<\/p>\n\n\n\n<p>mluv\u010d\u00ed 3,<\/p>\n\n\n\n<p>Vy jste sama pe\u010dovala o nemocn\u00e9ho t\u00e1tu, kter\u00fd v 68 letech onemocn\u011bl rakovinou plic a do posledn\u00ed chv\u00edle jste se o n\u011bj i s m\u00e1mou a se sestrou starali. Co v\u00e1m tahle zku\u0161enost dala?<\/p>\n\n\n\n<p>00:25:02<\/p>\n\n\n\n<p>mluv\u010d\u00ed 5,<\/p>\n\n\n\n<p>Bylo to, jak to \u0159\u00edct? No, takovej klid z toho, \u017ee jsme mohli, nebo takov\u00e1 vd\u011b\u010dnost za to, \u017ee jsme mohli, proto\u017ee spousta lid\u00ed se chce starat o n\u011bkoho doma, zkr\u00e1tka to nejde, a\u0165 u\u017e vzhledem k tomu zdravotn\u00edmu stavu toho \u010dlov\u011bka nebo z tis\u00edce jin\u00fdch objektivn\u00edch d\u016fvod\u016f, tak my jsme na\u0161t\u011bst\u00ed tu mo\u017enost m\u011bli nebo do toho jako samoz\u0159ejmost. Uv\u011bdomila jsem si, jak skv\u011bl\u00fd vztahy m\u00e1me, jak to bylo i v t\u00fd hr\u016fze a v t\u00fd jako bolesti a t\u00fd z\u00e1t\u011b\u017ei, v n\u011b\u010dem stra\u0161n\u011b hezk\u00fd, jak jsme dok\u00e1zali jako fungovat absolutn\u011b jako symbi\u00f3ze, vlastn\u011b jsme tam bydleli prost\u011b v tom byt\u011b pomalu v\u0161ichni dohromady a dok\u00e1zali jsme se na tom hezky domluvit a bylo to, byla tam spousta moment\u016f, kter\u00fd jsem si jako hluboko vepsala do pam\u011bti, takov\u00fd ty oby\u010dejn\u011b zastaven\u00ed, to, \u017ee tam m\u00e1te mo\u017enost s t\u00edm \u010dlov\u011bkem je\u0161t\u011b sed\u011bt a dr\u017eet to za ruku a \u0159\u00edci, to je prost\u011b skv\u011bl\u00fd, \u017ee tohleto m\u016f\u017eu za\u017e\u00edvat a taky mi to dalo takovej klid z toho, \u017ee v\u0161echny ty v\u011bci, kter\u00fd v r\u00e1mci na\u0161\u00ed organizace m\u011bla o p\u00e9\u010di \u0159\u00edk\u00e1me, pak dok\u00e1\u017eu sama naplnit, proto\u017ee dokud to \u010dlov\u011bk neza\u017eije, tak nev\u00ed, jestli nen\u00ed jenom chytrej a nerad\u00ed, ale pak, kdy\u017e se s t\u00edm t\u00e9matem s\u00e1m setk\u00e1, tak teprve se l\u00e1me chleba a vlastn\u011b v\u0161echno z toho, co o t\u00fd p\u00e9\u010di \u0159\u00edk\u00e1m a mysl\u00edm si, tak se poda\u0159ilo naplnit a byl to sice n\u00e1ro\u010dn\u00fd z\u00e1\u017eitek, ale jako nesm\u00edrn\u011b obohacuj\u00edc\u00ed a jsem hrozn\u011b r\u00e1da, \u017ee jsem to mohla za\u017e\u00edt, proto\u017ee to d\u00e1v\u00e1 \u017eivotu dal\u0161\u00ed rozm\u011br, je to n\u011bjak\u00e1 transforma\u010dn\u00ed zku\u0161enost, d\u00e1v\u00e1 to n\u011bjakou plnost tomu \u017eivotu, tak jsem za to vd\u011b\u010dn\u00e1.<\/p>\n","protected":false},"excerpt":{"rendered":"<div class=\"mh-excerpt\"><p>\u010cRo Plus Va\u0161e st\u00e1\u0159\u00ed a um\u00edr\u00e1n\u00ed bude takov\u00e9, jak\u00e9 m\u00e1te vztahy s rodinou. \u0158\u00edk\u00e1 m\u016fj dne\u0161n\u00ed host Simona Bagarov\u00e1, zakladatelka neziskov\u00e9 organizace Mila, kter\u00e1 se <a class=\"mh-excerpt-more\" href=\"https:\/\/www.invarena.cz\/?p=62101\" title=\"Je n\u00e1\u0161 syst\u00e9m p\u0159ipraven\u00fd na to, \u017ee v roce 2050 tu bude \u017e\u00edt o milion senior\u016f v\u00edc?\">[&#8230;]<\/a><\/p>\n<\/div>","protected":false},"author":1,"featured_media":14570,"comment_status":"open","ping_status":"closed","sticky":false,"template":"","format":"standard","meta":{"footnotes":""},"categories":[12],"tags":[],"class_list":["post-62101","post","type-post","status-publish","format-standard","has-post-thumbnail","hentry","category-rozhovory"],"_links":{"self":[{"href":"https:\/\/www.invarena.cz\/index.php?rest_route=\/wp\/v2\/posts\/62101","targetHints":{"allow":["GET"]}}],"collection":[{"href":"https:\/\/www.invarena.cz\/index.php?rest_route=\/wp\/v2\/posts"}],"about":[{"href":"https:\/\/www.invarena.cz\/index.php?rest_route=\/wp\/v2\/types\/post"}],"author":[{"embeddable":true,"href":"https:\/\/www.invarena.cz\/index.php?rest_route=\/wp\/v2\/users\/1"}],"replies":[{"embeddable":true,"href":"https:\/\/www.invarena.cz\/index.php?rest_route=%2Fwp%2Fv2%2Fcomments&post=62101"}],"version-history":[{"count":0,"href":"https:\/\/www.invarena.cz\/index.php?rest_route=\/wp\/v2\/posts\/62101\/revisions"}],"wp:featuredmedia":[{"embeddable":true,"href":"https:\/\/www.invarena.cz\/index.php?rest_route=\/wp\/v2\/media\/14570"}],"wp:attachment":[{"href":"https:\/\/www.invarena.cz\/index.php?rest_route=%2Fwp%2Fv2%2Fmedia&parent=62101"}],"wp:term":[{"taxonomy":"category","embeddable":true,"href":"https:\/\/www.invarena.cz\/index.php?rest_route=%2Fwp%2Fv2%2Fcategories&post=62101"},{"taxonomy":"post_tag","embeddable":true,"href":"https:\/\/www.invarena.cz\/index.php?rest_route=%2Fwp%2Fv2%2Ftags&post=62101"}],"curies":[{"name":"wp","href":"https:\/\/api.w.org\/{rel}","templated":true}]}}