{"id":62142,"date":"2025-12-04T18:48:12","date_gmt":"2025-12-04T17:48:12","guid":{"rendered":"https:\/\/www.invarena.cz\/?p=62142"},"modified":"2025-12-04T18:48:13","modified_gmt":"2025-12-04T17:48:13","slug":"bylo-mu-to-uplne-jedno-muz-z-ostravy-ctyrikrat-kratce-po-sobe-okradl-vozickarku","status":"publish","type":"post","link":"https:\/\/www.invarena.cz\/?p=62142","title":{"rendered":"Bylo mu to \u00fapln\u011b jedno. Mu\u017e z Ostravy \u010dty\u0159ikr\u00e1t kr\u00e1tce po sob\u011b okradl voz\u00ed\u010dk\u00e1\u0159ku"},"content":{"rendered":"\n<p>Zna\u010dnou bezcitnost a hyenismus projevil sedmapades\u00e1tilet\u00fd recidivista z Ostravy, kter\u00fd se vloudil do p\u0159\u00edzn\u011b pades\u00e1tilet\u00e9 voz\u00ed\u010dk\u00e1\u0159ky a jej\u00ed matky seniorsk\u00e9ho v\u011bku. Celkem \u010dty\u0159ikr\u00e1t ji b\u011bhem n\u011bkolika t\u00fddn\u016f okradl, napot\u0159et\u00ed si k tomu p\u0159izval komplice v policejn\u00ed uniform\u011b a napo\u010dtvrt\u00e9 pou\u017eil n\u00e1sil\u00ed. Podle kriminalist\u016f mu bylo \u00fapln\u011b jedno, co d\u011bl\u00e1.<\/p>\n\n\n\n<p>Cel\u00fd \u010dl\u00e1nek naleznete na novinky.cz: <a href=\"https:\/\/www.novinky.cz\/clanek\/krimi-sokujici-pripad-z-ostravy-zlodej-ctyrikrat-po-sobe-okradl-vozickarku-pomahal-mu-falesny-policista-40551857\" target=\"_blank\" rel=\"noreferrer noopener\">https:\/\/www.novinky.cz\/clanek\/krimi-sokujici-pripad-z-ostravy-zlodej-ctyrikrat-po-sobe-okradl-vozickarku-pomahal-mu-falesny-policista-40551857<\/a><\/p>\n","protected":false},"excerpt":{"rendered":"<div class=\"mh-excerpt\"><p>Zna\u010dnou bezcitnost a hyenismus projevil sedmapades\u00e1tilet\u00fd recidivista z Ostravy, kter\u00fd se vloudil do p\u0159\u00edzn\u011b pades\u00e1tilet\u00e9 voz\u00ed\u010dk\u00e1\u0159ky a jej\u00ed matky seniorsk\u00e9ho v\u011bku. Celkem \u010dty\u0159ikr\u00e1t ji b\u011bhem <a class=\"mh-excerpt-more\" href=\"https:\/\/www.invarena.cz\/?p=62142\" title=\"Bylo mu to \u00fapln\u011b jedno. Mu\u017e z Ostravy \u010dty\u0159ikr\u00e1t kr\u00e1tce po sob\u011b okradl voz\u00ed\u010dk\u00e1\u0159ku\">[&#8230;]<\/a><\/p>\n<\/div>","protected":false},"author":1,"featured_media":14702,"comment_status":"open","ping_status":"closed","sticky":false,"template":"","format":"standard","meta":{"footnotes":""},"categories":[9],"tags":[],"class_list":["post-62142","post","type-post","status-publish","format-standard","has-post-thumbnail","hentry","category-zpravy"],"_links":{"self":[{"href":"https:\/\/www.invarena.cz\/index.php?rest_route=\/wp\/v2\/posts\/62142","targetHints":{"allow":["GET"]}}],"collection":[{"href":"https:\/\/www.invarena.cz\/index.php?rest_route=\/wp\/v2\/posts"}],"about":[{"href":"https:\/\/www.invarena.cz\/index.php?rest_route=\/wp\/v2\/types\/post"}],"author":[{"embeddable":true,"href":"https:\/\/www.invarena.cz\/index.php?rest_route=\/wp\/v2\/users\/1"}],"replies":[{"embeddable":true,"href":"https:\/\/www.invarena.cz\/index.php?rest_route=%2Fwp%2Fv2%2Fcomments&post=62142"}],"version-history":[{"count":0,"href":"https:\/\/www.invarena.cz\/index.php?rest_route=\/wp\/v2\/posts\/62142\/revisions"}],"wp:featuredmedia":[{"embeddable":true,"href":"https:\/\/www.invarena.cz\/index.php?rest_route=\/wp\/v2\/media\/14702"}],"wp:attachment":[{"href":"https:\/\/www.invarena.cz\/index.php?rest_route=%2Fwp%2Fv2%2Fmedia&parent=62142"}],"wp:term":[{"taxonomy":"category","embeddable":true,"href":"https:\/\/www.invarena.cz\/index.php?rest_route=%2Fwp%2Fv2%2Fcategories&post=62142"},{"taxonomy":"post_tag","embeddable":true,"href":"https:\/\/www.invarena.cz\/index.php?rest_route=%2Fwp%2Fv2%2Ftags&post=62142"}],"curies":[{"name":"wp","href":"https:\/\/api.w.org\/{rel}","templated":true}]}}