{"id":62148,"date":"2025-12-04T18:57:20","date_gmt":"2025-12-04T17:57:20","guid":{"rendered":"https:\/\/www.invarena.cz\/?p=62148"},"modified":"2025-12-04T18:57:21","modified_gmt":"2025-12-04T17:57:21","slug":"predvanocni-setkani-v-bystrici-prineslo-radost-zapojili-se-i-skolaci-z-nyrska","status":"publish","type":"post","link":"https:\/\/www.invarena.cz\/?p=62148","title":{"rendered":"P\u0159edv\u00e1no\u010dn\u00ed setk\u00e1n\u00ed v Byst\u0159ici p\u0159ineslo radost, zapojili se i \u0161kol\u00e1ci z\u00a0N\u00fdrska"},"content":{"rendered":"\n<p>Na sob\u011b m\u00e1 kr\u00e1sn\u00fd zlat\u00fd kost\u00fdm a ochotn\u011b se v n\u011bm p\u0159edvede. I kdy\u017e je 21let\u00e1 Andrea v Domov\u011b pro osoby se zdravotn\u00edm posti\u017een\u00edm v Byst\u0159ici nad \u00dahlavou na Klatovsku jen kr\u00e1tce a za chv\u00edli ji \u010dek\u00e1 vystoupen\u00ed p\u0159ed zapln\u011bn\u00fdm s\u00e1lem, tr\u00e9mu pr\u00fd nem\u00e1. \u201eSpala jsem dob\u0159e,\u201c \u0159\u00edk\u00e1 a prozrazuje, \u017ee to nebude jej\u00ed premi\u00e9ra. \u201eJ\u00e1 u\u017e jsem p\u0159edt\u00edm vystupovala v d\u011btsk\u00e9m domov\u011b,\u201c sv\u011b\u0159uje se a dod\u00e1v\u00e1, \u017ee piln\u011b nacvi\u010dovala, aby se to v\u0161em l\u00edbilo.<\/p>\n\n\n\n<p>B\u011bhem vystoupen\u00ed je poctiv\u00e1 p\u0159\u00edprava zn\u00e1t, a tak ji i ostatn\u00ed prov\u00e1z\u00ed velk\u00fd potlesk. Ten si ostatn\u011b b\u011bhem v\u00edce ne\u017e hodinov\u00e9ho programu, kter\u00fd nab\u00eddlo ji\u017e tradi\u010dn\u00ed p\u0159edv\u00e1no\u010dn\u00ed setk\u00e1n\u00ed, vyslou\u017eili v\u0161ichni, kte\u0159\u00ed p\u0159edstoupili p\u0159ed publikum a n\u011bco p\u0159edvedli. Akce se tentokr\u00e1t nesla zejm\u00e9na v duchu muzik\u00e1l\u016f, hodn\u011b pobavili zam\u011bstnanci domova s vystoupen\u00edm Money, Money, Money, vtipn\u011b poukazuj\u00edc\u00edm na to, \u017ee tato pr\u00e1ce, n\u00e1ro\u010dn\u00e1 a z\u00e1slu\u017en\u00e1, nepat\u0159\u00ed mezi ty finan\u010dn\u011b adekv\u00e1tn\u011b oce\u0148ovan\u00e9.<\/p>\n\n\n\n<p>Letos nebyli v\u0161ichni \u00fa\u010dinkuj\u00edc\u00ed jen z byst\u0159ick\u00e9ho domova, ale p\u0159\u00edchoz\u00edm zazp\u00edvaly i d\u011bti ze Z\u00e1kladn\u00ed \u0161koly N\u00fdrsko, \u0160koln\u00ed ulice. Mikrofonu se na z\u00e1v\u011br setk\u00e1n\u00ed chopila i \u0159editelka domova Kate\u0159ina \u0160imkov\u00e1. \u201eJsem moc r\u00e1da, \u017ee letos vystoupilo v\u00edce imobiln\u00edch u\u017eivatel\u016f. Co se t\u00fd\u010de d\u011bt\u00ed ze z\u00e1kladn\u00ed \u0161koly, tak vloni to je\u0161t\u011b nevy\u0161lo, ale letos u\u017e se u n\u00e1s byli \u017e\u00e1ci pod\u00edvat, aby se sezn\u00e1mili s prost\u0159ed\u00edm a s klienty. Dne\u0161n\u00edmu vystoupen\u00ed p\u0159edch\u00e1zely jen dv\u011b zkou\u0161ky. A bylo to \u00fa\u017easn\u00e9,\u201c pochv\u00e1lila mal\u00e9 zp\u011bv\u00e1ky z N\u00fdrska \u0160imkov\u00e1, kter\u00e1 chce ve spolupr\u00e1ci se \u0161kolou pokra\u010dovat. Prozradila, \u017ee zat\u00edmco Andrejka i dal\u0161\u00ed klienti byli p\u0159ed vystoupen\u00edm v pohod\u011b, ona i dal\u0161\u00ed zam\u011bstnanci bojovali s nervozitou.<\/p>\n\n\n\n<p>V\u00e1no\u010dn\u00ed p\u0159\u00e1n\u00ed?<\/p>\n\n\n\n<p>A co by si v Byst\u0159ici p\u0159\u00e1li pod strome\u010dek? \u201e\u010cas a sv\u011btlo na konci tunelu, abychom ho ka\u017ed\u00fd na\u0161li. A m\u00edt vedle sebe ty spr\u00e1vn\u00e9 lidi, se kter\u00fdmi m\u016f\u017eete \u0159e\u0161it jak ty hor\u0161\u00ed, tak ty kr\u00e1sn\u00e9 v\u011bci, a pod\u011blit se s nimi o n\u011b,\u201c uvedla \u0160imkov\u00e1, kter\u00e1 je r\u00e1da, \u017ee se domov st\u00e1le da\u0159\u00ed vylep\u0161ovat. Ned\u00e1vno byla nap\u0159\u00edklad revitalizov\u00e1na zahrada ve stacion\u00e1\u0159i, kde je nyn\u00ed kr\u00e1sn\u00e9 z\u00e1zem\u00ed.<\/p>\n\n\n\n<p>Milan Kili\u00e1n<\/p>\n\n\n\n<p>Klatovsk\u00fd den\u00edk<\/p>\n\n\n\n<p><a href=\"https:\/\/klatovsky.denik.cz\" target=\"_blank\" rel=\"noreferrer noopener\">https:\/\/klatovsky.denik.cz<\/a><\/p>\n","protected":false},"excerpt":{"rendered":"<div class=\"mh-excerpt\"><p>Na sob\u011b m\u00e1 kr\u00e1sn\u00fd zlat\u00fd kost\u00fdm a ochotn\u011b se v n\u011bm p\u0159edvede. I kdy\u017e je 21let\u00e1 Andrea v Domov\u011b pro osoby se zdravotn\u00edm posti\u017een\u00edm v <a class=\"mh-excerpt-more\" href=\"https:\/\/www.invarena.cz\/?p=62148\" title=\"P\u0159edv\u00e1no\u010dn\u00ed setk\u00e1n\u00ed v Byst\u0159ici p\u0159ineslo radost, zapojili se i \u0161kol\u00e1ci z\u00a0N\u00fdrska\">[&#8230;]<\/a><\/p>\n<\/div>","protected":false},"author":1,"featured_media":18858,"comment_status":"open","ping_status":"closed","sticky":false,"template":"","format":"standard","meta":{"footnotes":""},"categories":[9],"tags":[],"class_list":["post-62148","post","type-post","status-publish","format-standard","has-post-thumbnail","hentry","category-zpravy"],"_links":{"self":[{"href":"https:\/\/www.invarena.cz\/index.php?rest_route=\/wp\/v2\/posts\/62148","targetHints":{"allow":["GET"]}}],"collection":[{"href":"https:\/\/www.invarena.cz\/index.php?rest_route=\/wp\/v2\/posts"}],"about":[{"href":"https:\/\/www.invarena.cz\/index.php?rest_route=\/wp\/v2\/types\/post"}],"author":[{"embeddable":true,"href":"https:\/\/www.invarena.cz\/index.php?rest_route=\/wp\/v2\/users\/1"}],"replies":[{"embeddable":true,"href":"https:\/\/www.invarena.cz\/index.php?rest_route=%2Fwp%2Fv2%2Fcomments&post=62148"}],"version-history":[{"count":0,"href":"https:\/\/www.invarena.cz\/index.php?rest_route=\/wp\/v2\/posts\/62148\/revisions"}],"wp:featuredmedia":[{"embeddable":true,"href":"https:\/\/www.invarena.cz\/index.php?rest_route=\/wp\/v2\/media\/18858"}],"wp:attachment":[{"href":"https:\/\/www.invarena.cz\/index.php?rest_route=%2Fwp%2Fv2%2Fmedia&parent=62148"}],"wp:term":[{"taxonomy":"category","embeddable":true,"href":"https:\/\/www.invarena.cz\/index.php?rest_route=%2Fwp%2Fv2%2Fcategories&post=62148"},{"taxonomy":"post_tag","embeddable":true,"href":"https:\/\/www.invarena.cz\/index.php?rest_route=%2Fwp%2Fv2%2Ftags&post=62148"}],"curies":[{"name":"wp","href":"https:\/\/api.w.org\/{rel}","templated":true}]}}