{"id":6218,"date":"2013-06-06T10:07:14","date_gmt":"2013-06-06T08:07:14","guid":{"rendered":"http:\/\/www.invarena.cz\/?p=6218"},"modified":"2013-06-06T10:23:18","modified_gmt":"2013-06-06T08:23:18","slug":"upoutani-na-invalidnim-voziku-po-tezke-automobilove-nehode","status":"publish","type":"post","link":"https:\/\/www.invarena.cz\/?p=6218","title":{"rendered":"Voz\u00ed\u010dk\u00e1\u0159i varuj\u00ed d\u011bti p\u0159ed hazardem se zdrav\u00edm"},"content":{"rendered":"<p><strong> Ka\u017ed\u00fd rok se v \u010cR zran\u00ed n\u011bkolik lid\u00ed tak, \u017ee jsou do\u017eivotn\u011b upout\u00e1ni na voz\u00edk. V\u011bt\u0161ina p\u0159\u00edpad\u016f je p\u0159itom zp\u016fsoben\u00e1 neopatrnost\u00ed. I proto se rozhodli l\u00e9ka\u0159i z FN Brno varovat d\u011bti ze z\u00e1kladn\u00edch \u0161kol p\u016fsobivou formou &#8211; vypr\u00e1v\u011bn\u00edm samotn\u00fdch voz\u00ed\u010dk\u00e1\u0159\u016f. \/ilustra\u010dn\u00ed foto\/<br \/>\n<\/strong><\/p>\n<p><!--more--><\/p>\n<p>Jedn\u00edm z nich je i Jaroslav N\u00e1hl\u00edk, kter\u00fd je na voz\u00edku upoutan\u00fd t\u0159in\u00e1ct let. Projekt mimo jin\u00e9 prob\u00edh\u00e1 i v r\u00e1mci brn\u011bnsk\u00fdch Dn\u016f bez \u00farazu do dev\u00e1t\u00e9ho \u010dervna.<\/p>\n<p>&#8222;Jsem upout\u00e1n na invalidn\u00edm voz\u00edku v d\u016fsledku t\u011b\u017ek\u00e9 automobilov\u00e9 dopravn\u00ed nehody. Sed\u011bl jsem v tom vozidle na zadn\u00edm sedadle jako spolujezdec. S kamar\u00e1dama jsme se chystali na z\u00e1bavu,&#8220; \u0159\u00edk\u00e1 posti\u017een\u00fd Jaroslav N\u00e1hl\u00edk.<\/p>\n<p>P\u0159edn\u00e1\u0161ky o rizic\u00edch neopatrn\u00e9ho jedn\u00e1n\u00ed vede l\u00e9ka\u0159ka ze Spin\u00e1ln\u00ed jednotky FN Brno Lia Va\u0161\u00ed\u010dkov\u00e1. &#8222;.. m\u00e1 zlomen\u00fd dvan\u00e1ct\u00fd bedern\u00ed obratel,&#8220; sd\u011blila.<\/p>\n<p>&#8222;Nejsiln\u011bj\u0161\u00ed \u010d\u00e1st toho projektu je, \u017ee ti mlad\u0161\u00ed, v\u011bkov\u011b bl\u00edzc\u00ed klienti t\u011bm \u017e\u00e1k\u016fm p\u0159ijdou a sami \u0159eknou sv\u016fj p\u0159\u00edb\u011bh. V\u016fbec to nen\u00ed jednoduch\u00fd j\u00edt se svou k\u016f\u017e\u00ed na trh. Dneska je s n\u00e1mi pan Jarek, kter\u00fd byl jako spolujezdec vyhavarov\u00e1n, z cel\u00e9ho auta mlad\u00fdch, kde byly n\u011bjak\u00e9 od\u0159eniny a jedna zlomen\u00e1 ruka, on skon\u010dil na voz\u00edku. A on je \u00fa\u017easn\u00fdm p\u0159\u00edkladem toho, jak lid\u00e9 po spin\u00e1ln\u00edm traumatu necht\u011bj\u00ed b\u00fdt pob\u011brateli soci\u00e1ln\u00edch d\u00e1vek. On studuje vysokou \u0161kolu. Je zam\u011bstnanec ParaCENTRA Fenix. Sou\u010dasn\u011b je klient, cht\u011b, necht\u011b,&#8220; \u0159\u00edk\u00e1 l\u00e9ka\u0159ka.<\/p>\n<p>A jak se hav\u00e1rie odehr\u00e1la?<\/p>\n<p>&#8222;Ten \u0159idi\u010d rozjel v p\u011bti lidech tu stodvac\u00edtku na 145 kilometr\u016f za hodinu z prudk\u00fdho kopce dol\u016f. \u0158idi\u010d tu cestu neznal, tak potom u\u017e jsem jenom sly\u0161el, jak kamar\u00e1d vyk\u0159ikl, jakmile jsme jeli dol\u016f z toho prudk\u00fdho kopce, \u017ee to potom vyhazuje, a to bylo v\u0161echno. Dopadl jsem do pole s kuku\u0159ic\u00ed. V\u00edm, \u017ee mrholilo a auto z\u016fstalo na boku polo\u017een\u00fd vedle m\u011b,&#8220; vypr\u00e1v\u00ed dnes t\u0159icetilet\u00fd Jaroslav N\u00e1hl\u00edk.<\/p>\n<p>&#8222;Pak si pamatuju, \u017ee do\u0161la p\u0159\u00edtelkyn\u011b, \u017ee mi te\u010de krev z obli\u010deje. V tu r\u00e1nu jsem si sedl. V tu chv\u00edli jsem byl v \u0161oku, tak\u017ee m\u011b v\u016fbec nic nebolelo,&#8220; vypr\u00e1v\u00ed d\u00e1le.<\/p>\n<p>A co mu b\u011b\u017eelo hlavou?<\/p>\n<p>&#8222;To, \u017ee nec\u00edt\u00edm nohy a v\u011bd\u011bl jsem, \u017ee m\u00e1m n\u011bco s obli\u010dejem. Byl jsem z toho v \u0161oku a nev\u011bd\u011bl jsem jako, co bude d\u00e1l,&#8220; \u0159\u00edk\u00e1 N\u00e1hl\u00edk.<\/p>\n<p>Na ot\u00e1zku, zda s kamar\u00e1dy, kte\u0159\u00ed s n\u00edm tehdy p\u0159ed asi 13 lety jeli, udr\u017euje vztah, nebo se p\u0159eru\u0161ilo p\u0159\u00e1telstv\u00ed, odpov\u011bd\u011bl: &#8222;S kamar\u00e1dama, kter\u00fd sed\u011bli se mnou vzadu, tak to byli moji kamar\u00e1di vlastn\u011b od d\u011btstv\u00ed, de facto u\u017e od \u0161kolky, tak\u017ee s nimi se st\u00fdk\u00e1m a p\u0159\u00e1tel\u00edm se d\u00e1l. \u0158idi\u010d, co n\u00e1s vyboural, toho jsem v podstat\u011b ani neznal, k tomu jsem \u017e\u00e1dn\u00fd vztah nem\u011bl a s p\u0159\u00edtelkyn\u00ed jsem se po hav\u00e1rce roze\u0161el.&#8220;<\/p>\n<p>Na dotaz, co bylo po tom \u00faraze, jak to prob\u00edhalo, odpov\u011bd\u011bl:&#8220; Po tom \u00farazu jsem se dostal do Rehabilita\u010dn\u00edho \u00fastavu v Hrabyni. Tam jsem byl p\u016fl roku a tam jsem se pr\u00e1v\u011b potkal u\u017e s lidma, kter\u00fd byli negativn\u011b nalad\u011bni. Znal jsem tam t\u0159eba motork\u00e1\u0159e a ten zanev\u0159el \u00fapln\u011b, nap\u0159\u00edklad na zdrav\u00ed lid\u00ed. Vlastn\u011b od toho jsem se odrazil j\u00e1, proto\u017ee jsem si \u0159ekl, \u017ee takhle sm\u00fd\u0161let d\u00e1l ur\u010dit\u011b nebudu a sp\u00ed\u0161 jsem se hlavn\u011b zam\u011b\u0159il na to, abych se z toho dostal. T\u0159eba mamka, ta byla na tom hodn\u011b psychicky \u0161patn\u011b a j\u00e1 jsem se hlavn\u011b zam\u011b\u0159il sp\u00ed\u0161 na to, abych se co nejv\u00edc osamostatnil a dal se do kopy, a t\u00edm p\u00e1dem jsem si \u0159\u00edkal, \u017ee i ta rodina se potom posune \u00fapln\u011b n\u011bkam jinam. Ze za\u010d\u00e1tku, kdy\u017e jsem byl po operaci, tak jsem si myslel, \u017ee to bude v\u0161ecko dobr\u00fd, \u017ee to bude fajn, ale potom \u010dlov\u011bk, kdy\u017e se dostane do toho rehabilita\u010dn\u00edho \u00fastavu, tak potom za\u010dne p\u0159em\u00fd\u0161let tro\u0161ku jinak. Jako \u0159\u00edk\u00e1 si t\u0159eba: &#8222;Dobr\u00fd, mo\u017en\u00e1 to bude dobr\u00fd, ale mo\u017en\u00e1 taky ne,&#8220; ale pak ty dva roky prost\u011b \u010dlov\u011bk d\u0159e, d\u0159e, a pak kdy\u017e zjist\u00ed stejn\u011b, \u017ee to nepomohlo, tak stejn\u011b potom zam\u011b\u0159\u00ed se jinak a sna\u017e\u00ed si \u017e\u00edt norm\u00e1ln\u011b b\u011b\u017en\u00fd \u017eivot v uvozovk\u00e1ch.&#8220;<\/p>\n<p>Jaroslav te\u010f pracuje v organizaci neziskov\u00e9 ParaCENTRUM Fenix a je koordin\u00e1tor soci\u00e1ln\u011b aktiviza\u010dn\u00edch slu\u017eeb, tak\u017ee zprost\u0159edkov\u00e1v\u00e1\u00a0 cvi\u010den\u00ed klient\u016fm, kte\u0159\u00ed jsou po spin\u00e1ln\u00edm \u00faraze nebo \u00faraze p\u00e1te\u0159e nebo m\u00edchy. Je instruktorem sob\u011bsta\u010dnosti klient\u016f. Jinak se vrcholov\u011b v\u011bnuje basketbalu na voz\u00edku.<\/p>\n<p>\u017d\u00e1ci osm\u00e9 t\u0159\u00eddy z\u00e1kladn\u00ed \u0161koly udr\u017eeli t\u00e9m\u011b\u0159 t\u0159i hodiny pozornost bez probl\u00e9m\u016f.<\/p>\n<p>&#8222;Je to ponau\u010den\u00ed do \u017eivota, jako \u017ee \u010dlov\u011bk si m\u00e1 v\u00e1\u017eit sv\u00fdch hodnot a \u017ee m\u00e1 b\u00fdt opatrnej, no. Tro\u0161ku mi to otev\u0159elo o\u010di,&#8220; m\u00ednil jeden z\u00a0\u017e\u00e1k\u016f.<\/p>\n<p>Jedna z \u017e\u00e1ky\u0148 uvedla:&#8220;Tady p\u0159eci jenom Jarek to m\u00e1 o n\u011bco t\u011b\u017e\u0161\u00ed a necht\u011bla bych se s t\u00edm potkat. Jsem prost\u011b \u0161\u0165astn\u00e1, \u017ee ti lid\u00e9 n\u00e1s berou jako svoje p\u0159\u00e1tele a \u017ee n\u00e1s neberou, \u017ee my je odsuzujeme. A cht\u011bla bych, aby to i ostatn\u00ed lid\u00e9 brali tak, \u017ee oni jsou \u00fapln\u011b stejn\u00ed jako my, jenom maj\u00ed n\u011bjakou pot\u00ed\u017e.&#8220;<\/p>\n<p>podle report\u00e1\u017ee \u010cRo zaznamenala invArena<\/p>\n","protected":false},"excerpt":{"rendered":"<div class=\"mh-excerpt\"><p>Ka\u017ed\u00fd rok se v \u010cR zran\u00ed n\u011bkolik lid\u00ed tak, \u017ee jsou do\u017eivotn\u011b upout\u00e1ni na voz\u00edk. V\u011bt\u0161ina p\u0159\u00edpad\u016f je p\u0159itom zp\u016fsoben\u00e1 neopatrnost\u00ed. I proto se rozhodli <a class=\"mh-excerpt-more\" href=\"https:\/\/www.invarena.cz\/?p=6218\" title=\"Voz\u00ed\u010dk\u00e1\u0159i varuj\u00ed d\u011bti p\u0159ed hazardem se zdrav\u00edm\">[&#8230;]<\/a><\/p>\n<\/div>","protected":false},"author":1,"featured_media":0,"comment_status":"open","ping_status":"open","sticky":false,"template":"","format":"standard","meta":{"footnotes":""},"categories":[7],"tags":[],"class_list":["post-6218","post","type-post","status-publish","format-standard","hentry","category-spolecnost"],"_links":{"self":[{"href":"https:\/\/www.invarena.cz\/index.php?rest_route=\/wp\/v2\/posts\/6218","targetHints":{"allow":["GET"]}}],"collection":[{"href":"https:\/\/www.invarena.cz\/index.php?rest_route=\/wp\/v2\/posts"}],"about":[{"href":"https:\/\/www.invarena.cz\/index.php?rest_route=\/wp\/v2\/types\/post"}],"author":[{"embeddable":true,"href":"https:\/\/www.invarena.cz\/index.php?rest_route=\/wp\/v2\/users\/1"}],"replies":[{"embeddable":true,"href":"https:\/\/www.invarena.cz\/index.php?rest_route=%2Fwp%2Fv2%2Fcomments&post=6218"}],"version-history":[{"count":0,"href":"https:\/\/www.invarena.cz\/index.php?rest_route=\/wp\/v2\/posts\/6218\/revisions"}],"wp:attachment":[{"href":"https:\/\/www.invarena.cz\/index.php?rest_route=%2Fwp%2Fv2%2Fmedia&parent=6218"}],"wp:term":[{"taxonomy":"category","embeddable":true,"href":"https:\/\/www.invarena.cz\/index.php?rest_route=%2Fwp%2Fv2%2Fcategories&post=6218"},{"taxonomy":"post_tag","embeddable":true,"href":"https:\/\/www.invarena.cz\/index.php?rest_route=%2Fwp%2Fv2%2Ftags&post=6218"}],"curies":[{"name":"wp","href":"https:\/\/api.w.org\/{rel}","templated":true}]}}