{"id":62199,"date":"2025-12-09T18:46:44","date_gmt":"2025-12-09T17:46:44","guid":{"rendered":"https:\/\/www.invarena.cz\/?p=62199"},"modified":"2025-12-09T18:46:45","modified_gmt":"2025-12-09T17:46:45","slug":"komunitni-bydleni-v-hradci-umozni-navrat-lidi-s-postizenim-do-bezneho-zivota","status":"publish","type":"post","link":"https:\/\/www.invarena.cz\/?p=62199","title":{"rendered":"Komunitn\u00ed bydlen\u00ed v Hradci umo\u017en\u00ed n\u00e1vrat lid\u00ed s posti\u017een\u00edm do b\u011b\u017en\u00e9ho \u017eivota"},"content":{"rendered":"\n<p>Kr\u00e1lov\u00e9hradeck\u00fd kraj otev\u0159el v Hradci Kr\u00e1lov\u00e9 dva byty pro soci\u00e1ln\u00ed rehabilitaci lid\u00ed s ment\u00e1ln\u00edm handicapem. Rekonstrukce rodinn\u00e9ho domu v ulici Prokopa Hol\u00e9ho na Pra\u017esk\u00e9m P\u0159edm\u011bst\u00ed vy\u0161la v\u010detn\u011b vybaven\u00ed na 18,3 milionu korun, 85 procent n\u00e1klad\u016f pokryla evropsk\u00e1 dotace. C\u00edlem slu\u017eby soci\u00e1ln\u00ed rehabilitace je usnadnit lidem s ment\u00e1ln\u00edm \u010di kombinovan\u00fdm posti\u017een\u00edm n\u00e1vrat do b\u011b\u017en\u00e9ho \u017eivota, informovali dnes \u010cTK z\u00e1stupci hejtmanstv\u00ed.<\/p>\n\n\n\n<p>Projekt je sou\u010d\u00e1st\u00ed procesu transformace soci\u00e1ln\u00edch slu\u017eeb, kdy l\u016f\u017eka v \u00fastavn\u00edm za\u0159\u00edzen\u00ed nahrazuj\u00ed slu\u017eby komunitn\u00edho charakteru. \u201eKlienti na Pra\u017esk\u00e9m P\u0159edm\u011bst\u00ed budou moci vyu\u017e\u00edvat ubytov\u00e1n\u00ed ve dvou pln\u011b za\u0159\u00edzen\u00fdch dom\u00e1cnostech. Rekonstrukce spo\u010d\u00edvala ve stavebn\u00edch \u00faprav\u00e1ch rodinn\u00e9ho domu, kter\u00fd jsme p\u0159izp\u016fsobili tak, aby vyhovoval nov\u00e9mu vyu\u017eit\u00ed. Vybudovali jsme dva byty chr\u00e1n\u011bn\u00e9ho bydlen\u00ed pro \u0161est klient\u016f, kter\u00e9 spl\u0148uj\u00ed po\u017eadavky modern\u00ed soci\u00e1ln\u00ed rehabilitace,&#8220; uvedl krajsk\u00fd radn\u00ed pro investice Zden\u011bk Praus (ANO).<\/p>\n\n\n\n<p>Klienti budou bydlet v b\u011b\u017en\u00e9m dom\u011b, v takzvan\u00e9 komunitn\u00ed form\u011b pobytov\u00e9 soci\u00e1ln\u00ed slu\u017eby, a zapoj\u00ed se do b\u011b\u017en\u00e9ho \u017eivota. \u201eSlu\u017eba umo\u017en\u00ed lidem, kte\u0159\u00ed pot\u0159ebuj\u00ed podporu p\u0159i samostatn\u00e9m \u017eivot\u011b, z\u00edskat stabiln\u00ed z\u00e1zem\u00ed a odbornou pomoc. Jde v podstat\u011b o n\u00e1cvik co nejv\u011bt\u0161\u00ed samostatnosti. Ne\u017e klienti zvl\u00e1dnou odej\u00edt do b\u011b\u017en\u00e9ho prost\u0159ed\u00ed, prov\u00e1z\u00ed je soci\u00e1ln\u00ed pracovn\u00edci,&#8220; uvedla n\u00e1m\u011bstkyn\u011b hejtmana pro soci\u00e1ln\u00ed v\u011bci Jana H\u016flkov\u00e1 (ANO).<\/p>\n\n\n\n<p>Slu\u017eba soci\u00e1ln\u00ed rehabilitace zvy\u0161uje podle veden\u00ed kraje kvalitu dostupn\u00fdch soci\u00e1ln\u00edch slu\u017eeb v regionu. Kraj by na tento modern\u00ed typ p\u00e9\u010de o osoby s ment\u00e1ln\u00edm handicapem cht\u011bl postupn\u011b p\u0159ech\u00e1zet. Nap\u0159\u00edklad od jara 2024 funguj\u00ed chr\u00e1n\u011bn\u00e9 byty pro ment\u00e1ln\u011b posti\u017een\u00e9 v Ji\u010d\u00edn\u011b. Vybudoval je kraj za 42 milion\u016f korun a p\u0159esunulo se do nich 11 lid\u00ed s lehk\u00fdm, st\u0159edn\u00edm nebo kombinovan\u00fdm posti\u017een\u00edm z Domova soci\u00e1ln\u00edch slu\u017eeb v Chot\u011blic\u00edch. Bytov\u00fd d\u016fm s chr\u00e1n\u011bn\u00fdmi byty pro 12 lidi s ment\u00e1ln\u00edm posti\u017een\u00edm vznikne do konce p\u0159\u00ed\u0161t\u00edho roku tak\u00e9 v Ho\u0159ic\u00edch na Ji\u010d\u00ednsku za 40,9 milionu korun.<\/p>\n\n\n\n<p>\u010cTK<\/p>\n\n\n\n<p>Hradeck\u00fd den\u00edk<\/p>\n\n\n\n<p><a href=\"https:\/\/hradecky.denik.cz\" target=\"_blank\" rel=\"noreferrer noopener\">https:\/\/hradecky.denik.cz<\/a><\/p>\n","protected":false},"excerpt":{"rendered":"<div class=\"mh-excerpt\"><p>Kr\u00e1lov\u00e9hradeck\u00fd kraj otev\u0159el v Hradci Kr\u00e1lov\u00e9 dva byty pro soci\u00e1ln\u00ed rehabilitaci lid\u00ed s ment\u00e1ln\u00edm handicapem. Rekonstrukce rodinn\u00e9ho domu v ulici Prokopa Hol\u00e9ho na Pra\u017esk\u00e9m P\u0159edm\u011bst\u00ed <a class=\"mh-excerpt-more\" href=\"https:\/\/www.invarena.cz\/?p=62199\" title=\"Komunitn\u00ed bydlen\u00ed v Hradci umo\u017en\u00ed n\u00e1vrat lid\u00ed s posti\u017een\u00edm do b\u011b\u017en\u00e9ho \u017eivota\">[&#8230;]<\/a><\/p>\n<\/div>","protected":false},"author":1,"featured_media":4001,"comment_status":"open","ping_status":"closed","sticky":false,"template":"","format":"standard","meta":{"footnotes":""},"categories":[9],"tags":[],"class_list":["post-62199","post","type-post","status-publish","format-standard","has-post-thumbnail","hentry","category-zpravy"],"_links":{"self":[{"href":"https:\/\/www.invarena.cz\/index.php?rest_route=\/wp\/v2\/posts\/62199","targetHints":{"allow":["GET"]}}],"collection":[{"href":"https:\/\/www.invarena.cz\/index.php?rest_route=\/wp\/v2\/posts"}],"about":[{"href":"https:\/\/www.invarena.cz\/index.php?rest_route=\/wp\/v2\/types\/post"}],"author":[{"embeddable":true,"href":"https:\/\/www.invarena.cz\/index.php?rest_route=\/wp\/v2\/users\/1"}],"replies":[{"embeddable":true,"href":"https:\/\/www.invarena.cz\/index.php?rest_route=%2Fwp%2Fv2%2Fcomments&post=62199"}],"version-history":[{"count":0,"href":"https:\/\/www.invarena.cz\/index.php?rest_route=\/wp\/v2\/posts\/62199\/revisions"}],"wp:featuredmedia":[{"embeddable":true,"href":"https:\/\/www.invarena.cz\/index.php?rest_route=\/wp\/v2\/media\/4001"}],"wp:attachment":[{"href":"https:\/\/www.invarena.cz\/index.php?rest_route=%2Fwp%2Fv2%2Fmedia&parent=62199"}],"wp:term":[{"taxonomy":"category","embeddable":true,"href":"https:\/\/www.invarena.cz\/index.php?rest_route=%2Fwp%2Fv2%2Fcategories&post=62199"},{"taxonomy":"post_tag","embeddable":true,"href":"https:\/\/www.invarena.cz\/index.php?rest_route=%2Fwp%2Fv2%2Ftags&post=62199"}],"curies":[{"name":"wp","href":"https:\/\/api.w.org\/{rel}","templated":true}]}}