{"id":62203,"date":"2025-12-09T18:53:32","date_gmt":"2025-12-09T17:53:32","guid":{"rendered":"https:\/\/www.invarena.cz\/?p=62203"},"modified":"2025-12-09T18:53:33","modified_gmt":"2025-12-09T17:53:33","slug":"charitativni-mikulas-podporil-malou-viktorku-prispeli-i-sami-certi","status":"publish","type":"post","link":"https:\/\/www.invarena.cz\/?p=62203","title":{"rendered":"Charitativn\u00ed Mikul\u00e1\u0161 podpo\u0159il malou Viktorku. P\u0159isp\u011bli i sami \u010derti"},"content":{"rendered":"\n<p>Tradi\u010dn\u00ed charitativn\u00ed Mikul\u00e1\u0161 v Kol\u00edn\u011b letos vyrazil mezi d\u011bti s jasn\u00fdm c\u00edlem podpo\u0159it finan\u010dn\u011b \u010dty\u0159letou Viktorku se svalovou atrofi\u00ed. Do rodin vyrazily mikul\u00e1\u0161sk\u00e9 skupiny v sobotu, na v\u00fdznamu v\u0161ak jednodenn\u00ed zpo\u017ed\u011bn\u00ed nikterak neubralo.<\/p>\n\n\n\n<p>Dev\u00e1t\u00fdm ro\u010dn\u00edkem se organiz\u00e1to\u0159i charitativn\u00edho Mikul\u00e1\u0161e v Kol\u00edn\u011b rozhodli podpo\u0159it 4letou Viktorku, kter\u00e1 se pot\u00fdk\u00e1 se svalovou atrofi\u00ed a v\u00fdvojovou poruchou \u0159e\u010di.<\/p>\n\n\n\n<p>\u201ePro Viktorku jsme u\u017e v l\u00e9t\u011b po\u0159\u00e1dali Kol\u00ednsk\u00e9 legendy. Je to kr\u00e1sn\u00e1 hol\u010di\u010dka pln\u00e1 pozitivn\u00ed energie, kdy\u017e \u010dlov\u011bk vid\u00ed, jak i p\u0159es sv\u016fj handicap je st\u00e1le usm\u011bvav\u00e1 a raduje se z mali\u010dkost\u00ed, zamiluje si ji,\u201c \u0159ekl hlavn\u00ed organiz\u00e1tor akce Tom\u00e1\u0161 \u0160ulc.<\/p>\n\n\n\n<p>Viktorka je \u010dty\u0159let\u00e1 hol\u010di\u010dka, kter\u00e1 trp\u00ed spin\u00e1ln\u00ed svalovou atrofi\u00ed II. Typu a poruchou v\u00fdvoje \u0159e\u010di. Jde o vz\u00e1cn\u00e9 onemocn\u011bn\u00ed, p\u0159i kter\u00e9m doch\u00e1z\u00ed ke svalov\u00e9 slabosti, pozd\u011bji i slabosti polykac\u00edch a d\u00fdchac\u00edch sval\u016f.<\/p>\n\n\n\n<p>Letos se p\u0159ihl\u00e1silo 46 rodin s celkem 85 d\u011btmi. \u201eJe to sice m\u00e9n\u011b ne\u017e minul\u00fd rok, ale je jasn\u00e9, \u017ee lid\u00e9 cht\u011bj\u00ed Mikul\u00e1\u0161e sp\u00ed\u0161e v den tradice,\u201c vysv\u011btlil \u0160ulc. Jednodenn\u00ed zpo\u017ed\u011bn\u00ed vysv\u011btluje t\u00edm, \u017ee by museli sn\u00ed\u017eit po\u010det skupin i kapacitu. \u201eNa akci je n\u00e1s celkem dvacet. Kdybychom to d\u011blali v p\u00e1tek, ur\u010dit\u011b by se n\u00e1s se\u0161lo m\u00e9n\u011b a nemohli bychom zvl\u00e1dnout tolik rodin,\u201c sd\u011blil.<\/p>\n\n\n\n<p>Obl\u00e9knout a jedeme<\/p>\n\n\n\n<p>Obl\u00e9ct do kost\u00fdm\u016f, nasadit vousy nebo si po\u0159\u00e1dn\u011b zmalovat obli\u010dej. Do p\u0159ihl\u00e1\u0161en\u00fdch rodin se auty rozjeli u\u017e v 16 hodin, zp\u011bt na svou z\u00e1kladnu v restauraci Jiskra na fotbalov\u00e9m stadionu se pekeln\u011b-svat\u00e9 skupiny vracely postupn\u011b kolem 20. hodiny.<\/p>\n\n\n\n<p>\u201eNejen\u017ee se akc\u00ed sna\u017e\u00edme pomoct vybran\u00e9mu d\u00edt\u011bti, ale je to pro n\u00e1s i z\u00e1bava. Cestou se v\u017edy n\u011bkter\u00e9 skupiny zastavuj\u00ed i na m\u00edstech s v\u00edce lidmi. V\u017edy na n\u00e1s lid\u00e9 mile reaguj\u00ed, fot\u00ed si n\u00e1s. Je vid\u011bt, \u017ee ta tradice obecn\u011b sp\u00ed\u0161e upad\u00e1,\u201c \u0159ekl \u0160ulc.<\/p>\n\n\n\n<p>Krom\u011b rodin jedna skupina zav\u00edtala do D\u011btsk\u00e9ho centra v Tylov\u011b ulici. \u201eDo centra jezd\u00edme asi \u010dty\u0159i roky. V\u00e1\u017e\u00edme si toho, \u017ee n\u00e1s zvou a podporuj\u00ed s n\u00e1mi i dal\u0161\u00ed d\u011bti, p\u0159esto\u017ee se sami staraj\u00ed o v\u00e1\u017en\u011b hendikepovan\u00e9 d\u011bti,\u201c uvedl.<\/p>\n\n\n\n<p>Jin\u00e9 skupiny se nepl\u00e1novan\u011b zastavily nap\u0159\u00edklad v kulturn\u00edm dom\u011b nebo v barech u n\u00e1m\u011bst\u00ed. \u201eTo je \u00fasm\u011bvn\u00e9, skupina tam jela po pl\u00e1novan\u00e9 trase a p\u0159ivezla pen\u00edze nav\u00edc. And\u011bl p\u0159ivezl plnou kapsu drobn\u00fdch, kter\u00e9 po se\u010dten\u00ed daly dohromady n\u011bkolik stovek,\u201c pokra\u010doval organiz\u00e1tor v roli Mikul\u00e1\u0161e.<\/p>\n\n\n\n<p>P\u0159isp\u00edvaj\u00ed v\u0161ichni<\/p>\n\n\n\n<p>Tradi\u010dn\u00ed \u010desk\u00e1 akce v pod\u00e1n\u00ed kol\u00ednsk\u00e9 party vyt\u011b\u017eila pro Viktorku celkem 38 478 korun. K \u010d\u00e1stce tak\u00e9 n\u00e1sledn\u011b p\u0159ibylo 20 tis\u00edc korun od restaurace Jiskra, kde lid\u00e9 do konce listopadu mohli kupovat v\u00e1no\u010dn\u00ed dekorace. Celkem tedy Viktorce poputuje 58 478 korun.<\/p>\n\n\n\n<p>\u201eOsobn\u011b si mysl\u00edm, \u017ee to je hezk\u00e1 \u010d\u00e1stka. Loni jsme m\u011bli sice v\u00edce rodin, ale pen\u011bz se vybralo m\u00e9n\u011b. Letos to beru jako velk\u00fd \u00fasp\u011bch,\u201c zm\u00ednil organiz\u00e1tor.<\/p>\n\n\n\n<p>Krom\u011b rodin p\u0159isp\u011bli finan\u010dn\u011b i samotn\u00ed Mikul\u00e1\u0161ov\u00e9, and\u011bl\u00e9 i \u010derti. \u201eP\u0159i s\u010d\u00edt\u00e1n\u00ed jednotliv\u00fdch skupin se p\u0159edh\u00e1n\u00edme, kter\u00e1 skupina vybrala nejv\u00edce. Jsem na v\u0161echny hrd\u00fd, mohli by to nechat, ale drtiv\u00e1 v\u011bt\u0161ina p\u0159ihodila i sv\u00e9 pen\u00edze. D\u011bkuji jim za to,\u201c \u0159ekl \u0160ulc.<\/p>\n\n\n\n<p>Vybran\u00e9 pen\u00edze pomohou Viktorce s rehabilitacemi, kter\u00e9 jsou finan\u010dn\u011b n\u00e1kladn\u00e9. Ro\u010dn\u00ed n\u00e1klady se pohybuj\u00ed od 500 tis\u00edc po 1,5 milionu korun.<\/p>\n\n\n\n<p>Oslav\u00ed jubileum<\/p>\n\n\n\n<p>U\u017e nyn\u00ed je jist\u00e9, \u017ee p\u0159\u00ed\u0161t\u00ed rok uspo\u0159\u00e1daj\u00ed charitativn\u00edho Mikul\u00e1\u0161e znovu, nav\u00edc p\u016fjde o jubilejn\u00ed des\u00e1t\u00fd ro\u010dn\u00edk.<\/p>\n\n\n\n<p>\u201eP\u0159\u00ed\u0161t\u00ed rok do toho p\u016fjdeme ur\u010dit\u011b znovu. Nav\u00edc to vych\u00e1z\u00ed skv\u011ble, \u017ee jubilejn\u00ed ro\u010dn\u00edk budeme moct uspo\u0159\u00e1dat p\u0159\u00edmo v den tradice,\u201c hl\u00e1s\u00e1 \u0160ulc. Znovu tak do kol\u00ednsk\u00fdch rodin vyraz\u00ed 5. prosince 2026.<\/p>\n\n\n\n<p>Charitativn\u00ed Mikul\u00e1\u0161 je projekt Tom\u00e1\u0161e \u0160ulce z Kol\u00edna, kter\u00fd vznikl v roce 2017. Tehdy se akce pojila s charitativn\u00edm v\u00e1no\u010dn\u00edm trhem, kter\u00fd se u\u017e letos nekonal. Z p\u016fvodn\u011b jedn\u00e9 party jsou dnes \u010dty\u0159i, p\u0159i\u010dem\u017e ka\u017edou tvo\u0159\u00ed Mikul\u00e1\u0161, and\u011bl a dva \u010derti. Kompletn\u00ed v\u00fdt\u011b\u017eek ka\u017edoro\u010dn\u011b v\u011bnuj\u00ed vybran\u00e9mu d\u00edt\u011bti s hendikepem.<\/p>\n\n\n\n<p>Petr Proch\u00e1zka<\/p>\n\n\n\n<p>Kol\u00ednsk\u00fd den\u00edk<\/p>\n\n\n\n<p><a href=\"https:\/\/kolinsky.denik.cz\" target=\"_blank\" rel=\"noreferrer noopener\">https:\/\/kolinsky.denik.cz<\/a><\/p>\n","protected":false},"excerpt":{"rendered":"<div class=\"mh-excerpt\"><p>Tradi\u010dn\u00ed charitativn\u00ed Mikul\u00e1\u0161 v Kol\u00edn\u011b letos vyrazil mezi d\u011bti s jasn\u00fdm c\u00edlem podpo\u0159it finan\u010dn\u011b \u010dty\u0159letou Viktorku se svalovou atrofi\u00ed. Do rodin vyrazily mikul\u00e1\u0161sk\u00e9 skupiny v <a class=\"mh-excerpt-more\" href=\"https:\/\/www.invarena.cz\/?p=62203\" title=\"Charitativn\u00ed Mikul\u00e1\u0161 podpo\u0159il malou Viktorku. P\u0159isp\u011bli i sami \u010derti\">[&#8230;]<\/a><\/p>\n<\/div>","protected":false},"author":1,"featured_media":31146,"comment_status":"open","ping_status":"closed","sticky":false,"template":"","format":"standard","meta":{"footnotes":""},"categories":[9],"tags":[],"class_list":["post-62203","post","type-post","status-publish","format-standard","has-post-thumbnail","hentry","category-zpravy"],"_links":{"self":[{"href":"https:\/\/www.invarena.cz\/index.php?rest_route=\/wp\/v2\/posts\/62203","targetHints":{"allow":["GET"]}}],"collection":[{"href":"https:\/\/www.invarena.cz\/index.php?rest_route=\/wp\/v2\/posts"}],"about":[{"href":"https:\/\/www.invarena.cz\/index.php?rest_route=\/wp\/v2\/types\/post"}],"author":[{"embeddable":true,"href":"https:\/\/www.invarena.cz\/index.php?rest_route=\/wp\/v2\/users\/1"}],"replies":[{"embeddable":true,"href":"https:\/\/www.invarena.cz\/index.php?rest_route=%2Fwp%2Fv2%2Fcomments&post=62203"}],"version-history":[{"count":0,"href":"https:\/\/www.invarena.cz\/index.php?rest_route=\/wp\/v2\/posts\/62203\/revisions"}],"wp:featuredmedia":[{"embeddable":true,"href":"https:\/\/www.invarena.cz\/index.php?rest_route=\/wp\/v2\/media\/31146"}],"wp:attachment":[{"href":"https:\/\/www.invarena.cz\/index.php?rest_route=%2Fwp%2Fv2%2Fmedia&parent=62203"}],"wp:term":[{"taxonomy":"category","embeddable":true,"href":"https:\/\/www.invarena.cz\/index.php?rest_route=%2Fwp%2Fv2%2Fcategories&post=62203"},{"taxonomy":"post_tag","embeddable":true,"href":"https:\/\/www.invarena.cz\/index.php?rest_route=%2Fwp%2Fv2%2Ftags&post=62203"}],"curies":[{"name":"wp","href":"https:\/\/api.w.org\/{rel}","templated":true}]}}