{"id":62215,"date":"2025-12-09T20:15:10","date_gmt":"2025-12-09T19:15:10","guid":{"rendered":"https:\/\/www.invarena.cz\/?p=62215"},"modified":"2025-12-09T20:15:10","modified_gmt":"2025-12-09T19:15:10","slug":"jistoty-domova-z-u-davaji-lidem-s-handicapem-jistotu-ze-zivot-doma-zvladnou","status":"publish","type":"post","link":"https:\/\/www.invarena.cz\/?p=62215","title":{"rendered":"Jistoty Domova, z. \u00fa. d\u00e1vaj\u00ed lidem s handicapem jistotu, \u017ee \u017eivot doma zvl\u00e1dnou"},"content":{"rendered":"\n<p>P\u0159iv\u00e1\u017e\u00edme jim pomocn\u00e9 ruce, nohy, o\u010di i mysl a proto mohou i s handicapem v\u00e9st d\u016fstojn\u00fd \u017eivot doma.<\/p>\n\n\n\n<p>\u010clov\u011bk bez handicapu si nep\u0159ipou\u0161t\u00ed, \u017ee by p\u00e9\u010di o sebe nebo dom\u00e1cnost nezvl\u00e1dal.<\/p>\n\n\n\n<p>A\u017e nemoc\u00ed nebo \u00farazem zjist\u00ed, \u017ee pot\u0159ebuje par\u0165\u00e1ka, aby mohl vst\u00e1t z postele, um\u00fdt se, obl\u00e9ct se, p\u0159ipravit si j\u00eddlo, uklidit a \u017ee pot\u0159ebuje n\u011bkoho, kdo dojde nakoupit nebo mu bude d\u011blat spole\u010dnost.<\/p>\n\n\n\n<p>Jak m\u016f\u017ee \u017e\u00edt doma n\u011bkdo, kdo je upout\u00e1n na l\u016f\u017eko nebo nedok\u00e1\u017ee bez pomoci chodit, proto\u017ee prod\u011blal mozkovou p\u0159\u00edhodu nebo jin\u00e9 v\u00e1\u017en\u00e9 onemocn\u011bn\u00ed \u010di \u00faraz? Jak m\u016f\u017ee \u017e\u00edt doma n\u011bkdo, kdo m\u00e1 ochrnut\u00ed kon\u010detin po d\u011btsk\u00e9 mozkov\u00e9 obrn\u011b a ji\u017e nem\u00e1 p\u0159\u00edbuzn\u00e9, kte\u0159\u00ed by mu cel\u00fd den pom\u00e1hali? Jak m\u016f\u017ee \u017e\u00edt doma n\u011bkdo, komu pam\u011b\u0165 neslou\u017e\u00ed a nev\u00ed, zda se najedl, umyl, vzal si l\u00e9ky a jak se m\u00e1 obl\u00e9ci.<\/p>\n\n\n\n<p>P\u0159\u00edb\u011bhy, s kter\u00fdmi se p\u0159i na\u0161\u00ed pr\u00e1ci setk\u00e1v\u00e1me i rozli\u010dnost omezen\u00ed v sob\u011bsta\u010dnosti na\u0161ich u\u017eivatel\u016f je nespo\u010det. V\u0161ichni maj\u00ed jedno spole\u010dn\u00e9, a to p\u0159\u00e1n\u00ed \u201e\u017e\u00edt doma\u201c.<\/p>\n\n\n\n<p>Organizace Jistoty Domova, z.\u00fa., je nest\u00e1tn\u00ed neziskov\u00e1 organizace, jej\u00ed\u017e n\u00e1klady jsou ze st\u00e1tn\u00edch dotac\u00ed financov\u00e1ny pouze ze 70 % a to nesta\u010d\u00ed. Proto provozujeme dobro\u010dinn\u00fd obchod \u201eDobrej shop\u201c, kter\u00fd sv\u00fdm ziskem z prodeje v\u011bc\u00ed z druh\u00e9 ruky dopl\u0148uje alespo\u0148 zdroje na \u010d\u00e1ste\u010dn\u00e9 n\u00e1klady provozu 8 slu\u017eebn\u00edch automobil\u016f, kter\u00e9 k doj\u00ed\u017ed\u011bn\u00ed za u\u017eivateli nezbytn\u011b pot\u0159ebujeme.<\/p>\n\n\n\n<p>Proto\u017ee jsou n\u00e1klady na provoz automobil\u016f vysok\u00e9, hled\u00e1me d\u00e1rce, kte\u0159\u00ed na\u0161e \u00fasil\u00ed dov\u00e1\u017eet p\u00e9\u010di podpo\u0159\u00ed zasl\u00e1n\u00edm daru v libovoln\u00e9 v\u00fd\u0161i na n\u00e1\u0161 transparentn\u00ed sb\u00edrkov\u00fd \u00fa\u010det. Budeme moc r\u00e1di, kdy\u017e se rozhodnete na\u0161e slu\u017eby podporovat pravideln\u011b t\u0159eba jen p\u0159\u00edsp\u011bvkem v hodnot\u011b jedn\u00e9 k\u00e1vy. Kdy\u017e toti\u017e p\u0159ijdou p\u0159\u00edsp\u011bvky k\u00e1vy ka\u017ed\u00fd m\u011bs\u00edc od v\u00edce d\u00e1rc\u016f, budeme moci dal\u0161\u00edm lidem plnit sen \u2013 \u017e\u00edt doma.<\/p>\n\n\n\n<p>D\u011bkujeme, \u017ee se p\u0159ipoj\u00edte k na\u0161im pravideln\u00fdm d\u00e1rc\u016fm a p\u0159isp\u011bjte na provoz automobil\u016f.<\/p>\n\n\n\n<p>Ji\u017e 14 let soci\u00e1ln\u00ed slu\u017eby Jistot domova p\u0159in\u00e1\u0161\u00ed pomoc t\u011bm, kte\u0159\u00ed p\u0159i\u0161li z n\u011bjak\u00e9ho d\u016fvodu o svou sob\u011bsta\u010dnost. Soci\u00e1ln\u00ed slu\u017eby zaji\u0161\u0165uj\u00ed nap\u0159. pomoc s \u00fakony p\u00e9\u010de o vlastn\u00ed osobu nebo dom\u00e1cnost, pomoc s hygienou a p\u0159\u00edpravou j\u00eddla, poskytuj\u00ed v\u00fdchovn\u00e9, vzd\u011bl\u00e1vac\u00ed a aktiviza\u010dn\u00ed \u010dinnosti pro udr\u017een\u00ed pohybov\u00fdch dovednost\u00ed a psychick\u00fdch schopnost\u00ed, zaji\u0161\u0165uj\u00ed doprovody k l\u00e9ka\u0159\u016fm a dal\u0161\u00ed pot\u0159ebn\u00e9 \u00fakony. Soci\u00e1ln\u00ed pracovnice v\u017edy spole\u010dn\u011b se z\u00e1jemcem a jeho rodinou vyhodnot\u00ed, kter\u00fd druh soci\u00e1ln\u00ed slu\u017eby bude pro pomoc ide\u00e1ln\u00ed.<\/p>\n\n\n\n<p>Jistoty Domova poskytuj\u00ed pe\u010dovatelskou slu\u017ebu, osobn\u00ed asistenci, denn\u00ed stacion\u00e1\u0159, odborn\u00e9 soci\u00e1ln\u00ed poradenstv\u00ed, p\u016fj\u010dovnu kompenza\u010dn\u00edch pom\u016fcek a od b\u0159ezna 2026 budou poskytovat tak\u00e9 odleh\u010dovac\u00ed pobytovou slu\u017ebu.<\/p>\n\n\n\n<p>Budeme r\u00e1di a d\u011bkujeme za Va\u0161e rozhodnut\u00ed podporovat na\u0161e soci\u00e1ln\u00ed slu\u017eby dlouhodob\u011b.<\/p>\n\n\n\n<p>transparentn\u00ed sb\u00edrkov\u00fd \u00fa\u010det \u010d.\u00fa.: 2501070743\/2010<\/p>\n\n\n\n<p>Den\u00edk.cz<\/p>\n\n\n\n<p><a href=\"https:\/\/pr.denik.cz\" target=\"_blank\" rel=\"noreferrer noopener\">https:\/\/pr.denik.cz<\/a><\/p>\n","protected":false},"excerpt":{"rendered":"<div class=\"mh-excerpt\"><p>P\u0159iv\u00e1\u017e\u00edme jim pomocn\u00e9 ruce, nohy, o\u010di i mysl a proto mohou i s handicapem v\u00e9st d\u016fstojn\u00fd \u017eivot doma. \u010clov\u011bk bez handicapu si nep\u0159ipou\u0161t\u00ed, \u017ee by <a class=\"mh-excerpt-more\" href=\"https:\/\/www.invarena.cz\/?p=62215\" title=\"Jistoty Domova, z. \u00fa. d\u00e1vaj\u00ed lidem s handicapem jistotu, \u017ee \u017eivot doma zvl\u00e1dnou\">[&#8230;]<\/a><\/p>\n<\/div>","protected":false},"author":1,"featured_media":14726,"comment_status":"open","ping_status":"closed","sticky":false,"template":"","format":"standard","meta":{"footnotes":""},"categories":[9],"tags":[],"class_list":["post-62215","post","type-post","status-publish","format-standard","has-post-thumbnail","hentry","category-zpravy"],"_links":{"self":[{"href":"https:\/\/www.invarena.cz\/index.php?rest_route=\/wp\/v2\/posts\/62215","targetHints":{"allow":["GET"]}}],"collection":[{"href":"https:\/\/www.invarena.cz\/index.php?rest_route=\/wp\/v2\/posts"}],"about":[{"href":"https:\/\/www.invarena.cz\/index.php?rest_route=\/wp\/v2\/types\/post"}],"author":[{"embeddable":true,"href":"https:\/\/www.invarena.cz\/index.php?rest_route=\/wp\/v2\/users\/1"}],"replies":[{"embeddable":true,"href":"https:\/\/www.invarena.cz\/index.php?rest_route=%2Fwp%2Fv2%2Fcomments&post=62215"}],"version-history":[{"count":0,"href":"https:\/\/www.invarena.cz\/index.php?rest_route=\/wp\/v2\/posts\/62215\/revisions"}],"wp:featuredmedia":[{"embeddable":true,"href":"https:\/\/www.invarena.cz\/index.php?rest_route=\/wp\/v2\/media\/14726"}],"wp:attachment":[{"href":"https:\/\/www.invarena.cz\/index.php?rest_route=%2Fwp%2Fv2%2Fmedia&parent=62215"}],"wp:term":[{"taxonomy":"category","embeddable":true,"href":"https:\/\/www.invarena.cz\/index.php?rest_route=%2Fwp%2Fv2%2Fcategories&post=62215"},{"taxonomy":"post_tag","embeddable":true,"href":"https:\/\/www.invarena.cz\/index.php?rest_route=%2Fwp%2Fv2%2Ftags&post=62215"}],"curies":[{"name":"wp","href":"https:\/\/api.w.org\/{rel}","templated":true}]}}