{"id":62230,"date":"2025-12-09T21:21:51","date_gmt":"2025-12-09T20:21:51","guid":{"rendered":"https:\/\/www.invarena.cz\/?p=62230"},"modified":"2025-12-09T21:21:52","modified_gmt":"2025-12-09T20:21:52","slug":"sanitka-splnenych-snu-tezce-nemocnemu-petrovi-umoznila-hudebni-zazitek","status":"publish","type":"post","link":"https:\/\/www.invarena.cz\/?p=62230","title":{"rendered":"Sanitka spln\u011bn\u00fdch sn\u016f t\u011b\u017ece nemocn\u00e9mu Petrovi umo\u017enila hudebn\u00ed z\u00e1\u017eitek"},"content":{"rendered":"\n<p>Petrovi (55) l\u00e9ka\u0159i diagnostikovali roztrou\u0161enou skler\u00f3zu (RS) p\u0159ed v\u00edce ne\u017e 25 lety. Policista a otec dvou mal\u00fdch dcer se musel nau\u010dit \u017e\u00edt s nemoc\u00ed, kter\u00e1 jej postupn\u011b znehyb\u0148ovala. \u201eRodi\u010de n\u00e1m nejprve tat\u00ednkovu nemoc tajili, abychom se zbyte\u010dn\u011b neb\u00e1ly a mohly pro\u017e\u00edvat norm\u00e1ln\u00ed d\u011btstv\u00ed. V t\u00e9 dob\u011b se o roztrou\u0161en\u00e9 skler\u00f3ze tolik nev\u011bd\u011blo a tat\u00ednek bohu\u017eel nedostal modern\u00ed l\u00e9\u010dbu hned v po\u010d\u00e1tku nemoci,\u201c \u0159\u00edk\u00e1 Petrova star\u0161\u00ed dcera Adriana. Petr pozd\u011bji za\u010dal doj\u00ed\u017ed\u011bt do specializovan\u00e9ho centra pro l\u00e9\u010dbu RS do Prahy a n\u00e1sledn\u011b do Teplic.<\/p>\n\n\n\n<p>Cel\u00fd \u010dl\u00e1nek naleznete v Pra\u017esk\u00e9m Patriotu: <a href=\"https:\/\/www.prazskypatriot.cz\/sanitka-splnenych-snu-tezce-nemocnemu-petrovi-umoznila-hudebni-zazitek\/\" target=\"_blank\" rel=\"noreferrer noopener\">https:\/\/www.prazskypatriot.cz\/sanitka-splnenych-snu-tezce-nemocnemu-petrovi-umoznila-hudebni-zazitek\/<\/a><\/p>\n","protected":false},"excerpt":{"rendered":"<div class=\"mh-excerpt\"><p>Petrovi (55) l\u00e9ka\u0159i diagnostikovali roztrou\u0161enou skler\u00f3zu (RS) p\u0159ed v\u00edce ne\u017e 25 lety. Policista a otec dvou mal\u00fdch dcer se musel nau\u010dit \u017e\u00edt s nemoc\u00ed, kter\u00e1 <a class=\"mh-excerpt-more\" href=\"https:\/\/www.invarena.cz\/?p=62230\" title=\"Sanitka spln\u011bn\u00fdch sn\u016f t\u011b\u017ece nemocn\u00e9mu Petrovi umo\u017enila hudebn\u00ed z\u00e1\u017eitek\">[&#8230;]<\/a><\/p>\n<\/div>","protected":false},"author":1,"featured_media":14145,"comment_status":"open","ping_status":"closed","sticky":false,"template":"","format":"standard","meta":{"footnotes":""},"categories":[9],"tags":[],"class_list":["post-62230","post","type-post","status-publish","format-standard","has-post-thumbnail","hentry","category-zpravy"],"_links":{"self":[{"href":"https:\/\/www.invarena.cz\/index.php?rest_route=\/wp\/v2\/posts\/62230","targetHints":{"allow":["GET"]}}],"collection":[{"href":"https:\/\/www.invarena.cz\/index.php?rest_route=\/wp\/v2\/posts"}],"about":[{"href":"https:\/\/www.invarena.cz\/index.php?rest_route=\/wp\/v2\/types\/post"}],"author":[{"embeddable":true,"href":"https:\/\/www.invarena.cz\/index.php?rest_route=\/wp\/v2\/users\/1"}],"replies":[{"embeddable":true,"href":"https:\/\/www.invarena.cz\/index.php?rest_route=%2Fwp%2Fv2%2Fcomments&post=62230"}],"version-history":[{"count":0,"href":"https:\/\/www.invarena.cz\/index.php?rest_route=\/wp\/v2\/posts\/62230\/revisions"}],"wp:featuredmedia":[{"embeddable":true,"href":"https:\/\/www.invarena.cz\/index.php?rest_route=\/wp\/v2\/media\/14145"}],"wp:attachment":[{"href":"https:\/\/www.invarena.cz\/index.php?rest_route=%2Fwp%2Fv2%2Fmedia&parent=62230"}],"wp:term":[{"taxonomy":"category","embeddable":true,"href":"https:\/\/www.invarena.cz\/index.php?rest_route=%2Fwp%2Fv2%2Fcategories&post=62230"},{"taxonomy":"post_tag","embeddable":true,"href":"https:\/\/www.invarena.cz\/index.php?rest_route=%2Fwp%2Fv2%2Ftags&post=62230"}],"curies":[{"name":"wp","href":"https:\/\/api.w.org\/{rel}","templated":true}]}}