{"id":62284,"date":"2025-12-10T19:27:56","date_gmt":"2025-12-10T18:27:56","guid":{"rendered":"https:\/\/www.invarena.cz\/?p=62284"},"modified":"2025-12-10T19:27:56","modified_gmt":"2025-12-10T18:27:56","slug":"krize-nemecke-vlady-kvuli-duchodum","status":"publish","type":"post","link":"https:\/\/www.invarena.cz\/?p=62284","title":{"rendered":"Krize\u00a0n\u011bmeck\u00e9\u00a0vl\u00e1dy\u00a0kv\u016fli d\u016fchod\u016fm"},"content":{"rendered":"\n<p>\u010cesk\u00e1 televize<\/p>\n\n\n\n<p>N\u011bmecko st\u00e1rne a spolkov\u00e1 vl\u00e1da chce reformovat d\u016fchodov\u00fd syst\u00e9m. U\u017e p\u0159\u00edpravnou f\u00e1zi zm\u011bn ale kancl\u00e9\u0159 Friedrich Merz ust\u00e1l jen t\u011bsn\u011b. Vzbou\u0159ili se jeho mlad\u00ed spolustran\u00edci. Pomoc nakonec p\u0159i\u0161la z ne\u010dekan\u00e9 strany.<\/p>\n\n\n\n<p> <strong>Helena Truchl\u00e1, zpravodajka \u010cT<\/strong> Koalice CDU\/CSU a SPD m\u00e1 328 k\u0159esel. Prvn\u00ed krok k d\u016fchodov\u00e9 reform\u011b ale schv\u00e1lilo jen 319 z nich. V parlamentu se striktn\u00ed discipl\u00ednou vz\u00e1cn\u00fd jev. V\u00fdsledkem je z\u00e1kon, kter\u00fd na dal\u0161\u00edch \u0161est let pevn\u011b sv\u00e1\u017ee v\u00fd\u0161i d\u016fchod\u016f a v\u00fd\u0161i mezd. Opat\u0159en\u00ed hlasit\u011b kritizuj\u00ed p\u0159edn\u00ed ekonomov\u00e9 a tak\u00e9 mlad\u00e1 skupina k\u0159es\u0165anskodemokratick\u00fdch poslanc\u016f. Vad\u00ed jim, \u017ee vl\u00e1da ne\u0159e\u0161\u00ed, kde na d\u016fchody vezme v dal\u0161\u00edch desetilet\u00edch, v d\u016fsledku by je musel dotovat st\u00e1tn\u00ed rozpo\u010det \u010d\u00e1stkou asi 15 miliard euro ro\u010dn\u011b. To se nel\u00edb\u00ed ani dvaat\u0159icetilet\u00e9mu Danielu K\u00f6lblovi. Kancl\u00e9\u0159e ale nakonec podr\u017eel. <\/p>\n\n\n\n<p><strong>Daniel K\u00f6lbl, poslanec za CDU, \u010dlen Mlad\u00e9 skupiny<\/strong> Pot\u0159ebujeme stabiln\u00ed a akceschopnou vl\u00e1du. Obzvl\u00e1\u0161\u0165 v t\u011bchto zahrani\u010dn\u011bpoliticky nejist\u00fdch \u010dasech. <\/p>\n\n\n\n<p><strong>Helena Truchl\u00e1, zpravodajka \u010cT<\/strong> Nejmen\u0161\u00ed opozi\u010dn\u00ed strana Levice se p\u0159i hlasov\u00e1n\u00ed zdr\u017eela, vl\u00e1d\u011b t\u00edm pomohla, kancl\u00e9\u0159e ale dostala do citliv\u00e9 situace. Spolupr\u00e1ci s Levic\u00ed toti\u017e kategoricky odm\u00edt\u00e1. I proto nakonec odpor mlad\u00fdch konzervativc\u016f po\u010detn\u011b oslabil. Kancl\u00e9\u0159 rebel\u016fm tak\u00e9 sl\u00edbil, \u017ee p\u0159\u00edprava skute\u010dn\u011b velk\u00e9 d\u016fchodov\u00e9 reformy za\u010dne hned<\/p>\n\n\n\n<p>. <strong>Daniel K\u00f6lbl, poslanec za CDU, \u010dlen Mlad\u00e9 skupiny<\/strong> Pro m\u011b velmi osobn\u011b jako\u017eto mlad\u00e9ho poslance je d\u016fle\u017eit\u00e9, aby to \u0159e\u0161en\u00ed bylo mezigenera\u010dn\u011b spravedliv\u00e9.<\/p>\n\n\n\n<p> <strong>Helena Truchl\u00e1, zpravodajka \u010cT<\/strong> N\u00e1vrhy se m\u00e1 zab\u00fdvat speci\u00e1ln\u00ed komise, kter\u00e1 se poprv\u00e9 sejde je\u0161t\u011b letos.<\/p>\n\n\n\n<p> <strong>Peter Haan (N\u011bmeck\u00fd institut institut pro v\u00fdzkum hospod\u00e1\u0159stv\u00ed DIW),<\/strong> Mus\u00edme mluvit o tom, \u017ee lid\u00e9 budou pracovat d\u00e9le, \u017ee \u00farove\u0148 penz\u00ed bude d\u00e1l klesat a \u017ee mo\u017enosti p\u0159ed\u010dasn\u00e9ho odchodu do penze budou zru\u0161eny. <\/p>\n\n\n\n<p><strong>Helena Truchl\u00e1, zpravodajka \u010cT<\/strong> Posledn\u00edch 15 let pomohla stabilit\u011b syst\u00e9mu rostouc\u00ed zam\u011bstnanost a migrace. To se te\u010f m\u011bn\u00ed a pom\u011br d\u016fchod\u016f ke mzd\u00e1m se postupn\u011b sni\u017euje. Podle \u010derstv\u00e9ho srovn\u00e1n\u00ed OECD je na tom Spolkov\u00e1 republika v tomto ohledu h\u016f\u0159 ne\u017e \u010cesko. Bezm\u00e1la p\u011btina lid\u00ed ve v\u011bku nad 65 let je ohro\u017een\u00e1 chudobou. Podle ekonom\u016f ale sou\u010dasn\u00fd vl\u00e1dn\u00ed n\u00e1vrh pom\u00e1h\u00e1 sp\u00ed\u0161e t\u011bm l\u00e9pe zaji\u0161t\u011bn\u00fdm. N\u011bmeck\u00e1 populace tak\u00e9 rychle st\u00e1rne, tak\u017ee na jednoho d\u016fchodce p\u0159ipad\u00e1 st\u00e1le m\u00e9n\u011b lid\u00ed v produktivn\u00edm v\u011bku. N\u00e1klady ponesou p\u0159edev\u0161\u00edm ti mlad\u00ed. Z Berl\u00edna Helena Truchl\u00e1, <\/p>\n","protected":false},"excerpt":{"rendered":"<div class=\"mh-excerpt\"><p>\u010cesk\u00e1 televize N\u011bmecko st\u00e1rne a spolkov\u00e1 vl\u00e1da chce reformovat d\u016fchodov\u00fd syst\u00e9m. U\u017e p\u0159\u00edpravnou f\u00e1zi zm\u011bn ale kancl\u00e9\u0159 Friedrich Merz ust\u00e1l jen t\u011bsn\u011b. Vzbou\u0159ili se jeho <a class=\"mh-excerpt-more\" href=\"https:\/\/www.invarena.cz\/?p=62284\" title=\"Krize\u00a0n\u011bmeck\u00e9\u00a0vl\u00e1dy\u00a0kv\u016fli d\u016fchod\u016fm\">[&#8230;]<\/a><\/p>\n<\/div>","protected":false},"author":1,"featured_media":14283,"comment_status":"open","ping_status":"closed","sticky":false,"template":"","format":"standard","meta":{"footnotes":""},"categories":[9],"tags":[],"class_list":["post-62284","post","type-post","status-publish","format-standard","has-post-thumbnail","hentry","category-zpravy"],"_links":{"self":[{"href":"https:\/\/www.invarena.cz\/index.php?rest_route=\/wp\/v2\/posts\/62284","targetHints":{"allow":["GET"]}}],"collection":[{"href":"https:\/\/www.invarena.cz\/index.php?rest_route=\/wp\/v2\/posts"}],"about":[{"href":"https:\/\/www.invarena.cz\/index.php?rest_route=\/wp\/v2\/types\/post"}],"author":[{"embeddable":true,"href":"https:\/\/www.invarena.cz\/index.php?rest_route=\/wp\/v2\/users\/1"}],"replies":[{"embeddable":true,"href":"https:\/\/www.invarena.cz\/index.php?rest_route=%2Fwp%2Fv2%2Fcomments&post=62284"}],"version-history":[{"count":0,"href":"https:\/\/www.invarena.cz\/index.php?rest_route=\/wp\/v2\/posts\/62284\/revisions"}],"wp:featuredmedia":[{"embeddable":true,"href":"https:\/\/www.invarena.cz\/index.php?rest_route=\/wp\/v2\/media\/14283"}],"wp:attachment":[{"href":"https:\/\/www.invarena.cz\/index.php?rest_route=%2Fwp%2Fv2%2Fmedia&parent=62284"}],"wp:term":[{"taxonomy":"category","embeddable":true,"href":"https:\/\/www.invarena.cz\/index.php?rest_route=%2Fwp%2Fv2%2Fcategories&post=62284"},{"taxonomy":"post_tag","embeddable":true,"href":"https:\/\/www.invarena.cz\/index.php?rest_route=%2Fwp%2Fv2%2Ftags&post=62284"}],"curies":[{"name":"wp","href":"https:\/\/api.w.org\/{rel}","templated":true}]}}