{"id":62307,"date":"2025-12-10T21:09:04","date_gmt":"2025-12-10T20:09:04","guid":{"rendered":"https:\/\/www.invarena.cz\/?p=62307"},"modified":"2025-12-10T21:09:05","modified_gmt":"2025-12-10T20:09:05","slug":"nebyla-jsem-daleko-od-sebevrazdy-priznava-matka-agresivniho-autisty-pomoc-nasla-az-po-dvou-letech","status":"publish","type":"post","link":"https:\/\/www.invarena.cz\/?p=62307","title":{"rendered":"Nebyla jsem daleko od sebevra\u017edy, p\u0159izn\u00e1v\u00e1 matka agresivn\u00edho autisty. Pomoc na\u0161la a\u017e po dvou letech"},"content":{"rendered":"\n<p>Nem\u00e1me m\u00edsto, nespad\u00e1 do c\u00edlov\u00e9 skupiny, pro n\u00e1ro\u010dn\u00e9 chov\u00e1n\u00ed nebereme. Dva roky sly\u0161ela odpov\u011bdi tohoto typu Zuzana Kr\u00e1\u010dmarov\u00e1 z B\u00edlovce na Novoji\u010d\u00ednsku od z\u00e1stupc\u016f pobytov\u00fdch slu\u017eeb po cel\u00e9m \u010cesku. Hledala toti\u017e m\u00edsto pro dnes dev\u00edtilet\u00e9ho, t\u011b\u017ece retardovan\u00e9ho syna Mat\u011bje, kter\u00fd m\u00e1 tak\u00e9 poruchu autistick\u00e9ho spektra, ADHD a je agresivn\u00ed k sob\u011b i okol\u00ed. Do\u0161la p\u0159itom a\u017e na konec sv\u00fdch sil, kv\u016fli ne\u0159e\u0161iteln\u00e9 situaci a vy\u010derp\u00e1n\u00ed uva\u017eovala o sebevra\u017ed\u011b.<\/p>\n\n\n\n<p>Cel\u00fd \u010dl\u00e1nek naleznete na novinky.cz: <a href=\"https:\/\/www.novinky.cz\/clanek\/dite-rodina-nebyla-jsem-daleko-od-sebevrazdy-priznava-matka-agresivniho-autisty-pomoc-nasla-az-po-dvou-letech-40552090\" target=\"_blank\" rel=\"noreferrer noopener\">https:\/\/www.novinky.cz\/clanek\/dite-rodina-nebyla-jsem-daleko-od-sebevrazdy-priznava-matka-agresivniho-autisty-pomoc-nasla-az-po-dvou-letech-40552090<\/a><\/p>\n","protected":false},"excerpt":{"rendered":"<div class=\"mh-excerpt\"><p>Nem\u00e1me m\u00edsto, nespad\u00e1 do c\u00edlov\u00e9 skupiny, pro n\u00e1ro\u010dn\u00e9 chov\u00e1n\u00ed nebereme. Dva roky sly\u0161ela odpov\u011bdi tohoto typu Zuzana Kr\u00e1\u010dmarov\u00e1 z B\u00edlovce na Novoji\u010d\u00ednsku od z\u00e1stupc\u016f pobytov\u00fdch <a class=\"mh-excerpt-more\" href=\"https:\/\/www.invarena.cz\/?p=62307\" title=\"Nebyla jsem daleko od sebevra\u017edy, p\u0159izn\u00e1v\u00e1 matka agresivn\u00edho autisty. Pomoc na\u0161la a\u017e po dvou letech\">[&#8230;]<\/a><\/p>\n<\/div>","protected":false},"author":1,"featured_media":18795,"comment_status":"open","ping_status":"closed","sticky":false,"template":"","format":"standard","meta":{"footnotes":""},"categories":[9],"tags":[],"class_list":["post-62307","post","type-post","status-publish","format-standard","has-post-thumbnail","hentry","category-zpravy"],"_links":{"self":[{"href":"https:\/\/www.invarena.cz\/index.php?rest_route=\/wp\/v2\/posts\/62307","targetHints":{"allow":["GET"]}}],"collection":[{"href":"https:\/\/www.invarena.cz\/index.php?rest_route=\/wp\/v2\/posts"}],"about":[{"href":"https:\/\/www.invarena.cz\/index.php?rest_route=\/wp\/v2\/types\/post"}],"author":[{"embeddable":true,"href":"https:\/\/www.invarena.cz\/index.php?rest_route=\/wp\/v2\/users\/1"}],"replies":[{"embeddable":true,"href":"https:\/\/www.invarena.cz\/index.php?rest_route=%2Fwp%2Fv2%2Fcomments&post=62307"}],"version-history":[{"count":0,"href":"https:\/\/www.invarena.cz\/index.php?rest_route=\/wp\/v2\/posts\/62307\/revisions"}],"wp:featuredmedia":[{"embeddable":true,"href":"https:\/\/www.invarena.cz\/index.php?rest_route=\/wp\/v2\/media\/18795"}],"wp:attachment":[{"href":"https:\/\/www.invarena.cz\/index.php?rest_route=%2Fwp%2Fv2%2Fmedia&parent=62307"}],"wp:term":[{"taxonomy":"category","embeddable":true,"href":"https:\/\/www.invarena.cz\/index.php?rest_route=%2Fwp%2Fv2%2Fcategories&post=62307"},{"taxonomy":"post_tag","embeddable":true,"href":"https:\/\/www.invarena.cz\/index.php?rest_route=%2Fwp%2Fv2%2Ftags&post=62307"}],"curies":[{"name":"wp","href":"https:\/\/api.w.org\/{rel}","templated":true}]}}