{"id":62316,"date":"2025-12-10T21:31:19","date_gmt":"2025-12-10T20:31:19","guid":{"rendered":"https:\/\/www.invarena.cz\/?p=62316"},"modified":"2025-12-10T21:31:19","modified_gmt":"2025-12-10T20:31:19","slug":"mala-vytvarnice-s-autismem-z-plzne-ziskala-dve-ceny-z-cinske-ambasady","status":"publish","type":"post","link":"https:\/\/www.invarena.cz\/?p=62316","title":{"rendered":"Mal\u00e1 v\u00fdtvarnice s autismem z Plzn\u011b z\u00edskala dv\u011b ceny z \u010d\u00ednsk\u00e9 ambas\u00e1dy"},"content":{"rendered":"\n<p>ilustra\u010dn\u00ed foto<\/p>\n\n\n\n<p>Nicolette \u017derebov se \u00fa\u010dastn\u00ed v\u00fdtvarn\u00fdch sout\u011b\u017e\u00ed od \u010dty\u0159 let a sb\u00edr\u00e1 jeden \u00fasp\u011bch za druh\u00fdm. A\u010dkoliv m\u00e1 poruchu autistick\u00e9ho spektra, nen\u00ed pro ni probl\u00e9m malovat na dan\u00e9 t\u00e9ma, proto\u017ee slo\u017eku fantazie nem\u00e1 naru\u0161enou. Jej\u00edm nejv\u011bt\u0161\u00edm \u00fasp\u011bchem je um\u00edst\u011bn\u00ed ve v\u00fdtvarn\u00e9 sout\u011b\u017ei Poh\u00e1r p\u0159\u00e1telstv\u00ed po\u0159\u00e1dan\u00e9 Velvyslanectv\u00edm \u010c\u00ednsk\u00e9 lidov\u00e9 republiky, kde obsadila hned dv\u011b m\u00edsta, druh\u00e9 a t\u0159et\u00ed v nejmlad\u0161\u00ed kategorii do \u0161esti let.<\/p>\n\n\n\n<p>\u201ePro Nicolettku je to v podstat\u011b v\u00fdhoda, proto\u017ee vn\u00edm\u00e1 sv\u011bt jinak,\u201c \u0159\u00edk\u00e1 maminka mal\u00e9 v\u00fdtvarnice Nikola \u017derebov.<\/p>\n\n\n\n<p>\u201eKdy\u017e se n\u00e1m ozvali z Velvyslanectv\u00ed \u010c\u00ednsk\u00e9 lidov\u00e9 republiky, \u017ee n\u00e1s zvou na slavnostn\u00ed p\u0159ed\u00e1v\u00e1n\u00ed cen do Prahy, tak jsem tomu nemohla uv\u011b\u0159it,\u201c sd\u011bluje maminka. ,,M\u011bla jsem z toho samoz\u0159ejm\u011b obavu, jak to dcerka zvl\u00e1dne. P\u0159ece jenom to bylo ciz\u00ed prost\u0159ed\u00ed, nev\u011bd\u011bla jsem, zda tam bude hluk, ale riskla jsem to a opravdu jsme tam nakonec jeli s celou rodinou,\u201c dod\u00e1v\u00e1.<\/p>\n\n\n\n<p>Slavnostn\u00ed p\u0159ed\u00e1v\u00e1n\u00ed cen se podle Nikoly \u017derebov uskute\u010dnilo v p\u0159\u00e1telsk\u00e9m duchu. Mluvilo se hlavn\u011b o partnerstv\u00ed mezi \u010c\u00ednou a \u010ceskou republikou. \u201ePotom se rozdaly ceny v podob\u011b v\u011bcn\u00fdch dar\u016f a \u00fa\u010dastn\u00edci m\u011bli mo\u017enost pron\u00e9st kr\u00e1tk\u00fd proslov. Nakonec nechyb\u011blo focen\u00ed s \u010d\u00ednsk\u00fdm velvyslancem a slavnostn\u00ed raut v n\u00e1dhern\u00fdch prostorech \u010d\u00ednsk\u00e9ho velvyslanectv\u00ed,\u201c popisuje Nicolettina maminka.<\/p>\n\n\n\n<p>\u201eNicolettky nejv\u011bt\u0161\u00edm kon\u00ed\u010dkem je samoz\u0159ejm\u011b malov\u00e1n\u00ed, kter\u00e9mu doma v\u011bnuje velkou \u010d\u00e1st dne. Tak\u00e9 nav\u0161t\u011bvuje ji\u017e druh\u00fdm rokem arteterapii pod zku\u0161en\u00fdm terapeutem panem Tom\u00e1\u0161em Markem, kter\u00fd se j\u00ed v\u011bnuje v organizaci Domus. S Nicolette tam jsou dal\u0161\u00ed d\u011bti s poruchou autistick\u00e9ho spektra, kter\u00e9 by v b\u011b\u017en\u00fdch krou\u017ec\u00edch kv\u016fli specifick\u00fdm pot\u0159eb\u00e1m nemohly b\u00fdt,\u201c sd\u011bluje d\u00e1le Nikola \u017derebov.<\/p>\n\n\n\n<p>Nicolette maluje hlavn\u011b pro radost a d\u0159\u00edve, kdy\u017e neum\u011bla je\u0161t\u011b dostate\u010dn\u011b mluvit, to byl zp\u016fsob jej\u00ed komunikace. D\u00edky malov\u00e1n\u00ed dok\u00e1zala rodin\u011b sd\u011blit, co za\u017eila nebo co ji aktu\u00e1ln\u011b zaj\u00edmalo. Dnes u\u017e se dok\u00e1\u017ee l\u00e9pe dorozum\u011bt, ale prost\u0159ednictv\u00edm sv\u00fdch obr\u00e1zk\u016f j\u00ed jde komunikace snadn\u011bji.<\/p>\n\n\n\n<p>\u201eZ onemocn\u011bn\u00ed dcerky byla samoz\u0159ejm\u011b cel\u00e1 na\u0161e rodina ne\u0161\u0165astn\u00e1, ale v\u0161ichni jsme se s touto ne\u010dekanou ranou osudu vyrovnali. Bereme Nicolettku jako norm\u00e1ln\u00ed hol\u010di\u010dku, kterou bezpodm\u00edne\u010dn\u011b milujeme. V\u00edme sice, \u017ee autismus se nevyl\u00e9\u010d\u00ed, ale d\u00edky terapi\u00edm a jej\u00edmu malov\u00e1n\u00ed se jeho projevy m\u016f\u017eou velmi zm\u00edrnit. Nicolette n\u00e1m d\u011bl\u00e1 velkou radost a st\u00e1le se posouv\u00e1, proto v\u011b\u0159\u00edme, \u017ee jednoho dne se rozmluv\u00ed a snad bude v budoucnu \u017e\u00edt b\u011b\u017en\u00fd \u017eivot,\u201c uzav\u00edr\u00e1 maminka Nicolettky.<\/p>\n\n\n\n<p>Veronika Kr\u00e1tk\u00e1<\/p>\n\n\n\n<p>Plze\u0148sk\u00fd den\u00edk<\/p>\n\n\n\n<p><a href=\"https:\/\/plzensky.denik.cz\" target=\"_blank\" rel=\"noreferrer noopener\">https:\/\/plzensky.denik.cz<\/a><\/p>\n","protected":false},"excerpt":{"rendered":"<div class=\"mh-excerpt\"><p>ilustra\u010dn\u00ed foto Nicolette \u017derebov se \u00fa\u010dastn\u00ed v\u00fdtvarn\u00fdch sout\u011b\u017e\u00ed od \u010dty\u0159 let a sb\u00edr\u00e1 jeden \u00fasp\u011bch za druh\u00fdm. A\u010dkoliv m\u00e1 poruchu autistick\u00e9ho spektra, nen\u00ed pro ni <a class=\"mh-excerpt-more\" href=\"https:\/\/www.invarena.cz\/?p=62316\" title=\"Mal\u00e1 v\u00fdtvarnice s autismem z Plzn\u011b z\u00edskala dv\u011b ceny z \u010d\u00ednsk\u00e9 ambas\u00e1dy\">[&#8230;]<\/a><\/p>\n<\/div>","protected":false},"author":1,"featured_media":6269,"comment_status":"open","ping_status":"closed","sticky":false,"template":"","format":"standard","meta":{"footnotes":""},"categories":[9],"tags":[],"class_list":["post-62316","post","type-post","status-publish","format-standard","has-post-thumbnail","hentry","category-zpravy"],"_links":{"self":[{"href":"https:\/\/www.invarena.cz\/index.php?rest_route=\/wp\/v2\/posts\/62316","targetHints":{"allow":["GET"]}}],"collection":[{"href":"https:\/\/www.invarena.cz\/index.php?rest_route=\/wp\/v2\/posts"}],"about":[{"href":"https:\/\/www.invarena.cz\/index.php?rest_route=\/wp\/v2\/types\/post"}],"author":[{"embeddable":true,"href":"https:\/\/www.invarena.cz\/index.php?rest_route=\/wp\/v2\/users\/1"}],"replies":[{"embeddable":true,"href":"https:\/\/www.invarena.cz\/index.php?rest_route=%2Fwp%2Fv2%2Fcomments&post=62316"}],"version-history":[{"count":0,"href":"https:\/\/www.invarena.cz\/index.php?rest_route=\/wp\/v2\/posts\/62316\/revisions"}],"wp:featuredmedia":[{"embeddable":true,"href":"https:\/\/www.invarena.cz\/index.php?rest_route=\/wp\/v2\/media\/6269"}],"wp:attachment":[{"href":"https:\/\/www.invarena.cz\/index.php?rest_route=%2Fwp%2Fv2%2Fmedia&parent=62316"}],"wp:term":[{"taxonomy":"category","embeddable":true,"href":"https:\/\/www.invarena.cz\/index.php?rest_route=%2Fwp%2Fv2%2Fcategories&post=62316"},{"taxonomy":"post_tag","embeddable":true,"href":"https:\/\/www.invarena.cz\/index.php?rest_route=%2Fwp%2Fv2%2Ftags&post=62316"}],"curies":[{"name":"wp","href":"https:\/\/api.w.org\/{rel}","templated":true}]}}