{"id":62330,"date":"2025-12-14T19:40:30","date_gmt":"2025-12-14T18:40:30","guid":{"rendered":"https:\/\/www.invarena.cz\/?p=62330"},"modified":"2025-12-14T19:40:30","modified_gmt":"2025-12-14T18:40:30","slug":"misto-ran-v-kleci-rozdava-radost-prochazka-pomohl-mamince-i-detskym-pacientum","status":"publish","type":"post","link":"https:\/\/www.invarena.cz\/?p=62330","title":{"rendered":"M\u00edsto ran v kleci rozd\u00e1v\u00e1 radost. Proch\u00e1zka pomohl mamince i d\u011btsk\u00fdm pacient\u016fm"},"content":{"rendered":"\n<p>Z\u00e1v\u011br roku v\u011bnuje z\u00e1pasn\u00edk Ji\u0159\u00ed Proch\u00e1zka charit\u011b. Se svoj\u00ed nadac\u00ed zast\u0159e\u0161il nap\u0159\u00edklad tradi\u010dn\u00ed adventn\u00ed koncert na podporu d\u011btsk\u00fdch pacient\u016f v Brn\u011b, na n\u011bm\u017e p\u0159edal \u0161eky v celkov\u00e9 hodnot\u011b 160 tis\u00edc korun. V pra\u017esk\u00e9 Betl\u00e9msk\u00e9 kapli pro zm\u011bnu v\u011bnoval 60 tis\u00edc korun mamince dvou d\u011bt\u00ed s t\u011b\u017ek\u00fdm autismem. Dal\u0161\u00ed d\u00e1rky roznesl v p\u0159estrojen\u00ed za Mikul\u00e1\u0161e.<\/p>\n\n\n\n<p>Proch\u00e1zkova nadace BJP Foundation pom\u00e1h\u00e1 zlep\u0161ovat podm\u00ednky l\u00e9\u010dby i ka\u017edodenn\u00edho \u017eivota mal\u00fdch pacient\u016f dlouhodob\u011b. Za posledn\u00ed \u010dty\u0159i roky rozd\u011blila na podporu d\u011bt\u00ed, jejich rodin a brn\u011bnsk\u00fdch nemocnic na p\u011bt milion\u016f korun.<\/p>\n\n\n\n<p>Jednou z akc\u00ed, jim\u017e se v posledn\u00edm m\u011bs\u00edci v roce pravideln\u011b v\u011bnuje, je adventn\u00ed koncert v Bazilice Nanebevzet\u00ed Panny Marie na Mendlov\u011b n\u00e1m\u011bst\u00ed v Brn\u011b. Letos takto putovalo 70 tis\u00edc korun na Kliniku d\u011btsk\u00e9 neurologie FN Brno od spole\u010dnosti WIV Group, \u0161ek na 50 tis\u00edc korun p\u0159edal Viktor Proch\u00e1zka z advok\u00e1tn\u00ed kancel\u00e1\u0159e Spring Walk z\u00e1stupc\u016fm Kliniky d\u011btsk\u00e9 chirurgie FN Brno a 40 tis\u00edc korun od spole\u010dnosti Mono&amp;Poly \u0161lo na nov\u00fd invalidn\u00ed voz\u00edk pro patn\u00e1ctiletou Veroniku.<\/p>\n\n\n\n<p>\u201ePro d\u011bti, kter\u00e9 tr\u00e1v\u00ed sv\u00e1tky v nemocnici, je ka\u017ed\u00e1 nad\u011bje d\u016fle\u017eit\u00e1. Adventn\u00edm koncertem m\u016f\u017eeme spojit kr\u00e1snou hudbu s pomoc\u00ed, kter\u00e1 m\u00e1 konkr\u00e9tn\u00ed dopad. Ka\u017ed\u00e1 koruna jde p\u0159\u00edmo tam, kde m\u016f\u017ee ulevit nebo rozsv\u00edtit t\u011b\u017ek\u00e9 chv\u00edle,\u201c uvedl Proch\u00e1zka.<\/p>\n\n\n\n<p>V r\u00e1mci dvou benefi\u010dn\u00edch koncert\u016f v historick\u00e9 Betl\u00e9msk\u00e9 kapli v Praze pomohl jeden z nejlep\u0161\u00edch sv\u011btov\u00fdch z\u00e1pasn\u00edk\u016f s p\u0159isp\u011bn\u00edm producenta Radka Machandera mamince Jan\u011b, kter\u00e1 sama pe\u010duje o dv\u011b d\u011bti s t\u011b\u017ek\u00fdm autismem. \u201eJej\u00ed ka\u017edodenn\u00ed \u017eivot je nesm\u00edrn\u011b n\u00e1ro\u010dn\u00fd a pln\u00fd starost\u00ed, kter\u00e9 si v\u011bt\u0161ina z n\u00e1s ani nedok\u00e1\u017ee p\u0159edstavit. O to v\u00edce n\u00e1s t\u011b\u0161\u00ed, \u017ee jsme j\u00ed p\u0159\u00edmo na koncert\u011b mohli p\u0159edat finan\u010dn\u00ed dar 60 tis\u00edc korun, kter\u00fd jej\u00edm d\u011btem pom\u016f\u017ee zajistit pot\u0159ebnou p\u00e9\u010di a podporu,\u201c konstatoval rod\u00e1k z Host\u011bradic na Znojemsku na facebookov\u00e9m \u00fa\u010dtu nadace.<\/p>\n\n\n\n<p>P\u0159\u00ed\u0161t\u00ed z\u00e1pas p\u0159ed narozen\u00edm dcery?<\/p>\n\n\n\n<p>Jako Mikul\u00e1\u0161 se v minul\u00fdch dnech vydal tak\u00e9 mezi d\u011bti, jim\u017e ale m\u00edsto sladkost\u00ed rozd\u00e1val m\u00fcsli.<\/p>\n\n\n\n<p>Na p\u0159elomu listopadu a prosince Proch\u00e1zka ozn\u00e1mil, \u017ee se s\u00e1m p\u0159\u00ed\u0161t\u00ed rok stane otcem. Dcera by se m\u011bla narodit v dubnu, do t\u00e9 doby by cht\u011bl stihnout dal\u0161\u00ed z\u00e1pas.<\/p>\n\n\n\n<p>\u201eDatum narozen\u00ed je zhruba duben. Za\u010d\u00e1tek nebo polovina dubna. Tak jsem si napl\u00e1noval, \u017ee bych cht\u011bl z\u00e1pas je\u0161t\u011b do t\u00e9 doby. Anebo a\u017e po dubnu, kv\u011btnu, kdy se ta velk\u00e1 energie kolem toho usm\u011brn\u00ed a budu moct m\u00edt voln\u011bj\u0161\u00ed ruce a pln\u011b vl\u00edtnout do p\u0159\u00edpravy a dov\u00e9st v\u00edt\u011bzstv\u00ed. A pevn\u011b v\u011b\u0159\u00edm, \u017ee nejen v\u00edt\u011bzstv\u00ed, ale z\u00e1rove\u0148 s t\u00edm i p\u00e1s. D\u011bkuji. B\u016fh v\u00e1m \u017eehnej. V\u00edt\u011bzstv\u00ed!\u201c uvedl pro CNN Prima NEWS.<\/p>\n\n\n\n<p>Ji\u0159\u00ed Pun\u010doch\u00e1\u0159<\/p>\n\n\n\n<p>Brn\u011bnsk\u00fd den\u00edk<\/p>\n\n\n\n<p><a href=\"https:\/\/brnensky.denik.cz\" target=\"_blank\" rel=\"noreferrer noopener\">https:\/\/brnensky.denik.cz<\/a><\/p>\n","protected":false},"excerpt":{"rendered":"<div class=\"mh-excerpt\"><p>Z\u00e1v\u011br roku v\u011bnuje z\u00e1pasn\u00edk Ji\u0159\u00ed Proch\u00e1zka charit\u011b. Se svoj\u00ed nadac\u00ed zast\u0159e\u0161il nap\u0159\u00edklad tradi\u010dn\u00ed adventn\u00ed koncert na podporu d\u011btsk\u00fdch pacient\u016f v Brn\u011b, na n\u011bm\u017e p\u0159edal \u0161eky <a class=\"mh-excerpt-more\" href=\"https:\/\/www.invarena.cz\/?p=62330\" title=\"M\u00edsto ran v kleci rozd\u00e1v\u00e1 radost. Proch\u00e1zka pomohl mamince i d\u011btsk\u00fdm pacient\u016fm\">[&#8230;]<\/a><\/p>\n<\/div>","protected":false},"author":1,"featured_media":19889,"comment_status":"open","ping_status":"closed","sticky":false,"template":"","format":"standard","meta":{"footnotes":""},"categories":[9],"tags":[],"class_list":["post-62330","post","type-post","status-publish","format-standard","has-post-thumbnail","hentry","category-zpravy"],"_links":{"self":[{"href":"https:\/\/www.invarena.cz\/index.php?rest_route=\/wp\/v2\/posts\/62330","targetHints":{"allow":["GET"]}}],"collection":[{"href":"https:\/\/www.invarena.cz\/index.php?rest_route=\/wp\/v2\/posts"}],"about":[{"href":"https:\/\/www.invarena.cz\/index.php?rest_route=\/wp\/v2\/types\/post"}],"author":[{"embeddable":true,"href":"https:\/\/www.invarena.cz\/index.php?rest_route=\/wp\/v2\/users\/1"}],"replies":[{"embeddable":true,"href":"https:\/\/www.invarena.cz\/index.php?rest_route=%2Fwp%2Fv2%2Fcomments&post=62330"}],"version-history":[{"count":0,"href":"https:\/\/www.invarena.cz\/index.php?rest_route=\/wp\/v2\/posts\/62330\/revisions"}],"wp:featuredmedia":[{"embeddable":true,"href":"https:\/\/www.invarena.cz\/index.php?rest_route=\/wp\/v2\/media\/19889"}],"wp:attachment":[{"href":"https:\/\/www.invarena.cz\/index.php?rest_route=%2Fwp%2Fv2%2Fmedia&parent=62330"}],"wp:term":[{"taxonomy":"category","embeddable":true,"href":"https:\/\/www.invarena.cz\/index.php?rest_route=%2Fwp%2Fv2%2Fcategories&post=62330"},{"taxonomy":"post_tag","embeddable":true,"href":"https:\/\/www.invarena.cz\/index.php?rest_route=%2Fwp%2Fv2%2Ftags&post=62330"}],"curies":[{"name":"wp","href":"https:\/\/api.w.org\/{rel}","templated":true}]}}