{"id":62505,"date":"2026-01-05T22:37:49","date_gmt":"2026-01-05T21:37:49","guid":{"rendered":"https:\/\/www.invarena.cz\/?p=62505"},"modified":"2026-01-05T22:38:17","modified_gmt":"2026-01-05T21:38:17","slug":"zamitli-mi-zadost-o-prukaz-ztp-co-proti-tomu-mam-delat","status":"publish","type":"post","link":"https:\/\/www.invarena.cz\/?p=62505","title":{"rendered":"Zam\u00edtli mi \u017e\u00e1dost o pr\u016fkaz ZTP. Co proti tomu mohu d\u011blat?"},"content":{"rendered":"\n<p>&nbsp;<strong>Dotaz<\/strong>: <\/p>\n\n\n\n<p>Pros\u00edm o radu, jak z\u00edskat pr\u016fkazku ZTP. Za\u017e\u00e1dal jsem si pr\u00e1v\u011b o tento doklad, ale byl mi zam\u00edtnut a nab\u00eddli mi pr\u016fkaz, \u017ee m\u016f\u017eu t\u0159eba po\u017e\u00e1dat \u0159idi\u010de autobusu o uvoln\u011bn\u00ed p\u0159edn\u00edho sedadla. M\u00e1m trval\u00e9 po\u0161kozen\u00ed doln\u00edch kon\u010detin, st\u0159edn\u011b t\u011b\u017ek\u00e1 polyneuropatie. Busem nejezd\u00edm, asi t\u011b\u017eko bych se dost\u00e1val od zast\u00e1vek t\u0159eba k l\u00e9ka\u0159i nebo na n\u00e1kupy. Letos jsem dostal invalidn\u00ed d\u016fchod 2. stupn\u011b. Bez man\u017eel\u010diny pomoci si neobuji ani nenat\u00e1hnu pono\u017eky. <br \/><strong><br \/>Odpov\u011b\u010f na dotaz:<\/strong><\/p>\n\n\n\n<p>Pokud jde o z\u00edsk\u00e1n\u00ed pr\u016fkazu ZTP, m\u016f\u017eete podat proti zam\u00edtav\u00e9mu rozhodnut\u00ed \u00daP\u00a0<br \/>odvol\u00e1n\u00ed, o kter\u00e9m by rozhodovalo Ministerstvo pr\u00e1ce a soci\u00e1ln\u00edch v\u011bc\u00ed \u010cR. <\/p>\n\n\n\n<p>Odvol\u00e1n\u00ed proti rozhodnut\u00ed \u00daP je\u00a0nutn\u00e9 podat do 15 dn\u016f od jeho doru\u010den\u00ed. <br \/>Pokud ji\u017e lh\u016fta pro pod\u00e1n\u00ed\u00a0odvol\u00e1n\u00ed uplynula, je nutn\u00e9 obr\u00e1tit se na \u00fa\u0159ad pr\u00e1ce <br \/>s novou \u017e\u00e1dost\u00ed o zm\u011bnu\u00a0n\u00e1roku na p\u0159izn\u00e1n\u00ed pr\u016fkazu osoby se ZP.<\/p>\n\n\n\n<p>V\u00e1\u0161 praktick\u00fd l\u00e9ka\u0159 mus\u00ed m\u00edt k dispozici zpr\u00e1vy od odborn\u00fdch l\u00e9ka\u0159\u016f, ve kter\u00fdch\u00a0<br \/>budou pops\u00e1ny dopady Va\u0161eho zdravotn\u00edho stavu na Va\u0161i pohyblivost. Jeho vyj\u00e1d\u0159en\u00ed<br \/>by m\u011blo b\u00fdt p\u0159\u00edlohou va\u0161\u00ed nov\u00e9 \u017e\u00e1dosti.<\/p>\n\n\n\n<p>Bc. V\u00e1clav Sm\u00ed\u0161ek<br \/>redakce InvArena<\/p>\n","protected":false},"excerpt":{"rendered":"<div class=\"mh-excerpt\"><p>&nbsp;Dotaz: Pros\u00edm o radu, jak z\u00edskat pr\u016fkazku ZTP. Za\u017e\u00e1dal jsem si pr\u00e1v\u011b o tento doklad, ale byl mi zam\u00edtnut a nab\u00eddli mi pr\u016fkaz, \u017ee m\u016f\u017eu <a class=\"mh-excerpt-more\" href=\"https:\/\/www.invarena.cz\/?p=62505\" title=\"Zam\u00edtli mi \u017e\u00e1dost o pr\u016fkaz ZTP. Co proti tomu mohu d\u011blat?\">[&#8230;]<\/a><\/p>\n<\/div>","protected":false},"author":1,"featured_media":20402,"comment_status":"open","ping_status":"closed","sticky":false,"template":"","format":"standard","meta":{"footnotes":""},"categories":[18],"tags":[],"class_list":["post-62505","post","type-post","status-publish","format-standard","has-post-thumbnail","hentry","category-poradna"],"_links":{"self":[{"href":"https:\/\/www.invarena.cz\/index.php?rest_route=\/wp\/v2\/posts\/62505","targetHints":{"allow":["GET"]}}],"collection":[{"href":"https:\/\/www.invarena.cz\/index.php?rest_route=\/wp\/v2\/posts"}],"about":[{"href":"https:\/\/www.invarena.cz\/index.php?rest_route=\/wp\/v2\/types\/post"}],"author":[{"embeddable":true,"href":"https:\/\/www.invarena.cz\/index.php?rest_route=\/wp\/v2\/users\/1"}],"replies":[{"embeddable":true,"href":"https:\/\/www.invarena.cz\/index.php?rest_route=%2Fwp%2Fv2%2Fcomments&post=62505"}],"version-history":[{"count":0,"href":"https:\/\/www.invarena.cz\/index.php?rest_route=\/wp\/v2\/posts\/62505\/revisions"}],"wp:featuredmedia":[{"embeddable":true,"href":"https:\/\/www.invarena.cz\/index.php?rest_route=\/wp\/v2\/media\/20402"}],"wp:attachment":[{"href":"https:\/\/www.invarena.cz\/index.php?rest_route=%2Fwp%2Fv2%2Fmedia&parent=62505"}],"wp:term":[{"taxonomy":"category","embeddable":true,"href":"https:\/\/www.invarena.cz\/index.php?rest_route=%2Fwp%2Fv2%2Fcategories&post=62505"},{"taxonomy":"post_tag","embeddable":true,"href":"https:\/\/www.invarena.cz\/index.php?rest_route=%2Fwp%2Fv2%2Ftags&post=62505"}],"curies":[{"name":"wp","href":"https:\/\/api.w.org\/{rel}","templated":true}]}}