{"id":62515,"date":"2026-01-06T22:41:21","date_gmt":"2026-01-06T21:41:21","guid":{"rendered":"https:\/\/www.invarena.cz\/?p=62515"},"modified":"2026-01-06T22:41:22","modified_gmt":"2026-01-06T21:41:22","slug":"trikralova-sbirka-meni-zivoty-anicka-se-diky-ni-dostala-z-domu-plneho-plisne","status":"publish","type":"post","link":"https:\/\/www.invarena.cz\/?p=62515","title":{"rendered":"T\u0159\u00edkr\u00e1lov\u00e1 sb\u00edrka m\u011bn\u00ed \u017eivoty. Ani\u010dka se d\u00edky n\u00ed dostala z domu pln\u00e9ho pl\u00edsn\u011b"},"content":{"rendered":"\n<p>Tak\u00e9 v leto\u0161n\u00edm roce se v Kutn\u00e9 Ho\u0159e, \u010c\u00e1slavi a p\u0159ilehl\u00fdch obc\u00edch uskute\u010dn\u00ed tradi\u010dn\u00ed T\u0159\u00edkr\u00e1lov\u00e1 sb\u00edrka, nejv\u011bt\u0161\u00ed charitativn\u00ed sb\u00edrka v \u010cesk\u00e9 republice. Navazuje na k\u0159es\u0165anskou tradici sv\u00e1tku Zjeven\u00ed P\u00e1n\u011b, kdy T\u0159i kr\u00e1lov\u00e9 p\u0159in\u00e1\u0161ej\u00ed radostnou zv\u011bst, po\u017eehn\u00e1n\u00ed domov\u016fm a konkr\u00e9tn\u00ed pomoc lidem v nouzi. Oblastn\u00ed charita Kutn\u00e1 Hora zve ve\u0159ejnost k zapojen\u00ed a k podpo\u0159e lid\u00ed, kte\u0159\u00ed se ocitli v obt\u00ed\u017en\u00e9 \u017eivotn\u00ed situaci.<\/p>\n\n\n\n<p>Sb\u00edrka se kon\u00e1 od 1. do 14. ledna, p\u0159i\u010dem\u017e hlavn\u00edm dnem koledov\u00e1n\u00ed bude sobota 10. ledna 2026. Koledn\u00edci p\u0159i sv\u00fdch n\u00e1v\u0161t\u011bv\u00e1ch p\u0159in\u00e1\u0161ej\u00ed do dom\u00e1cnost\u00ed nejen mo\u017enost p\u0159isp\u011bt na dobrou v\u011bc, ale tak\u00e9 symbolick\u00e9 po\u017eehn\u00e1n\u00ed \u201eK+M+B\u201c, kter\u00e9 vyjad\u0159uje prosbu o Bo\u017e\u00ed ochranu a pokoj po cel\u00fd rok.<\/p>\n\n\n\n<p>V\u00fdt\u011b\u017eek T\u0159\u00edkr\u00e1lov\u00e9 sb\u00edrky ka\u017edoro\u010dn\u011b pom\u00e1h\u00e1 konkr\u00e9tn\u00edm lidem v regionu. Jedn\u00edm z m\u00edst, kam podpora sm\u011b\u0159uje, je Centrum P\u0159\u00edstav, kter\u00e9 poskytuje soci\u00e1ln\u00ed slu\u017eby senior\u016fm a lidem s du\u0161evn\u00edm \u010di zdravotn\u00edm posti\u017een\u00edm. Pr\u00e1v\u011b tam na\u0161la pomoc tak\u00e9 Ani\u010dka.<\/p>\n\n\n\n<p>\u201eKdy\u017e jsme se o jej\u00ed situaci dozv\u011bd\u011bli, bylo jasn\u00e9, \u017ee nesm\u00edme ztr\u00e1cet \u010das,\u201c \u0159ekla Mark\u00e9ta Machanov\u00e1, vedouc\u00ed charitn\u00edho Centra P\u0159\u00edstav, a pokra\u010dovala. \u201eAni\u010dka po n\u00e1hl\u00e9 ztr\u00e1t\u011b maminky z\u016fstala sama ve zch\u00e1tral\u00e9m dom\u011b, kde nebylo mo\u017en\u00e9 d\u016fstojn\u011b \u017e\u00edt. D\u00edky podpo\u0159e z T\u0159\u00edkr\u00e1lov\u00e9 sb\u00edrky jsme j\u00ed mohli pomoci naj\u00edt bezpe\u010dn\u00e9 bydlen\u00ed a postavit se znovu na nohy.\u201c<\/p>\n\n\n\n<p>Ani\u010dka s ment\u00e1ln\u00edm posti\u017een\u00edm se po smrti maminky ocitla v dom\u011b bez funk\u010dn\u00edho topen\u00ed, s vlhkost\u00ed a pl\u00edsn\u00ed. T\u00e9m\u011b\u0159 p\u016fl roku se nikomu nesv\u011b\u0159ila, jak t\u011b\u017ek\u00e9 podm\u00ednky doma m\u00e1. Jakmile se pracovn\u00edci Centra P\u0159\u00edstav o jej\u00ed situaci dozv\u011bd\u011bli, za\u010dali okam\u017eit\u011b jednat. Pomohli j\u00ed s hled\u00e1n\u00edm nov\u00e9ho bydlen\u00ed, se st\u011bhov\u00e1n\u00edm, vybaven\u00edm bytu, vypr\u00e1n\u00edm oble\u010den\u00ed i s vy\u0159izov\u00e1n\u00edm \u00fa\u0159edn\u00edch z\u00e1le\u017eitost\u00ed, kter\u00e9 jsou pro Ani\u010dku velmi n\u00e1ro\u010dn\u00e9.<\/p>\n\n\n\n<p>Po p\u0159est\u011bhov\u00e1n\u00ed se jej\u00ed \u017eivot v\u00fdrazn\u011b zm\u011bnil. V Centru P\u0159\u00edstav se za\u010dala u\u010dit va\u0159it a v nov\u00e9m domov\u011b se s podporou pracovnic nau\u010dila pou\u017e\u00edvat spot\u0159ebi\u010de: pra\u010dku, spor\u00e1k, lednici i varnou konvici. \u201eM\u00e1m sv\u016fj byt, um\u00edm si uva\u0159it, zapnu si pra\u010dku. M\u00e1m kl\u00ed\u010d a v\u00edm, \u017ee to zvl\u00e1dnu,\u201c \u0159\u00edk\u00e1 nyn\u00ed Ani\u010dka s \u00fasm\u011bvem. D\u00edky v\u010dasn\u00e9 pomoci nez\u016fstala sama a znovu na\u0161la pocit bezpe\u010d\u00ed i chu\u0165 do \u017eivota.<\/p>\n\n\n\n<p>Krom\u011b podpory Centra P\u0159\u00edstav, kde T\u0159\u00edkr\u00e1lov\u00e1 sb\u00edrka pom\u00e1h\u00e1 spolufinancovat investi\u010dn\u00ed projekt \u201ePlujeme do P\u0159\u00edstavu\u201c, bude v\u00fdt\u011b\u017eek sb\u00edrky pou\u017eit tak\u00e9 na rekonstrukci domu v Kamp\u00e1nov\u011b ulici v Kutn\u00e9 Ho\u0159e. Tam vznik\u00e1 nov\u00e9 Centrum Kamp\u00e1novka, kter\u00e9 bude poskytovat soci\u00e1ln\u00ed slu\u017eby rodin\u00e1m d\u011bt\u00ed se zdravotn\u00edm znev\u00fdhodn\u011bn\u00edm.<\/p>\n\n\n\n<p>Pokud v\u00e1s koledn\u00edci doma nezastihnou nebo se nebudete moci do sb\u00edrky zapojit osobn\u011b, existuje n\u011bkolik dal\u0161\u00edch mo\u017enost\u00ed, jak p\u0159isp\u011bt. Bezhotovostn\u00ed dar lze zaslat do 31. ledna na t\u0159\u00edkr\u00e1lov\u00fd \u00fa\u010det Oblastn\u00ed charity Kutn\u00e1 Hora 66008822\/0800 s variabiln\u00edm symbolem 7779555011. P\u0159isp\u011bt je mo\u017en\u00e9 tak\u00e9 prost\u0159ednictv\u00edm online koledy na webov\u00fdch str\u00e1nk\u00e1ch <a href=\"http:\/\/www.trikralovasbirka.cz\">www.trikralovasbirka.cz<\/a>.<\/p>\n\n\n\n<p>Dal\u0161\u00ed mo\u017enost\u00ed jsou statick\u00e9 pokladni\u010dky um\u00edst\u011bn\u00e9 u partner\u016f sb\u00edrky, jejich\u017e seznam je k dispozici na www.kh.charita.cz\/trikralova-sbirka. Ve farnostech budou pokladni\u010dky k dispozici v kostele sv. Jakuba a v katedr\u00e1le Nanebevzet\u00ed Panny Marie a sv. Jana K\u0159titele v Sedlci, a to od 5. do 14. ledna.<\/p>\n\n\n\n<p>Sou\u010d\u00e1st\u00ed T\u0159\u00edkr\u00e1lov\u00e9 sb\u00edrky bude tak\u00e9 tradi\u010dn\u00ed T\u0159\u00edkr\u00e1lov\u00fd koncert, kter\u00fd se uskute\u010dn\u00ed v ned\u011bli 11. ledna od 16 hodin v katedr\u00e1le Nanebevzet\u00ed Panny Marie a sv. Jana K\u0159titele v Sedlci.<\/p>\n\n\n\n<p>Ve\u0161ker\u00e9 informace k T\u0159\u00edkr\u00e1lov\u00e9 sb\u00edrce 2026 jsou k dispozici na www.kh.charita.cz\/trikralova-sbirka a www.trikralovasbirka.cz.<\/p>\n\n\n\n<p>Ka\u017ed\u00fd dar m\u00e1 smysl. D\u00edky \u0161t\u011bdrosti d\u00e1rc\u016f se m\u016f\u017ee po\u017eehn\u00e1n\u00ed T\u0159\u00edkr\u00e1lov\u00e9 sb\u00edrky prom\u011bnit v konkr\u00e9tn\u00ed pomoc a nov\u00fd za\u010d\u00e1tek pro lidi, kte\u0159\u00ed ji pot\u0159ebuj\u00ed.<\/p>\n\n\n\n<p>Marcela Mommersov\u00e1<\/p>\n\n\n\n<p>Kutnohorsk\u00fd den\u00edk<\/p>\n\n\n\n<p><a href=\"https:\/\/kutnohorsky.denik.cz\" target=\"_blank\" rel=\"noreferrer noopener\">https:\/\/kutnohorsky.denik.cz<\/a><\/p>\n","protected":false},"excerpt":{"rendered":"<div class=\"mh-excerpt\"><p>Tak\u00e9 v leto\u0161n\u00edm roce se v Kutn\u00e9 Ho\u0159e, \u010c\u00e1slavi a p\u0159ilehl\u00fdch obc\u00edch uskute\u010dn\u00ed tradi\u010dn\u00ed T\u0159\u00edkr\u00e1lov\u00e1 sb\u00edrka, nejv\u011bt\u0161\u00ed charitativn\u00ed sb\u00edrka v \u010cesk\u00e9 republice. Navazuje na k\u0159es\u0165anskou <a class=\"mh-excerpt-more\" href=\"https:\/\/www.invarena.cz\/?p=62515\" title=\"T\u0159\u00edkr\u00e1lov\u00e1 sb\u00edrka m\u011bn\u00ed \u017eivoty. Ani\u010dka se d\u00edky n\u00ed dostala z domu pln\u00e9ho pl\u00edsn\u011b\">[&#8230;]<\/a><\/p>\n<\/div>","protected":false},"author":1,"featured_media":40552,"comment_status":"open","ping_status":"closed","sticky":false,"template":"","format":"standard","meta":{"footnotes":""},"categories":[9],"tags":[],"class_list":["post-62515","post","type-post","status-publish","format-standard","has-post-thumbnail","hentry","category-zpravy"],"_links":{"self":[{"href":"https:\/\/www.invarena.cz\/index.php?rest_route=\/wp\/v2\/posts\/62515","targetHints":{"allow":["GET"]}}],"collection":[{"href":"https:\/\/www.invarena.cz\/index.php?rest_route=\/wp\/v2\/posts"}],"about":[{"href":"https:\/\/www.invarena.cz\/index.php?rest_route=\/wp\/v2\/types\/post"}],"author":[{"embeddable":true,"href":"https:\/\/www.invarena.cz\/index.php?rest_route=\/wp\/v2\/users\/1"}],"replies":[{"embeddable":true,"href":"https:\/\/www.invarena.cz\/index.php?rest_route=%2Fwp%2Fv2%2Fcomments&post=62515"}],"version-history":[{"count":0,"href":"https:\/\/www.invarena.cz\/index.php?rest_route=\/wp\/v2\/posts\/62515\/revisions"}],"wp:featuredmedia":[{"embeddable":true,"href":"https:\/\/www.invarena.cz\/index.php?rest_route=\/wp\/v2\/media\/40552"}],"wp:attachment":[{"href":"https:\/\/www.invarena.cz\/index.php?rest_route=%2Fwp%2Fv2%2Fmedia&parent=62515"}],"wp:term":[{"taxonomy":"category","embeddable":true,"href":"https:\/\/www.invarena.cz\/index.php?rest_route=%2Fwp%2Fv2%2Fcategories&post=62515"},{"taxonomy":"post_tag","embeddable":true,"href":"https:\/\/www.invarena.cz\/index.php?rest_route=%2Fwp%2Fv2%2Ftags&post=62515"}],"curies":[{"name":"wp","href":"https:\/\/api.w.org\/{rel}","templated":true}]}}