{"id":62529,"date":"2026-01-06T22:58:20","date_gmt":"2026-01-06T21:58:20","guid":{"rendered":"https:\/\/www.invarena.cz\/?p=62529"},"modified":"2026-01-06T22:58:20","modified_gmt":"2026-01-06T21:58:20","slug":"v-dolni-kalne-hrali-florbal-24-hodin-podporili-zdravotne-postizeneho-samuela","status":"publish","type":"post","link":"https:\/\/www.invarena.cz\/?p=62529","title":{"rendered":"V Doln\u00ed Kaln\u00e9 hr\u00e1li florbal 24 hodin. Podpo\u0159ili zdravotn\u011b posti\u017een\u00e9ho Samuela"},"content":{"rendered":"\n<p>Nep\u0159etr\u017eit\u00e1 hra florbalu trvaj\u00edc\u00ed den a noc se uskute\u010dnila u\u017e pot\u0159et\u00ed v Doln\u00ed Kaln\u00e9. Turnaj mezi \u017elut\u00fdmi a modr\u00fdmi skon\u010dil \u00fasp\u011b\u0161n\u011b v \u00fater\u00fd 30. prosince v prav\u00e9 poledne. Po\u0159\u00e1daj\u00edc\u00ed Sokolov\u00e9 podpo\u0159ili z dobrovoln\u00e9ho vstupn\u00e9ho a dar\u016f t\u011b\u017ece zdravotn\u011b posti\u017een\u00e9ho Samuela.<\/p>\n\n\n\n<p>Akce byla zah\u00e1jena v pond\u011bl\u00ed 29. 12. 2025 ve 12 hodin. Rozehr\u00e1li nejmlad\u0161\u00ed \u017e\u00e1ci, po nich\u017e n\u00e1sledovali dvouhodinov\u00e9 bloky vy\u010dlen\u011bn\u00e9 dal\u0161\u00edm v\u011bkov\u00fdm kategori\u00edm. Ve\u010der si zahr\u00e1li ti, kte\u0159\u00ed se b\u011b\u017en\u011b k florbalu nedostanou \u2013 rodi\u010de, kamar\u00e1di a div\u00e1ci. V noci si mohl zahr\u00e1t kdokoli bez ohledu na v\u011bk a \u00farove\u0148.<\/p>\n\n\n\n<p>Potvrdila se zku\u0161enost minul\u00fdch let, kdy nejnad\u0161en\u011bj\u0161\u00edmi no\u010dn\u00edmi hr\u00e1\u010di jsou kluci ve v\u011bku od 10 do 15 let. Posledn\u00ed hodinu se p\u0159edstavily v\u0161echny v\u011bkov\u00e9 kategorie v 15minutov\u00fdch intervalech. Do hry se zapojilo 75 hr\u00e1\u010d\u016f ve v\u011bku od 4 do 50 let. Dv\u011b mal\u00e9 nad\u011bje, kter\u00fdm je\u0161t\u011b nebylo ani 5 let, byly platn\u00fdmi \u010dleny sv\u00e9ho t\u00fdmu a zapsali se t\u00edm do statistik v\u016fbec nejmlad\u0161\u00edch \u00fa\u010dastn\u00edk\u016f turnaje.<\/p>\n\n\n\n<p>Historick\u00e1 t\u011blocvi\u010dna dolnokalensk\u00e9ho Sokola byla sv\u011bdkem hry, kdy hraj\u00ed t\u0159i hr\u00e1\u010di proti t\u0159em. \u201eHraje se bez brank\u00e1\u0159\u016f na mal\u00e9 branky. Pro zachov\u00e1n\u00ed plynulosti a vysok\u00e9ho tempa hry se rozehr\u00e1v\u00e1 p\u0159\u00edmo od branky. Hra se jen kr\u00e1tce p\u0159eru\u0161\u00ed v p\u0159\u00edpad\u011b autu. Rozhod\u010d\u00ed nen\u00ed pot\u0159eba,\u201c p\u0159ibli\u017euje zp\u016fsob hry jeden z organiz\u00e1tor\u016f Tom\u00e1\u0161 Nov\u00e1k.<\/p>\n\n\n\n<p>St\u0159\u00edd\u00e1 se hokejov\u011b kdykoliv pr\u016fb\u011bhu hry i p\u0159i p\u0159echodu mezi kategoriemi, tak\u017ee se kr\u00e1tce na h\u0159i\u0161ti setkaj\u00ed a\u017e vtipn\u011b rozd\u00edln\u00ed hr\u00e1\u010di jako osmilet\u00e1 hol\u010di\u010dka a dosp\u011bl\u00fd mu\u017e. Sk\u00f3re je zaznamen\u00e1v\u00e1no na velk\u00e9 obrazovce. Leto\u0161n\u00ed ro\u010dn\u00edk skon\u010dil 651:715 ve prosp\u011bch modr\u00fdch. Hodn\u011b se st\u0159\u00edlelo, p\u0159esto padlo o 82 g\u00f3l\u016f m\u00e9n\u011b ne\u017e v lo\u0148sk\u00e9m roce. \u201eU\u017e v\u00edme, na co se mus\u00edme v tr\u00e9ninku zam\u011b\u0159it,\u201c dod\u00e1v\u00e1 po skon\u010den\u00ed s \u00fasm\u011bvem Vojt\u011bch Kl\u016fz, tren\u00e9r a hlavn\u00ed organiz\u00e1tor.<\/p>\n\n\n\n<p>Syndrom t\u0159esen\u00e9ho d\u00edt\u011bte<\/p>\n\n\n\n<p>Hr\u00e1\u010di p\u0159i p\u0159\u00edprav\u00e1ch op\u011bt vyj\u00e1d\u0159ili touhu podpo\u0159it n\u011bkoho, kdo nem\u00e1 mo\u017enost sportovat jako oni. Po lo\u0148sk\u00e9 n\u00e1v\u0161t\u011bv\u011b Sam\u00edka a spolupr\u00e1ci s p\u011bstounskou rodinou Krausov\u00fdch z Benecka padla volba op\u011bt na n\u011bho. Krausovi se ujali Samuela, kter\u00e9ho vlastn\u00ed rodi\u010de v prvn\u00edch m\u011bs\u00edc\u00edch \u017eivota t\u00fdrali a zp\u016fsobili mu nevratn\u00e9 po\u0161kozen\u00ed mozku \u2013 utrp\u011bl tzv. syndrom t\u0159esen\u00e9ho d\u00edt\u011bte. \u201eMo\u017en\u00e1 mnoz\u00ed z v\u00e1s v\u00edte, jak\u00e9 to je, kdy\u017e se v \u017eivot\u011b pust\u00edte na cestu, kter\u00e1 nen\u00ed p\u0159\u00edli\u0161 vy\u0161lapan\u00e1\u2026N\u011bkdy se k v\u00e1m n\u011bkdo p\u0159id\u00e1 a alespo\u0148 kousek pom\u016f\u017ee \u0161lapat s v\u00e1mi a zjist\u00edte, jak to posune ob\u011b strany!\u201c uv\u00e1d\u00ed Barbora Krausov\u00e1, kter\u00e1 oce\u0148uje finan\u010dn\u00ed dar a dopl\u0148uje, \u017ee stejn\u011b d\u016fle\u017eit\u00e9 je pro n\u011b p\u0159ijet\u00ed hr\u00e1\u010d\u016f a mor\u00e1ln\u00ed podpora.<\/p>\n\n\n\n<p>P\u011btilet\u00fd Sam\u00edk nav\u0161t\u00edvil hr\u00e1\u010de prvn\u00ed den, p\u0159ivezl hr\u00e1\u010d\u016fm ovocn\u00e9 ob\u010derstven\u00ed, a nakonec se z\u00fa\u010dastnil na konci turnaje spole\u010dn\u00e9ho focen\u00ed se stejnou medail\u00ed, jakou dostali v\u0161ichni \u00fa\u010dastn\u00edci. \u201eZ\u00edsk\u00e1te p\u0159edev\u0161\u00edm pocit, \u017ee na to nejste sami!\u201c dopl\u0148uje Barbora Krausov\u00e1.<\/p>\n\n\n\n<p>Turnaj uk\u00e1zal, \u017ee hr\u00e1\u010di v\u0161ech v\u011bkov\u00fdch kategori\u00ed zvl\u00e1dnou i velkou zodpov\u011bdnost a um\u00ed se nadchnout, kdy\u017e je jim d\u00e1n prostor. P\u0159i takov\u00e9 spole\u010dn\u00e9 akci se potk\u00e1vaj\u00ed a prol\u00ednaj\u00ed hr\u00e1\u010di r\u016fzn\u00e9 \u00farovn\u011b, v\u011bku, p\u0159\u00edmo z m\u00edstn\u00ed vesnice i okoln\u00edch obc\u00ed. M\u00e1 to zaj\u00edmav\u00fd spole\u010densk\u00fd rozsah, a i to je c\u00edlem akce.<\/p>\n\n\n\n<p>Sokol Doln\u00ed Kaln\u00e1 d\u011bkuje v\u0161em dobrovoln\u00edk\u016fm, d\u00e1rc\u016fm, hr\u00e1\u010d\u016fm, rodi\u010d\u016fm, Obci Doln\u00ed Kaln\u00e1 za podporu a nezi\u0161tnou pomoc. Pro ve\u0159ejnost m\u00edstn\u00ed Sokol po\u0159\u00e1d\u00e1 dal\u0161\u00ed akce jako ples, ma\u0161karn\u00ed \u0161ib\u0159inky, draki\u00e1du, zp\u00edv\u00e1n\u00ed pod v\u00e1no\u010dn\u00edm stromem, pou\u0165 a legend\u00e1rn\u00ed pochod na Sn\u011b\u017eku, jeho\u017e ji\u017e 50. ro\u010dn\u00edk se uskute\u010dn\u00ed v p\u00e1tek 3. \u010dervence 2026.<\/p>\n\n\n\n<p>Tom\u00e1\u0161 Nov\u00e1k<\/p>\n\n\n\n<p>Den\u00edk.cz<\/p>\n\n\n\n<p><a href=\"https:\/\/www.denik.cz\" target=\"_blank\" rel=\"noreferrer noopener\">https:\/\/www.denik.cz<\/a><\/p>\n","protected":false},"excerpt":{"rendered":"<div class=\"mh-excerpt\"><p>Nep\u0159etr\u017eit\u00e1 hra florbalu trvaj\u00edc\u00ed den a noc se uskute\u010dnila u\u017e pot\u0159et\u00ed v Doln\u00ed Kaln\u00e9. Turnaj mezi \u017elut\u00fdmi a modr\u00fdmi skon\u010dil \u00fasp\u011b\u0161n\u011b v \u00fater\u00fd 30. prosince <a class=\"mh-excerpt-more\" href=\"https:\/\/www.invarena.cz\/?p=62529\" title=\"V Doln\u00ed Kaln\u00e9 hr\u00e1li florbal 24 hodin. Podpo\u0159ili zdravotn\u011b posti\u017een\u00e9ho Samuela\">[&#8230;]<\/a><\/p>\n<\/div>","protected":false},"author":1,"featured_media":21141,"comment_status":"open","ping_status":"closed","sticky":false,"template":"","format":"standard","meta":{"footnotes":""},"categories":[9],"tags":[],"class_list":["post-62529","post","type-post","status-publish","format-standard","has-post-thumbnail","hentry","category-zpravy"],"_links":{"self":[{"href":"https:\/\/www.invarena.cz\/index.php?rest_route=\/wp\/v2\/posts\/62529","targetHints":{"allow":["GET"]}}],"collection":[{"href":"https:\/\/www.invarena.cz\/index.php?rest_route=\/wp\/v2\/posts"}],"about":[{"href":"https:\/\/www.invarena.cz\/index.php?rest_route=\/wp\/v2\/types\/post"}],"author":[{"embeddable":true,"href":"https:\/\/www.invarena.cz\/index.php?rest_route=\/wp\/v2\/users\/1"}],"replies":[{"embeddable":true,"href":"https:\/\/www.invarena.cz\/index.php?rest_route=%2Fwp%2Fv2%2Fcomments&post=62529"}],"version-history":[{"count":0,"href":"https:\/\/www.invarena.cz\/index.php?rest_route=\/wp\/v2\/posts\/62529\/revisions"}],"wp:featuredmedia":[{"embeddable":true,"href":"https:\/\/www.invarena.cz\/index.php?rest_route=\/wp\/v2\/media\/21141"}],"wp:attachment":[{"href":"https:\/\/www.invarena.cz\/index.php?rest_route=%2Fwp%2Fv2%2Fmedia&parent=62529"}],"wp:term":[{"taxonomy":"category","embeddable":true,"href":"https:\/\/www.invarena.cz\/index.php?rest_route=%2Fwp%2Fv2%2Fcategories&post=62529"},{"taxonomy":"post_tag","embeddable":true,"href":"https:\/\/www.invarena.cz\/index.php?rest_route=%2Fwp%2Fv2%2Ftags&post=62529"}],"curies":[{"name":"wp","href":"https:\/\/api.w.org\/{rel}","templated":true}]}}