{"id":62535,"date":"2026-01-06T23:05:42","date_gmt":"2026-01-06T22:05:42","guid":{"rendered":"https:\/\/www.invarena.cz\/?p=62535"},"modified":"2026-01-06T23:05:42","modified_gmt":"2026-01-06T22:05:42","slug":"rekordni-vytezek-v-kasicce-pod-vanocnim-stromem-se-seslo-pres-70-tisic","status":"publish","type":"post","link":"https:\/\/www.invarena.cz\/?p=62535","title":{"rendered":"Rekordn\u00ed v\u00fdt\u011b\u017eek. V kasi\u010dce pod v\u00e1no\u010dn\u00edm stromem se se\u0161lo p\u0159es 70 tis\u00edc"},"content":{"rendered":"\n<p>P\u0159erovan\u00e9 op\u011bt uk\u00e1zali, \u017ee maj\u00ed srdce na prav\u00e9m m\u00edst\u011b. Leto\u0161n\u00ed v\u00fdt\u011b\u017eek sb\u00edrky do kasi\u010dky pod v\u00e1no\u010dn\u00edm stromem p\u0159ed\u010dil ve\u0161ker\u00e1 o\u010dek\u00e1v\u00e1n\u00ed a uk\u00e1zal neb\u00fdvalou \u0161t\u011bdrost. Lid\u00e9 vhodili do schr\u00e1nky v drobn\u00fdch i bankovk\u00e1ch celkem 70 952 korun, co\u017e je v\u00edce ne\u017e loni, kdy se v kasi\u010dce se\u0161lo 48 575 korun.<\/p>\n\n\n\n<p>\u201eTento v\u00fdt\u011b\u017eek p\u0159itom nen\u00ed kone\u010dn\u00fd, fin\u00e1ln\u00ed \u010d\u00e1stku budeme zn\u00e1t a\u017e po se\u010dten\u00ed plateb, kter\u00e9 p\u0159i\u0161ly prost\u0159ednictv\u00edm QR k\u00f3du,\u201c uvedl n\u00e1m\u011bstek p\u0159erovsk\u00e9ho prim\u00e1tora Vladim\u00edr Lichnovsk\u00fd.<\/p>\n\n\n\n<p>Pracovn\u00edci magistr\u00e1tu rozpe\u010detili kasi\u010dku v pond\u011bl\u00ed kolem jedn\u00e9 hodiny odpoledne, a pot\u00e9 za\u010dalo n\u00e1ro\u010dn\u00e9 p\u0159epo\u010d\u00edt\u00e1v\u00e1n\u00ed. U\u017e prvn\u00ed pohled na st\u016fl, kam vysypali mince a bankovky, nazna\u010doval, \u017ee padne rekord. V kasi\u010dce bylo dvan\u00e1ct dvoutis\u00edcovek, dv\u011b tis\u00edcovky, ale tak\u00e9 des\u00edtky p\u011btistovek, dvoustovek a stovek. Pen\u00edze vlo\u017eily do ob\u00e1lky i d\u011btsk\u00e9 kolektivy &#8211; nap\u0159\u00edklad \u017e\u00e1ci ze Z\u00e1kladn\u00ed \u0161koly Tr\u00e1vn\u00edk v P\u0159erov\u011b.<\/p>\n\n\n\n<p>\u201eV\u00fdt\u011b\u017eek je nad o\u010dek\u00e1v\u00e1n\u00ed &#8211; u\u017e loni se toti\u017e poda\u0159ilo vybrat p\u0159es 48 tis\u00edc korun, co\u017e byla rekordn\u00ed \u010d\u00e1stka. Sb\u00edrka se po\u0159\u00e1d\u00e1 ka\u017edoro\u010dn\u011b u\u017e v\u00edce ne\u017e deset let s t\u00edm, \u017ee letos jsme za\u010d\u00ednali koncem listopadu a kon\u010d\u00edme 5. ledna. N\u00e1v\u0161t\u011bvn\u00edci v\u00e1no\u010dn\u00edch trh\u016f i n\u00e1hodn\u00ed kolemjdouc\u00ed mohli p\u0159isp\u011bt po celou dobu kon\u00e1n\u00ed akc\u00ed, b\u011bhem koncert\u016f a vystoupen\u00ed,\u201c \u0159ekl Lichnovsk\u00fd.<\/p>\n\n\n\n<p>V\u00fdt\u011b\u017eek podpo\u0159\u00ed Spolusetk\u00e1v\u00e1n\u00ed<\/p>\n\n\n\n<p>V\u00fdt\u011b\u017eek sb\u00edrky pom\u016f\u017ee denn\u00edmu stacion\u00e1\u0159i Spolusetk\u00e1v\u00e1n\u00ed, kam doch\u00e1z\u00ed 26 lid\u00ed s r\u016fzn\u00fdmi typy posti\u017een\u00ed. \u201eV denn\u00edm stacion\u00e1\u0159i se klienti u\u010d\u00ed samostatnosti a rozv\u00edjej\u00ed sv\u00e9 dovednosti. Pod\u00edlej\u00ed se na \u00faklidu, va\u0159en\u00ed, p\u00e9\u010di o zahradu i na rukod\u011bln\u00e9 tvorb\u011b. Pen\u00edze bychom cht\u011bli vyu\u017e\u00edt na vybudov\u00e1n\u00ed nov\u00e9 pergoly a vyv\u00fd\u0161en\u00fdch z\u00e1hon\u016f na zahrad\u011b,\u201c prozradila, kam p\u016fjdou finance, \u0159editelka stacion\u00e1\u0159e Hana Ry\u0161\u00e1nkov\u00e1.<\/p>\n\n\n\n<p>P\u0159erovsk\u00fd den\u00edk<\/p>\n\n\n\n<p><a href=\"https:\/\/prerovsky.denik.cz\" target=\"_blank\" rel=\"noreferrer noopener\">https:\/\/prerovsky.denik.cz<\/a><\/p>\n","protected":false},"excerpt":{"rendered":"<div class=\"mh-excerpt\"><p>P\u0159erovan\u00e9 op\u011bt uk\u00e1zali, \u017ee maj\u00ed srdce na prav\u00e9m m\u00edst\u011b. Leto\u0161n\u00ed v\u00fdt\u011b\u017eek sb\u00edrky do kasi\u010dky pod v\u00e1no\u010dn\u00edm stromem p\u0159ed\u010dil ve\u0161ker\u00e1 o\u010dek\u00e1v\u00e1n\u00ed a uk\u00e1zal neb\u00fdvalou \u0161t\u011bdrost. Lid\u00e9 <a class=\"mh-excerpt-more\" href=\"https:\/\/www.invarena.cz\/?p=62535\" title=\"Rekordn\u00ed v\u00fdt\u011b\u017eek. V kasi\u010dce pod v\u00e1no\u010dn\u00edm stromem se se\u0161lo p\u0159es 70 tis\u00edc\">[&#8230;]<\/a><\/p>\n<\/div>","protected":false},"author":1,"featured_media":14577,"comment_status":"open","ping_status":"closed","sticky":false,"template":"","format":"standard","meta":{"footnotes":""},"categories":[9],"tags":[],"class_list":["post-62535","post","type-post","status-publish","format-standard","has-post-thumbnail","hentry","category-zpravy"],"_links":{"self":[{"href":"https:\/\/www.invarena.cz\/index.php?rest_route=\/wp\/v2\/posts\/62535","targetHints":{"allow":["GET"]}}],"collection":[{"href":"https:\/\/www.invarena.cz\/index.php?rest_route=\/wp\/v2\/posts"}],"about":[{"href":"https:\/\/www.invarena.cz\/index.php?rest_route=\/wp\/v2\/types\/post"}],"author":[{"embeddable":true,"href":"https:\/\/www.invarena.cz\/index.php?rest_route=\/wp\/v2\/users\/1"}],"replies":[{"embeddable":true,"href":"https:\/\/www.invarena.cz\/index.php?rest_route=%2Fwp%2Fv2%2Fcomments&post=62535"}],"version-history":[{"count":0,"href":"https:\/\/www.invarena.cz\/index.php?rest_route=\/wp\/v2\/posts\/62535\/revisions"}],"wp:featuredmedia":[{"embeddable":true,"href":"https:\/\/www.invarena.cz\/index.php?rest_route=\/wp\/v2\/media\/14577"}],"wp:attachment":[{"href":"https:\/\/www.invarena.cz\/index.php?rest_route=%2Fwp%2Fv2%2Fmedia&parent=62535"}],"wp:term":[{"taxonomy":"category","embeddable":true,"href":"https:\/\/www.invarena.cz\/index.php?rest_route=%2Fwp%2Fv2%2Fcategories&post=62535"},{"taxonomy":"post_tag","embeddable":true,"href":"https:\/\/www.invarena.cz\/index.php?rest_route=%2Fwp%2Fv2%2Ftags&post=62535"}],"curies":[{"name":"wp","href":"https:\/\/api.w.org\/{rel}","templated":true}]}}