{"id":62538,"date":"2026-01-06T23:10:04","date_gmt":"2026-01-06T22:10:04","guid":{"rendered":"https:\/\/www.invarena.cz\/?p=62538"},"modified":"2026-01-06T23:10:04","modified_gmt":"2026-01-06T22:10:04","slug":"tri-mudrci-na-velbloudech-prosli-centrem-prahy-pripomneli-trikralovou-sbirku-charity","status":"publish","type":"post","link":"https:\/\/www.invarena.cz\/?p=62538","title":{"rendered":"T\u0159i mudrci na velbloudech pro\u0161li centrem Prahy, p\u0159ipomn\u011bli t\u0159\u00edkr\u00e1lovou sb\u00edrku charity"},"content":{"rendered":"\n<p>Pra\u017esk\u00fd Karl\u016fv most zaplnily v pond\u011bl\u00ed 5. ledna odpoledne op\u011bt davy lid\u00ed. Z Mal\u00e9 Strany a\u017e na Starom\u011bstsk\u00e9 n\u00e1m\u011bst\u00ed p\u0159es n\u011bj p\u0159ech\u00e1zel tradi\u010dn\u00ed pr\u016fvod T\u0159\u00ed kr\u00e1l\u016f s dru\u017einou, kter\u00fd si nenechali uj\u00edt dom\u00e1c\u00ed ani turist\u00e9. Akce pra\u017esk\u00e9 arcidiec\u00e9zn\u00ed charity byla sou\u010d\u00e1st\u00ed tradi\u010dn\u00ed t\u0159\u00edkr\u00e1lov\u00e9 sb\u00edrky na pomoc lidem v nouzi. Loni se po cel\u00e9m \u010cesku poda\u0159ilo vybrat rekordn\u00ed sumu &#8211; p\u0159es 184 milion\u016f korun.<\/p>\n\n\n\n<p>Cel\u00fd \u010dl\u00e1nek naleznete na novinky.cz: <a href=\"https:\/\/www.novinky.cz\/clanek\/domaci-tri-mudrci-na-velbloudech-prosli-centrem-prahy-pripomneli-trikralovou-sbirku-charity-40555991\" target=\"_blank\" rel=\"noreferrer noopener\">https:\/\/www.novinky.cz\/clanek\/domaci-tri-mudrci-na-velbloudech-prosli-centrem-prahy-pripomneli-trikralovou-sbirku-charity-40555991<\/a><\/p>\n","protected":false},"excerpt":{"rendered":"<div class=\"mh-excerpt\"><p>Pra\u017esk\u00fd Karl\u016fv most zaplnily v pond\u011bl\u00ed 5. ledna odpoledne op\u011bt davy lid\u00ed. Z Mal\u00e9 Strany a\u017e na Starom\u011bstsk\u00e9 n\u00e1m\u011bst\u00ed p\u0159es n\u011bj p\u0159ech\u00e1zel tradi\u010dn\u00ed pr\u016fvod T\u0159\u00ed <a class=\"mh-excerpt-more\" href=\"https:\/\/www.invarena.cz\/?p=62538\" title=\"T\u0159i mudrci na velbloudech pro\u0161li centrem Prahy, p\u0159ipomn\u011bli t\u0159\u00edkr\u00e1lovou sb\u00edrku charity\">[&#8230;]<\/a><\/p>\n<\/div>","protected":false},"author":1,"featured_media":45252,"comment_status":"open","ping_status":"closed","sticky":false,"template":"","format":"standard","meta":{"footnotes":""},"categories":[9],"tags":[],"class_list":["post-62538","post","type-post","status-publish","format-standard","has-post-thumbnail","hentry","category-zpravy"],"_links":{"self":[{"href":"https:\/\/www.invarena.cz\/index.php?rest_route=\/wp\/v2\/posts\/62538","targetHints":{"allow":["GET"]}}],"collection":[{"href":"https:\/\/www.invarena.cz\/index.php?rest_route=\/wp\/v2\/posts"}],"about":[{"href":"https:\/\/www.invarena.cz\/index.php?rest_route=\/wp\/v2\/types\/post"}],"author":[{"embeddable":true,"href":"https:\/\/www.invarena.cz\/index.php?rest_route=\/wp\/v2\/users\/1"}],"replies":[{"embeddable":true,"href":"https:\/\/www.invarena.cz\/index.php?rest_route=%2Fwp%2Fv2%2Fcomments&post=62538"}],"version-history":[{"count":0,"href":"https:\/\/www.invarena.cz\/index.php?rest_route=\/wp\/v2\/posts\/62538\/revisions"}],"wp:featuredmedia":[{"embeddable":true,"href":"https:\/\/www.invarena.cz\/index.php?rest_route=\/wp\/v2\/media\/45252"}],"wp:attachment":[{"href":"https:\/\/www.invarena.cz\/index.php?rest_route=%2Fwp%2Fv2%2Fmedia&parent=62538"}],"wp:term":[{"taxonomy":"category","embeddable":true,"href":"https:\/\/www.invarena.cz\/index.php?rest_route=%2Fwp%2Fv2%2Fcategories&post=62538"},{"taxonomy":"post_tag","embeddable":true,"href":"https:\/\/www.invarena.cz\/index.php?rest_route=%2Fwp%2Fv2%2Ftags&post=62538"}],"curies":[{"name":"wp","href":"https:\/\/api.w.org\/{rel}","templated":true}]}}