{"id":6257,"date":"2013-06-06T11:11:49","date_gmt":"2013-06-06T09:11:49","guid":{"rendered":"http:\/\/www.invarena.cz\/?p=6257"},"modified":"2014-10-20T20:11:45","modified_gmt":"2014-10-20T18:11:45","slug":"handicapovany-stolni-tenista-sbira-medaile-na-kazdem-turnaji","status":"publish","type":"post","link":"https:\/\/www.invarena.cz\/?p=6257","title":{"rendered":"Handicapovan\u00fd stoln\u00ed tenista sb\u00edr\u00e1 medaile na ka\u017ed\u00e9m turnaji"},"content":{"rendered":"<p><strong>Libereck\u00fd stoln\u00ed tenista Ji\u0159\u00ed Such\u00e1nek, \u00fa\u010dastn\u00edk lo\u0148sk\u00fdch paralympijsk\u00fdch her v Lond\u00fdn\u011b, obh\u00e1jil titul \u010desk\u00e9ho \u0161ampiona. Nav\u00edc se neztratil ani v mezin\u00e1rodn\u00ed konkurenci. Z \u017e\u00e1dn\u00e9ho turnaje nejel dom\u016f s pr\u00e1zdnou.<\/strong> \/ilustra\u010dn\u00ed obr\u00e1zek\/<br \/>\n<!--more--><br \/>\nVele\u00fasp\u011b\u0161n\u00e9 obdob\u00ed m\u00e1 za sebou paralympionik Ji\u0159\u00ed Such\u00e1nek z odd\u00edlu SKST &#8211; LSKV Liberec. Ze v\u0161ech d\u016fle\u017eit\u00fdch turnaj\u016f ve stoln\u00edm tenise voz\u00ed\u010dk\u00e1\u0159\u016f, kter\u00fdch se v posledn\u00edch t\u00fddnech z\u00fa\u010dastnil, p\u0159ivezl \u00fa\u010dastn\u00edk lo\u0148sk\u00e9 paralympi\u00e1dy v Lond\u00fdn\u011b v\u017edy alespo\u0148 jednu medaili.<\/p>\n<p>Prvn\u00ed mezin\u00e1rodn\u00ed turnaj se odehr\u00e1l ve slovinsk\u00e9m La\u0161ku, kam z libereck\u00e9ho odd\u00edlu vyrazil Ji\u0159\u00ed Such\u00e1nek sb\u00edrat body do sv\u011btov\u00e9ho \u017eeb\u0159\u00ed\u010dku spolu Ren\u00e9 Tau\u0161em.<\/p>\n<p>&#8222;V jednotlivc\u00edch m\u00e1 cesta k medaili skon\u010dila ve \u010dtvrtfin\u00e1le. Dal\u0161\u00ed sout\u011b\u017e\u00ed byla dru\u017estva. Proto\u017ee ve sv\u00e9 skupin\u011b posti\u017een\u00ed TT2 nem\u00e1m t\u00fdmov\u00e9ho par\u0165\u00e1ka, sna\u017e\u00edm se domlouvat s jin\u00fdmi reprezentanty, kte\u0159\u00ed maj\u00ed stejn\u00fd probl\u00e9m, a spojil jsem se tedy s rusk\u00fdm hr\u00e1\u010dem Sergejem Poddubn\u00fdm Ve skupin\u011b jsme byli nasazeni jako dvojky, ale ze skupiny jsme postoupili z prvn\u00edho m\u00edsta, kdy\u017e jsme porazili slovensk\u00e9 reprezentanty a zlat\u00e9 medailisty z paralympi\u00e1dy v Lond\u00fdn\u011b,&#8220; p\u0159ibl\u00ed\u017eil cestu za medail\u00ed Ji\u0159\u00ed Such\u00e1nek. Ze Slovinska si nakonec p\u0159ivezl bronz.<\/p>\n<p>Dal\u0161\u00edm d\u016fle\u017eit\u00fdm turnajem bylo mistrovstv\u00ed \u010cesk\u00e9 republiky, kter\u00e9 se konalo jako ka\u017ed\u00fd rok v Ostrav\u011b. Z libereck\u00e9ho klubu vyrazili bojovat o medaile Ji\u0159\u00ed Such\u00e1nek a Tom\u00e1\u0161 P\u0159ibyl. Z\u00edskali st\u0159\u00edbro v sout\u011b\u017ei dru\u017estev a k tomu i 3. &#8211; 4. m\u00edsto ve \u010dty\u0159hr\u00e1ch.<\/p>\n<p>Nejv\u00edce se ob\u011bma stoln\u00edm tenist\u016fm z Liberce da\u0159ilo v sout\u011b\u017ei jednotlivc\u016f. Such\u00e1nek obh\u00e1jil u\u017e pot\u0159et\u00ed titul \u010desk\u00e9ho \u0161ampiona, P\u0159ibyl oslavil bronzovou medaili.<\/p>\n<p>Na mezin\u00e1rodn\u00ed turnaj do Bratislavy se sjela op\u011bt cel\u00e1 \u0159ada sv\u011btov\u00fdch jmen v \u010dele s hendikepovan\u00fdmi hr\u00e1\u010di z Koreje, Slovenska a Braz\u00edlie. V sout\u011b\u017ei jednotlivc\u016f z\u00edskal Ji\u0159\u00ed Such\u00e1nek bronz a v sout\u011b\u017ei dru\u017estev, kde hr\u00e1l op\u011bt s Poddubn\u00fdm, se po nap\u00ednav\u00e9m boji um\u00edstil na druh\u00e9m m\u00edst\u011b.<\/p>\n<p>&#8222;Je to \u00fa\u017easn\u00e9. Je\u0161t\u011b se tento rok nestalo, \u017ee bych z n\u011bjak\u00e9ho turnaje nep\u0159ivezl medaili,&#8220; pochvaloval si Ji\u0159\u00ed Such\u00e1nek. &#8222;Dal\u0161\u00ed mezin\u00e1rodn\u00ed turnaj pl\u00e1nuji na p\u016flku z\u00e1\u0159\u00ed v Ostrav\u011b. Ten pro m\u011b bude z\u00e1rove\u0148 p\u0159\u00edpravou na mistrovstv\u00ed Evropy, kter\u00e9 prob\u011bhne na p\u0159elomu z\u00e1\u0159\u00ed a \u0159\u00edjna v italsk\u00e9m Lignanu. P\u0159\u00ed\u0161t\u00ed rok se pak bude konat v \u010d\u00ednsk\u00e9m Pekingu sv\u011btov\u00fd \u0161ampion\u00e1t,&#8220; doplnil Ji\u0159\u00ed Such\u00e1nek.<\/p>\n<p>Mlad\u00e1 fronta DNES<\/p>\n","protected":false},"excerpt":{"rendered":"<div class=\"mh-excerpt\"><p>Libereck\u00fd stoln\u00ed tenista Ji\u0159\u00ed Such\u00e1nek, \u00fa\u010dastn\u00edk lo\u0148sk\u00fdch paralympijsk\u00fdch her v Lond\u00fdn\u011b, obh\u00e1jil titul \u010desk\u00e9ho \u0161ampiona. Nav\u00edc se neztratil ani v mezin\u00e1rodn\u00ed konkurenci. Z \u017e\u00e1dn\u00e9ho turnaje <a class=\"mh-excerpt-more\" href=\"https:\/\/www.invarena.cz\/?p=6257\" title=\"Handicapovan\u00fd stoln\u00ed tenista sb\u00edr\u00e1 medaile na ka\u017ed\u00e9m turnaji\">[&#8230;]<\/a><\/p>\n<\/div>","protected":false},"author":1,"featured_media":6273,"comment_status":"open","ping_status":"open","sticky":false,"template":"","format":"standard","meta":{"footnotes":""},"categories":[7],"tags":[],"class_list":["post-6257","post","type-post","status-publish","format-standard","has-post-thumbnail","hentry","category-spolecnost"],"_links":{"self":[{"href":"https:\/\/www.invarena.cz\/index.php?rest_route=\/wp\/v2\/posts\/6257","targetHints":{"allow":["GET"]}}],"collection":[{"href":"https:\/\/www.invarena.cz\/index.php?rest_route=\/wp\/v2\/posts"}],"about":[{"href":"https:\/\/www.invarena.cz\/index.php?rest_route=\/wp\/v2\/types\/post"}],"author":[{"embeddable":true,"href":"https:\/\/www.invarena.cz\/index.php?rest_route=\/wp\/v2\/users\/1"}],"replies":[{"embeddable":true,"href":"https:\/\/www.invarena.cz\/index.php?rest_route=%2Fwp%2Fv2%2Fcomments&post=6257"}],"version-history":[{"count":0,"href":"https:\/\/www.invarena.cz\/index.php?rest_route=\/wp\/v2\/posts\/6257\/revisions"}],"wp:featuredmedia":[{"embeddable":true,"href":"https:\/\/www.invarena.cz\/index.php?rest_route=\/wp\/v2\/media\/6273"}],"wp:attachment":[{"href":"https:\/\/www.invarena.cz\/index.php?rest_route=%2Fwp%2Fv2%2Fmedia&parent=6257"}],"wp:term":[{"taxonomy":"category","embeddable":true,"href":"https:\/\/www.invarena.cz\/index.php?rest_route=%2Fwp%2Fv2%2Fcategories&post=6257"},{"taxonomy":"post_tag","embeddable":true,"href":"https:\/\/www.invarena.cz\/index.php?rest_route=%2Fwp%2Fv2%2Ftags&post=6257"}],"curies":[{"name":"wp","href":"https:\/\/api.w.org\/{rel}","templated":true}]}}