{"id":62593,"date":"2026-01-12T23:09:04","date_gmt":"2026-01-12T22:09:04","guid":{"rendered":"https:\/\/www.invarena.cz\/?p=62593"},"modified":"2026-01-12T23:09:04","modified_gmt":"2026-01-12T22:09:04","slug":"velky-tresk-ve-zdravotnictvi-ctyri-veci-ktere-budou-od-ledna-jinak-2","status":"publish","type":"post","link":"https:\/\/www.invarena.cz\/?p=62593","title":{"rendered":"Velk\u00fd t\u0159esk ve zdravotnictv\u00ed: \u010dty\u0159i v\u011bci, kter\u00e9 budou od ledna jinak"},"content":{"rendered":"\n<p><strong>Pos\u00edlen\u00ed n\u011bkter\u00fdch screeningov\u00fdch program\u016f, roz\u0161\u00ed\u0159en\u00ed obsahu preventivn\u00edch prohl\u00eddek nebo dopln\u011bn\u00ed hrazen\u00fdch v\u00fdkon\u016f v p\u00e9\u010di o du\u0161evn\u00ed zdrav\u00ed \u2013 to jsou n\u011bkter\u00e9 zm\u011bny, kter\u00e9 \u010dekaj\u00ed \u010desk\u00e9 zdravotnictv\u00ed od 1. ledna 2026. P\u0159in\u00e1\u0161\u00edme shrnut\u00ed nejd\u016fle\u017eit\u011bj\u0161\u00edch novinek, kter\u00e9 se dotknou pacient\u016f v\u0161ech v\u011bkov\u00fdch kategori\u00ed.<\/strong><\/p>\n\n\n\n<p><strong>Screening zraku u nejmen\u0161\u00edch d\u011bt\u00ed dostal oporu v&nbsp;z\u00e1kon\u011b<\/strong><\/p>\n\n\n\n<p>V&nbsp;roce 2025 spustili l\u00e9ka\u0159i pilotn\u00ed program, jen\u017e m\u011bl za \u00fakol odhalit z\u00e1va\u017en\u00e9 o\u010dn\u00ed vady u&nbsp;nejmen\u0161\u00edch d\u011bt\u00ed. Screening pom\u00e1h\u00e1 zachytit p\u0159edev\u0161\u00edm tupozrakost, kterou v&nbsp;pozd\u011bj\u0161\u00edm v\u011bku nelze l\u00e9\u010dit. Vy\u0161et\u0159en\u00ed prov\u00e1d\u011bj\u00ed prakti\u010dt\u00ed l\u00e9ka\u0159i pro d\u011bti a dorost pomoc\u00ed speci\u00e1ln\u00edho p\u0159\u00edstroje. Poprv\u00e9 by touto kontrolou vid\u011bn\u00ed m\u011bly d\u011bti proj\u00edt mezi 6.\u201312. m\u011bs\u00edcem v\u011bku, podruh\u00e9 pak v&nbsp;p\u0159\u00edpad\u011b nejasn\u00e9ho \u010di negativn\u00edho v\u00fdsledku p\u0159ibli\u017en\u011b v&nbsp;18 m\u011bs\u00edc\u00edch. Vy\u0161et\u0159en\u00ed je zcela bezbolestn\u00e9. Od 1. ledna 2026 m\u00e1 tento program oporu v&nbsp;z\u00e1kon\u011b. Stal se tak sou\u010d\u00e1st\u00ed b\u011b\u017en\u00fdch preventivn\u00edch prohl\u00eddek d\u011bt\u00ed jako screeningov\u00e9 vy\u0161et\u0159en\u00ed pln\u011b hrazen\u00e9 ze zdravotn\u00edho poji\u0161t\u011bn\u00ed.<\/p>\n\n\n\n<p><strong>Kontrola rakoviny tlust\u00e9ho st\u0159eva u\u017e od 45 let<\/strong><\/p>\n\n\n\n<p>Screening kolorekt\u00e1ln\u00edho karcinomu bojuje proti nep\u0159\u00edzniv\u00fdm statistik\u00e1m t\u00fdkaj\u00edc\u00edm se v\u00fdskytu a \u00famrtnosti na tato onemocn\u011bn\u00ed ji\u017e 25 let. Program nab\u00edz\u00ed dv\u011b varianty: jednou za deset let kolonoskopick\u00e9 vy\u0161et\u0159en\u00ed nebo test okultn\u00edho krv\u00e1cen\u00ed, kter\u00fd je v\u0161ak nutn\u00e9 opakovat ka\u017ed\u00e9 dva roky. Dosud se tato pravideln\u00e1 kontrola t\u00fdkala pacient\u016f ve v\u011bku od 50 let. Od 1. ledna 2026 se v\u011bkov\u00e1 hranice m\u011bn\u00ed na 45\u201372 let. Novinka tak reaguje na doporu\u010den\u00ed, je\u017e v&nbsp;roce 2022 vydala Rada Evropsk\u00e9 unie, ale tak\u00e9 na data, podle kter\u00fdch dlouhodob\u011b roste po\u010det pacient\u016f s&nbsp;n\u00e1dory tlust\u00e9ho st\u0159eva nebo kone\u010dn\u00edku ve v\u011bku 45\u201349 let.<\/p>\n\n\n\n<p><strong>Prohl\u00eddky st\u0159i\u017een\u00e9 na m\u00edru pacienta<\/strong><\/p>\n\n\n\n<p><a><\/a> Turbulentn\u00ed zm\u011bnou pro\u0161la tak\u00e9 podoba preventivn\u00edch prohl\u00eddek u praktick\u00fdch l\u00e9ka\u0159\u016f, kterou nov\u011b upravuje vyhl\u00e1\u0161ka \u010d. 403\/2025 Sb. Podle n\u00ed se od 1. ledna 2026 budou pravideln\u00e1 vy\u0161et\u0159en\u00ed zam\u011b\u0159ovat na potenci\u00e1ln\u00ed zdravotn\u00ed rizika konkr\u00e9tn\u00edho pacienta. Laboratorn\u00ed testy, jako je m\u011b\u0159en\u00ed cukru a tuk\u016f v&nbsp;krvi nebo nap\u0159\u00edklad m\u011b\u0159en\u00ed srde\u010dn\u00ed aktivity, budou prakti\u010dn\u00ed l\u00e9ka\u0159i prov\u00e1d\u011bt \u010dast\u011bji. Nov\u011b budou prakti\u010dt\u00ed l\u00e9ka\u0159i po preventivn\u00ed prohl\u00eddce p\u0159ipravovat pro pacienty osobn\u00ed pl\u00e1n p\u00e9\u010de o zdrav\u00ed.<\/p>\n\n\n\n<p><strong>Terapie v&nbsp;digit\u00e1ln\u00ed form\u011b<\/strong><\/p>\n\n\n\n<p>Pacienti s&nbsp;depresemi a \u00fazkostmi budou m\u00edt od 1. ledna 2026 nov\u011b k&nbsp;dispozici digit\u00e1ln\u00ed formu kognitivn\u011b-behavior\u00e1ln\u00ed terapie. Pat\u0159\u00ed do n\u00ed interaktivn\u00ed moduly a individualizovan\u00e1 cvi\u010den\u00ed, kter\u00e1 si pacienti projdou vlastn\u00edm tempem. Sou\u010d\u00e1st\u00ed tohoto zp\u016fsobu l\u00e9\u010dby se stane tak\u00e9 zp\u011btn\u00e1 vazba od odborn\u00edka, kter\u00fdm m\u016f\u017ee b\u00fdt terapeut, klinick\u00fd psycholog \u010di psychiatr. V\u00fdkon zahrnuj\u00edc\u00ed jeden terapeutick\u00fd modul hrad\u00ed zdravotn\u00ed poji\u0161\u0165ovna. L\u00e9ka\u0159 jej sm\u00ed vyk\u00e1zat a\u017e 26\u00d7&nbsp;ro\u010dn\u011b.<\/p>\n","protected":false},"excerpt":{"rendered":"<div class=\"mh-excerpt\"><p>Pos\u00edlen\u00ed n\u011bkter\u00fdch screeningov\u00fdch program\u016f, roz\u0161\u00ed\u0159en\u00ed obsahu preventivn\u00edch prohl\u00eddek nebo dopln\u011bn\u00ed hrazen\u00fdch v\u00fdkon\u016f v p\u00e9\u010di o du\u0161evn\u00ed zdrav\u00ed \u2013 to jsou n\u011bkter\u00e9 zm\u011bny, kter\u00e9 \u010dekaj\u00ed \u010desk\u00e9 <a class=\"mh-excerpt-more\" href=\"https:\/\/www.invarena.cz\/?p=62593\" title=\"Velk\u00fd t\u0159esk ve zdravotnictv\u00ed: \u010dty\u0159i v\u011bci, kter\u00e9 budou od ledna jinak\">[&#8230;]<\/a><\/p>\n<\/div>","protected":false},"author":1,"featured_media":56606,"comment_status":"open","ping_status":"closed","sticky":false,"template":"","format":"standard","meta":{"footnotes":""},"categories":[9],"tags":[],"class_list":["post-62593","post","type-post","status-publish","format-standard","has-post-thumbnail","hentry","category-zpravy"],"_links":{"self":[{"href":"https:\/\/www.invarena.cz\/index.php?rest_route=\/wp\/v2\/posts\/62593","targetHints":{"allow":["GET"]}}],"collection":[{"href":"https:\/\/www.invarena.cz\/index.php?rest_route=\/wp\/v2\/posts"}],"about":[{"href":"https:\/\/www.invarena.cz\/index.php?rest_route=\/wp\/v2\/types\/post"}],"author":[{"embeddable":true,"href":"https:\/\/www.invarena.cz\/index.php?rest_route=\/wp\/v2\/users\/1"}],"replies":[{"embeddable":true,"href":"https:\/\/www.invarena.cz\/index.php?rest_route=%2Fwp%2Fv2%2Fcomments&post=62593"}],"version-history":[{"count":0,"href":"https:\/\/www.invarena.cz\/index.php?rest_route=\/wp\/v2\/posts\/62593\/revisions"}],"wp:featuredmedia":[{"embeddable":true,"href":"https:\/\/www.invarena.cz\/index.php?rest_route=\/wp\/v2\/media\/56606"}],"wp:attachment":[{"href":"https:\/\/www.invarena.cz\/index.php?rest_route=%2Fwp%2Fv2%2Fmedia&parent=62593"}],"wp:term":[{"taxonomy":"category","embeddable":true,"href":"https:\/\/www.invarena.cz\/index.php?rest_route=%2Fwp%2Fv2%2Fcategories&post=62593"},{"taxonomy":"post_tag","embeddable":true,"href":"https:\/\/www.invarena.cz\/index.php?rest_route=%2Fwp%2Fv2%2Ftags&post=62593"}],"curies":[{"name":"wp","href":"https:\/\/api.w.org\/{rel}","templated":true}]}}