{"id":62602,"date":"2026-01-13T23:20:26","date_gmt":"2026-01-13T22:20:26","guid":{"rendered":"https:\/\/www.invarena.cz\/?p=62602"},"modified":"2026-01-13T23:20:27","modified_gmt":"2026-01-13T22:20:27","slug":"jubilejni-novorocni-koncert-ve-zline-byl-rekordni-vynesl-jeden-a-ctvrt-milionu","status":"publish","type":"post","link":"https:\/\/www.invarena.cz\/?p=62602","title":{"rendered":"Jubilejn\u00ed novoro\u010dn\u00ed koncert ve Zl\u00edn\u011b byl rekordn\u00ed. Vynesl jeden a \u010dtvrt milionu"},"content":{"rendered":"\n<p>Rekordn\u00ed v\u00fdt\u011b\u017eek ozdobil leto\u0161n\u00ed jubilejn\u00ed 20. charitativn\u00ed novoro\u010dn\u00ed koncert, kter\u00fd se uskute\u010dnil v pond\u011bl\u00ed 12. ledna v Kongresov\u00e9m centru ve Zl\u00edn\u011b. Slavnostn\u00ed ve\u010der d\u00edky \u0161t\u011bdrosti d\u00e1rc\u016f z \u0159ad jednotlivc\u016f i firem vynesl 1 258 200 korun. Pen\u00edze pomohou vybran\u00fdm soci\u00e1ln\u00edm slu\u017eb\u00e1m z na\u0161eho regionu.<\/p>\n\n\n\n<p>Tradi\u010dn\u00ed novoro\u010dn\u00ed koncert uspo\u0159\u00e1dal Zl\u00ednsk\u00fd kraj spolu se statut\u00e1rn\u00edm m\u011bstem Zl\u00edn. B\u011bhem ve\u010dera vystoupila zl\u00ednsk\u00e1 Filharmonie Bohuslava Martin\u016f pod veden\u00edm dirigenta Roberta Kru\u017e\u00edka, kterou zp\u011bvem doprovodili tenorista Petr Nekoranec a barytonista Luk\u00e1\u0161 Ba\u0159\u00e1k.<\/p>\n\n\n\n<p>Leto\u0161n\u00ed koncert podpo\u0159ilo 29 don\u00e1tor\u016f z \u0159ad firem p\u016fsob\u00edc\u00edch v kraji, kte\u0159\u00ed p\u0159isp\u011bli 1,158 milionu korun, dal\u0161\u00edch 100 200 korun v\u011bnovali do kasi\u010dek p\u0159\u00edmo na m\u00edst\u011b n\u00e1v\u0161t\u011bvn\u00edci.<\/p>\n\n\n\n<p>\u201eVelmi si v\u00e1\u017e\u00edm v\u0161ech, kte\u0159\u00ed se rozhodli podpo\u0159it leto\u0161n\u00ed novoro\u010dn\u00ed koncert. Rekordn\u00ed v\u00fdt\u011b\u017eek je kr\u00e1sn\u00fdm d\u016fkazem toho, \u017ee solidarita a ochota pom\u00e1hat maj\u00ed v na\u0161em kraji pevn\u00e9 m\u00edsto,\u201c uvedl hejtman Zl\u00ednsk\u00e9ho kraje Radim Holi\u0161 s t\u00edm, \u017ee d\u00edky finan\u010dn\u00ed podpo\u0159e mohou vybran\u00e9 organizace pokra\u010dovat v pr\u00e1ci pro ty, kte\u0159\u00ed ji nejv\u00edce pot\u0159ebuj\u00ed.<\/p>\n\n\n\n<p>V\u00fdt\u011b\u017eek pond\u011bln\u00edho slavnostn\u00edho ve\u010dera v\u00fdrazn\u011b p\u0159ekonal do t\u00e9 doby nejvy\u0161\u0161\u00ed \u010d\u00e1stku z roku 2020, kdy se poda\u0159ilo vybrat 737 040 korun. Letos to tedy bylo 1 258 200 korun.<\/p>\n\n\n\n<p>V\u00fdt\u011b\u017eek po\u0159adatel\u00e9 rovnom\u011brn\u011b rozd\u011bl\u00ed mezi \u010dty\u0159i organizace ze Zl\u00ednsk\u00e9ho kraje poskytuj\u00edc\u00ed soci\u00e1ln\u00ed slu\u017eby. P\u016fjde o Handicap Zl\u00edn, z.s., PAHOP, Zdravotn\u00ed \u00fastav paliativn\u00ed a hospicov\u00e9 p\u00e9\u010de, z.\u00fa., Charitu Vala\u0161sk\u00e9 Mezi\u0159\u00ed\u010d\u00ed a NAD\u011aJI, pobo\u010dku Neda\u0161ov.<\/p>\n\n\n\n<p>\u201eSymbolick\u00e9 \u0161eky z\u00e1stupc\u016fm t\u011bchto organizac\u00ed p\u0159edali hejtman Radim Holi\u0161, prim\u00e1tor Zl\u00edna Ji\u0159\u00ed Korec a hlavn\u00ed partne\u0159i koncertu,\u201c uvedla mluv\u010d\u00ed hejtmanstv\u00ed So\u0148a Li\u010dkov\u00e1.<\/p>\n\n\n\n<p>Michal Burda<\/p>\n\n\n\n<p>Zl\u00ednsk\u00fd den\u00edk<\/p>\n\n\n\n<p><a href=\"https:\/\/zlinsky.denik.cz\" target=\"_blank\" rel=\"noreferrer noopener\">https:\/\/zlinsky.denik.cz<\/a><\/p>\n","protected":false},"excerpt":{"rendered":"<div class=\"mh-excerpt\"><p>Rekordn\u00ed v\u00fdt\u011b\u017eek ozdobil leto\u0161n\u00ed jubilejn\u00ed 20. charitativn\u00ed novoro\u010dn\u00ed koncert, kter\u00fd se uskute\u010dnil v pond\u011bl\u00ed 12. ledna v Kongresov\u00e9m centru ve Zl\u00edn\u011b. Slavnostn\u00ed ve\u010der d\u00edky \u0161t\u011bdrosti <a class=\"mh-excerpt-more\" href=\"https:\/\/www.invarena.cz\/?p=62602\" title=\"Jubilejn\u00ed novoro\u010dn\u00ed koncert ve Zl\u00edn\u011b byl rekordn\u00ed. Vynesl jeden a \u010dtvrt milionu\">[&#8230;]<\/a><\/p>\n<\/div>","protected":false},"author":1,"featured_media":14614,"comment_status":"open","ping_status":"closed","sticky":false,"template":"","format":"standard","meta":{"footnotes":""},"categories":[9],"tags":[],"class_list":["post-62602","post","type-post","status-publish","format-standard","has-post-thumbnail","hentry","category-zpravy"],"_links":{"self":[{"href":"https:\/\/www.invarena.cz\/index.php?rest_route=\/wp\/v2\/posts\/62602","targetHints":{"allow":["GET"]}}],"collection":[{"href":"https:\/\/www.invarena.cz\/index.php?rest_route=\/wp\/v2\/posts"}],"about":[{"href":"https:\/\/www.invarena.cz\/index.php?rest_route=\/wp\/v2\/types\/post"}],"author":[{"embeddable":true,"href":"https:\/\/www.invarena.cz\/index.php?rest_route=\/wp\/v2\/users\/1"}],"replies":[{"embeddable":true,"href":"https:\/\/www.invarena.cz\/index.php?rest_route=%2Fwp%2Fv2%2Fcomments&post=62602"}],"version-history":[{"count":0,"href":"https:\/\/www.invarena.cz\/index.php?rest_route=\/wp\/v2\/posts\/62602\/revisions"}],"wp:featuredmedia":[{"embeddable":true,"href":"https:\/\/www.invarena.cz\/index.php?rest_route=\/wp\/v2\/media\/14614"}],"wp:attachment":[{"href":"https:\/\/www.invarena.cz\/index.php?rest_route=%2Fwp%2Fv2%2Fmedia&parent=62602"}],"wp:term":[{"taxonomy":"category","embeddable":true,"href":"https:\/\/www.invarena.cz\/index.php?rest_route=%2Fwp%2Fv2%2Fcategories&post=62602"},{"taxonomy":"post_tag","embeddable":true,"href":"https:\/\/www.invarena.cz\/index.php?rest_route=%2Fwp%2Fv2%2Ftags&post=62602"}],"curies":[{"name":"wp","href":"https:\/\/api.w.org\/{rel}","templated":true}]}}