{"id":62605,"date":"2026-01-13T23:24:11","date_gmt":"2026-01-13T22:24:11","guid":{"rendered":"https:\/\/www.invarena.cz\/?p=62605"},"modified":"2026-01-13T23:24:12","modified_gmt":"2026-01-13T22:24:12","slug":"pripad-ucitelek-nesmyslne-trestajicich-deti-ve-skolce-v-klasterci-nad-ohri-se-vraci-na-zacatek","status":"publish","type":"post","link":"https:\/\/www.invarena.cz\/?p=62605","title":{"rendered":"P\u0159\u00edpad u\u010ditelek nesmysln\u011b trestaj\u00edc\u00edch d\u011bti ve \u0161kolce v Kl\u00e1\u0161terci nad Oh\u0159\u00ed se vrac\u00ed na za\u010d\u00e1tek"},"content":{"rendered":"\n<p>P\u0159\u00edpad t\u0159\u00ed u\u010ditelek z mate\u0159sk\u00e9 \u0161koly v Kl\u00e1\u0161terci nad Oh\u0159\u00ed na Chomutovsku, ob\u017ealovan\u00fdch z ohro\u017eov\u00e1n\u00ed v\u00fdchovy d\u00edt\u011bte, se vr\u00e1t\u00ed p\u0159ed okresn\u00ed soud. Vypl\u00fdv\u00e1 to z verdiktu odvolac\u00edho sen\u00e1tu v \u00dast\u00ed nad Labem. Rozsudek prvoinstan\u010dn\u00edho soudu, kter\u00fd ulo\u017eil \u017een\u00e1m podm\u00edn\u011bn\u00e9 tresty, krajsk\u00fd soud zru\u0161il.<\/p>\n\n\n\n<p>Cel\u00fd \u010dl\u00e1nek naleznete na novinky.cz: <a href=\"https:\/\/www.novinky.cz\/clanek\/krimi-pripad-ucitelek-nesmyslne-trestajicich-deti-ve-skolce-v-klasterci-nad-ohri-se-vraci-na-zacatek-40557328\" target=\"_blank\" rel=\"noreferrer noopener\">https:\/\/www.novinky.cz\/clanek\/krimi-pripad-ucitelek-nesmyslne-trestajicich-deti-ve-skolce-v-klasterci-nad-ohri-se-vraci-na-zacatek-40557328<\/a><\/p>\n","protected":false},"excerpt":{"rendered":"<div class=\"mh-excerpt\"><p>P\u0159\u00edpad t\u0159\u00ed u\u010ditelek z mate\u0159sk\u00e9 \u0161koly v Kl\u00e1\u0161terci nad Oh\u0159\u00ed na Chomutovsku, ob\u017ealovan\u00fdch z ohro\u017eov\u00e1n\u00ed v\u00fdchovy d\u00edt\u011bte, se vr\u00e1t\u00ed p\u0159ed okresn\u00ed soud. Vypl\u00fdv\u00e1 to z <a class=\"mh-excerpt-more\" href=\"https:\/\/www.invarena.cz\/?p=62605\" title=\"P\u0159\u00edpad u\u010ditelek nesmysln\u011b trestaj\u00edc\u00edch d\u011bti ve \u0161kolce v Kl\u00e1\u0161terci nad Oh\u0159\u00ed se vrac\u00ed na za\u010d\u00e1tek\">[&#8230;]<\/a><\/p>\n<\/div>","protected":false},"author":1,"featured_media":6269,"comment_status":"open","ping_status":"closed","sticky":false,"template":"","format":"standard","meta":{"footnotes":""},"categories":[9],"tags":[],"class_list":["post-62605","post","type-post","status-publish","format-standard","has-post-thumbnail","hentry","category-zpravy"],"_links":{"self":[{"href":"https:\/\/www.invarena.cz\/index.php?rest_route=\/wp\/v2\/posts\/62605","targetHints":{"allow":["GET"]}}],"collection":[{"href":"https:\/\/www.invarena.cz\/index.php?rest_route=\/wp\/v2\/posts"}],"about":[{"href":"https:\/\/www.invarena.cz\/index.php?rest_route=\/wp\/v2\/types\/post"}],"author":[{"embeddable":true,"href":"https:\/\/www.invarena.cz\/index.php?rest_route=\/wp\/v2\/users\/1"}],"replies":[{"embeddable":true,"href":"https:\/\/www.invarena.cz\/index.php?rest_route=%2Fwp%2Fv2%2Fcomments&post=62605"}],"version-history":[{"count":0,"href":"https:\/\/www.invarena.cz\/index.php?rest_route=\/wp\/v2\/posts\/62605\/revisions"}],"wp:featuredmedia":[{"embeddable":true,"href":"https:\/\/www.invarena.cz\/index.php?rest_route=\/wp\/v2\/media\/6269"}],"wp:attachment":[{"href":"https:\/\/www.invarena.cz\/index.php?rest_route=%2Fwp%2Fv2%2Fmedia&parent=62605"}],"wp:term":[{"taxonomy":"category","embeddable":true,"href":"https:\/\/www.invarena.cz\/index.php?rest_route=%2Fwp%2Fv2%2Fcategories&post=62605"},{"taxonomy":"post_tag","embeddable":true,"href":"https:\/\/www.invarena.cz\/index.php?rest_route=%2Fwp%2Fv2%2Ftags&post=62605"}],"curies":[{"name":"wp","href":"https:\/\/api.w.org\/{rel}","templated":true}]}}