{"id":62608,"date":"2026-01-13T23:29:14","date_gmt":"2026-01-13T22:29:14","guid":{"rendered":"https:\/\/www.invarena.cz\/?p=62608"},"modified":"2026-01-13T23:29:15","modified_gmt":"2026-01-13T22:29:15","slug":"na-svete-je-nova-panenka-barbie-jako-prvni-z-rady-ma-autismus","status":"publish","type":"post","link":"https:\/\/www.invarena.cz\/?p=62608","title":{"rendered":"Na sv\u011bt\u011b je nov\u00e1 panenka Barbie. Jako prvn\u00ed z \u0159ady m\u00e1 autismus"},"content":{"rendered":"\n<p>Mattel p\u0159edstavil v\u016fbec prvn\u00ed Barbie s autismem. Roz\u0161i\u0159uje tak skupinu panenek s r\u016fzn\u00fdmi posti\u017een\u00edmi, aby l\u00e9pe reprezentovaly v\u0161echny d\u011bti. V minulosti u\u017e spole\u010dnost uvedla na trh nap\u0159\u00edklad Barbie na voz\u00ed\u010dku, nevidomou panenku nebo Barbie s Downov\u00fdm syndromem.<\/p>\n\n\n\n<p>Je to \u010dernovl\u00e1ska v pruhovan\u00e9m modelu, na hlav\u011b m\u00e1 sluch\u00e1tka, m\u00e1 ohebn\u011bj\u0161\u00ed z\u00e1p\u011bst\u00ed ne\u017e jin\u00e9 a nehled\u00ed \u00fapln\u011b p\u0159\u00edmo. Tak vypad\u00e1 v\u016fbec prvn\u00ed Barbie s autismem, kterou p\u0159edstavila spole\u010dnost Mattel. Panenka je dal\u0161\u00edm p\u0159\u00edsp\u011bvkem do \u0159ady Barbie s r\u016fzn\u00fdmi handicapy.<\/p>\n\n\n\n<p>V posledn\u00edch letech se firma sna\u017e\u00ed uv\u00e1d\u011bt na trh Barbie nejen r\u016fzn\u00fdch postav a barev pleti, ale tak\u00e9 s fyzick\u00fdm \u010di ment\u00e1ln\u00edm posti\u017een\u00edm, aby reprezentovaly v\u0161echny d\u011bti. \u201eTento nejnov\u011bj\u0161\u00ed p\u0159\u00edr\u016fstek do \u0159ady Barbie Fashionistas, kter\u00fd p\u0159ich\u00e1z\u00ed sotva \u0161est m\u011bs\u00edc\u016f po uveden\u00ed prvn\u00ed panenky s diabetem 1. typu, je navr\u017een tak, aby se v\u00edce d\u011bt\u00ed \u201avid\u011blo v Barbie\u2018. A aby povzbudil v\u0161echny d\u011bti k hran\u00ed si s panenkami, kter\u00e9 odr\u00e1\u017eej\u00ed sv\u011bt kolem nich,\u201c p\u00ed\u0161e list The Guardian.<\/p>\n\n\n\n<p>Vyvinut\u00e1 ve spolupr\u00e1ci s lidmi na spektru<\/p>\n\n\n\n<p>Prvn\u00ed Barbie s autismem vznikla ve spolupr\u00e1ci s organizac\u00ed ASAN, kter\u00e1 zast\u0159e\u0161uje lidi na spektru a jejich p\u0159\u00edbuzn\u00e9. \u201ePanenky Barbie sb\u00edr\u00e1m od doby, kdy mi byly \u010dty\u0159i roky. D\u00edky Barbie s autismem se c\u00edt\u00edm vid\u011bna a sly\u0161ena. Douf\u00e1m, \u017ee v\u0161echny d\u011bti, kter\u00e9 vedu, budou m\u00edt stejn\u00e9 pocity, a\u017e ji uvid\u00ed. A lid\u00e9, kte\u0159\u00ed autismem netrp\u00ed, \u017ee mu l\u00e9pe porozum\u00ed,\u201c \u0159ekla podnikatelka s autismem Madison Marilla.<\/p>\n\n\n\n<p>Nov\u00e1 panenka je d\u00edky ohebn\u011bj\u0161\u00edm lokt\u016fm a z\u00e1p\u011bst\u00edm schopn\u00e1 d\u011blat gesta, kter\u00e1 n\u011bkte\u0159\u00ed lid\u00e9 na spektru pou\u017e\u00edvaj\u00ed k vyj\u00e1d\u0159en\u00ed pocit\u016f. \u201eJe navr\u017eena s pohledem m\u00edrn\u011b do strany, co\u017e odr\u00e1\u017e\u00ed, jak se n\u011bkte\u0159\u00ed \u010dlenov\u00e9 autistick\u00e9 komunity mohou vyh\u00fdbat p\u0159\u00edm\u00e9mu o\u010dn\u00edmu kontaktu,\u201c nast\u00ednila spole\u010dnost Mattel.<\/p>\n\n\n\n<p>Tak\u00e9 \u017e\u00e1dn\u00fd z dopl\u0148k\u016f nov\u00e9 Barbie nen\u00ed nahodil\u00fd. \u201eKa\u017ed\u00e1 panenka je dod\u00e1v\u00e1na s r\u016f\u017eov\u00fdm fidget spinnerem, sluch\u00e1tky pro potla\u010den\u00ed hluku a tabletem. Fidget spinner nab\u00edz\u00ed smyslov\u00fd ventil, kter\u00fd m\u016f\u017ee pomoci sn\u00ed\u017eit stres a zlep\u0161it soust\u0159ed\u011bn\u00ed. R\u016f\u017eov\u00fd tablet m\u00e1 na obrazovce aplikace augmentativn\u00ed a alternativn\u00ed komunikace, slou\u017e\u00ed jako n\u00e1stroj, kter\u00fd pom\u00e1h\u00e1 s ka\u017edodenn\u00ed komunikac\u00ed,\u201c doplnila firma Mattel.<\/p>\n\n\n\n<p>V nejnov\u011bj\u0161\u00ed \u0159ad\u011b Barbie Fashionistas lid\u00e9 najdou krom\u011b Barbie s autismem tak\u00e9 n\u011bkolik nov\u00fdch panenek a Ken\u016f bez posti\u017een\u00ed.<\/p>\n\n\n\n<p>Barbie s hendikepy<\/p>\n\n\n\n<p>Spole\u010dnost Mattel v \u0159ad\u011b Fashionistas uvedla v minul\u00fdch letech a m\u011bs\u00edc\u00edch na trh ji\u017e n\u011bkolik panenek s fyzick\u00fdm \u010di ment\u00e1ln\u00edm posti\u017een\u00edm.<\/p>\n\n\n\n<p>P\u0159ed p\u016fl rokem p\u0159edstavila v\u016fbec prvn\u00ed Barbie s cukrovkou.<\/p>\n\n\n\n<p>V roce 2024 uvedla na trh nevidomou Barbie se slepeckou hol\u00ed a Barbie Afroameri\u010danku s Downov\u00fdm syndromem.<\/p>\n\n\n\n<p>K sehn\u00e1n\u00ed je tak\u00e9 Barbie na voz\u00ed\u010dku nebo Barbie s prot\u00e9zou.<\/p>\n\n\n\n<p>Eli\u0161ka G\u00e1frikov\u00e1<\/p>\n\n\n\n<p>Den\u00edk.cz<\/p>\n\n\n\n<p><a href=\"https:\/\/www.denik.cz\" target=\"_blank\" rel=\"noreferrer noopener\">https:\/\/www.denik.cz<\/a><\/p>\n","protected":false},"excerpt":{"rendered":"<div class=\"mh-excerpt\"><p>Mattel p\u0159edstavil v\u016fbec prvn\u00ed Barbie s autismem. Roz\u0161i\u0159uje tak skupinu panenek s r\u016fzn\u00fdmi posti\u017een\u00edmi, aby l\u00e9pe reprezentovaly v\u0161echny d\u011bti. V minulosti u\u017e spole\u010dnost uvedla na <a class=\"mh-excerpt-more\" href=\"https:\/\/www.invarena.cz\/?p=62608\" title=\"Na sv\u011bt\u011b je nov\u00e1 panenka Barbie. Jako prvn\u00ed z \u0159ady m\u00e1 autismus\">[&#8230;]<\/a><\/p>\n<\/div>","protected":false},"author":1,"featured_media":50871,"comment_status":"open","ping_status":"closed","sticky":false,"template":"","format":"standard","meta":{"footnotes":""},"categories":[9],"tags":[],"class_list":["post-62608","post","type-post","status-publish","format-standard","has-post-thumbnail","hentry","category-zpravy"],"_links":{"self":[{"href":"https:\/\/www.invarena.cz\/index.php?rest_route=\/wp\/v2\/posts\/62608","targetHints":{"allow":["GET"]}}],"collection":[{"href":"https:\/\/www.invarena.cz\/index.php?rest_route=\/wp\/v2\/posts"}],"about":[{"href":"https:\/\/www.invarena.cz\/index.php?rest_route=\/wp\/v2\/types\/post"}],"author":[{"embeddable":true,"href":"https:\/\/www.invarena.cz\/index.php?rest_route=\/wp\/v2\/users\/1"}],"replies":[{"embeddable":true,"href":"https:\/\/www.invarena.cz\/index.php?rest_route=%2Fwp%2Fv2%2Fcomments&post=62608"}],"version-history":[{"count":0,"href":"https:\/\/www.invarena.cz\/index.php?rest_route=\/wp\/v2\/posts\/62608\/revisions"}],"wp:featuredmedia":[{"embeddable":true,"href":"https:\/\/www.invarena.cz\/index.php?rest_route=\/wp\/v2\/media\/50871"}],"wp:attachment":[{"href":"https:\/\/www.invarena.cz\/index.php?rest_route=%2Fwp%2Fv2%2Fmedia&parent=62608"}],"wp:term":[{"taxonomy":"category","embeddable":true,"href":"https:\/\/www.invarena.cz\/index.php?rest_route=%2Fwp%2Fv2%2Fcategories&post=62608"},{"taxonomy":"post_tag","embeddable":true,"href":"https:\/\/www.invarena.cz\/index.php?rest_route=%2Fwp%2Fv2%2Ftags&post=62608"}],"curies":[{"name":"wp","href":"https:\/\/api.w.org\/{rel}","templated":true}]}}