{"id":62611,"date":"2026-01-13T23:35:24","date_gmt":"2026-01-13T22:35:24","guid":{"rendered":"https:\/\/www.invarena.cz\/?p=62611"},"modified":"2026-01-13T23:35:25","modified_gmt":"2026-01-13T22:35:25","slug":"bez-pomoci-to-nezvladnou-handicapovany-chlapec-potrebuje-nahradni-peci","status":"publish","type":"post","link":"https:\/\/www.invarena.cz\/?p=62611","title":{"rendered":"Bez pomoci to nezvl\u00e1dnou. Handicapovan\u00fd chlapec pot\u0159ebuje n\u00e1hradn\u00ed p\u00e9\u010di"},"content":{"rendered":"\n<p>Osmilet\u00fd chlapec z Pr\u00e1\u010dova na Chrudimsku se pot\u00fdk\u00e1 se vz\u00e1cn\u00fdm genetick\u00fdm onemocn\u011bn\u00edm. Je tak zcela odk\u00e1z\u00e1n na nep\u0159etr\u017eitou p\u00e9\u010di druh\u00fdch. Tu mu dosud zaji\u0161\u0165ovala jeho matka Monika, kter\u00e1 v\u0161ak mus\u00ed na operaci. \u017dena se nebude schopn\u00e1 o Dan\u00edka postarat p\u0159ibli\u017en\u011b t\u0159i m\u011bs\u00edce, pro syna proto sh\u00e1n\u00ed n\u00e1hradn\u00ed p\u00e9\u010di.<\/p>\n\n\n\n<p>\u201eJsem maminka osmilet\u00e9ho kluka se vz\u00e1cn\u00fdm genetick\u00fdm onemocn\u011bn\u00edm. Syn pot\u0159ebuje p\u00e9\u010di 24\/7, kterou mu zabezpe\u010duji j\u00e1, ale na rodi\u010de m\u016f\u017ee p\u0159ij\u00edt zhor\u0161en\u00ed zdravotn\u00edho stavu. Bohu\u017eel to postihlo i m\u011b. \u010cek\u00e1 m\u011b operace ramene, kdy po dobu t\u0159\u00ed m\u011bs\u00edc\u016f nebudu schopn\u00e1 zabezpe\u010dit pot\u0159ebnou p\u00e9\u010di, a tak mus\u00edm za sebe hledat n\u00e1hradu,\u201c vysv\u011btluje Monika.<\/p>\n\n\n\n<p>Dan\u00edk pot\u0159ebuje pomoci cel\u00fd den \u2013 s hygienou, krmen\u00edm \u010di polohov\u00e1n\u00edm. Jeho matka je rozveden\u00e1 a v m\u00edst\u011b, kde nyn\u00ed bydl\u00ed, nem\u00e1 p\u0159\u00edbuzn\u00e9, kte\u0159\u00ed by ji mohli zastoupit. \u201eNem\u00e1m tady \u017e\u00e1dn\u00e9 p\u0159\u00edbuzn\u00e9 ani zn\u00e1m\u00e9, kte\u0159\u00ed by mohli s p\u00e9\u010d\u00ed o Dan\u00edka pomoci. Jedin\u00e9 v\u00fdchodisko je zabezpe\u010dit mu n\u00e1hradn\u00ed p\u00e9\u010di,\u201c pokra\u010duje.<\/p>\n\n\n\n<p>S osmilet\u00fdm synem dnes \u017eije u sv\u00e9ho nov\u00e9ho partnera, ten je ale cel\u00fd den v pr\u00e1ci. \u201eP\u0159\u00edtel je pracovn\u011b vyt\u00ed\u017een, chod\u00ed do pr\u00e1ce denn\u011b od pond\u011bl\u00ed do p\u00e1tku na osm hodin,\u201c popisuje \u017eena, kter\u00e1 kv\u016fli synovu posti\u017een\u00ed nem\u016f\u017ee pracovat.<\/p>\n\n\n\n<p>Jen p\u0159\u00edsp\u011bvek na p\u00e9\u010di nesta\u010d\u00ed<\/p>\n\n\n\n<p>\u201eJeliko\u017e kv\u016fli posti\u017een\u00ed syna nemohu j\u00edt do pr\u00e1ce, pob\u00edr\u00e1m jen p\u0159\u00edsp\u011bvek na p\u00e9\u010di, ze kter\u00e9ho pe\u010dovatelku nelze uhradit,\u201c sv\u011b\u0159uje se. Monika se rozhodla po\u017e\u00e1dat o pomoc ve\u0159ejnost \u2013 na platform\u011b Donio.cz zalo\u017eila sb\u00edrku (<a href=\"https:\/\/donio.cz\/pecovatelka-pro-danika?utm_source=facebook&amp;fbclid=IwY2xjawOlTRBleHRuA2FlbQIxMQBicmlkETFsYTRMQnlPaFVpeGVseE0yc3J0YwZhcHBfaWQQMjIyMDM5MTc4ODIwMDg5MgABHtOWoNHa0NEs3b7CcAJaLeDjGFlttaq2rG52KjEEsNsLYrUMUvRqqFPZ0HgP_aem_fBvFs7soA9cbvP1ER2Ax7Q\" target=\"_blank\" rel=\"noreferrer noopener\">https:\/\/donio.cz\/pecovatelka-pro-danika?utm_source=facebook&amp;fbclid=IwY2xjawOlTRBleHRuA2FlbQIxMQBicmlkETFsYTRMQnlPaFVpeGVseE0yc3J0YwZhcHBfaWQQMjIyMDM5MTc4ODIwMDg5MgABHtOWoNHa0NEs3b7CcAJaLeDjGFlttaq2rG52KjEEsNsLYrUMUvRqqFPZ0HgP_aem_fBvFs7soA9cbvP1ER2Ax7Q<\/a>), jej\u00edm\u017e c\u00edlem je vybrat finan\u010dn\u00ed prost\u0159edky na zaji\u0161t\u011bn\u00ed n\u00e1hradn\u00ed p\u00e9\u010de. \u201ePen\u00edze ze sb\u00edrky by mi pomohly vy\u0159e\u0161it velk\u00fd finan\u010dn\u00ed probl\u00e9m a Dan\u00edk by m\u011bl zabezpe\u010denou p\u00e9\u010di,\u201c zd\u016fraz\u0148uje.<\/p>\n\n\n\n<p>Pokud se vybere v\u00edce pen\u011bz, ne\u017e je pot\u0159eba na zaji\u0161t\u011bn\u00ed n\u00e1hradn\u00ed p\u00e9\u010de na t\u0159i m\u011bs\u00edce, finance budou pou\u017eity ve prosp\u011bch Dan\u00edka. \u201eKdy\u017e se vybere v\u00edc, v\u0161e bude vyu\u017eito ve prosp\u011bch syna na r\u016fzn\u00e9 rehabilitace a pom\u016fcky. V pl\u00e1nu je t\u0159eba koup\u011b polohovac\u00ed postele,\u201c uzav\u00edr\u00e1 Monika.<\/p>\n\n\n\n<p>Romana Netolick\u00e1<\/p>\n\n\n\n<p>Den\u00edk.cz<\/p>\n\n\n\n<p><a href=\"https:\/\/www.denik.cz\" target=\"_blank\" rel=\"noreferrer noopener\">https:\/\/www.denik.cz<\/a><\/p>\n","protected":false},"excerpt":{"rendered":"<div class=\"mh-excerpt\"><p>Osmilet\u00fd chlapec z Pr\u00e1\u010dova na Chrudimsku se pot\u00fdk\u00e1 se vz\u00e1cn\u00fdm genetick\u00fdm onemocn\u011bn\u00edm. Je tak zcela odk\u00e1z\u00e1n na nep\u0159etr\u017eitou p\u00e9\u010di druh\u00fdch. Tu mu dosud zaji\u0161\u0165ovala jeho <a class=\"mh-excerpt-more\" href=\"https:\/\/www.invarena.cz\/?p=62611\" title=\"Bez pomoci to nezvl\u00e1dnou. Handicapovan\u00fd chlapec pot\u0159ebuje n\u00e1hradn\u00ed p\u00e9\u010di\">[&#8230;]<\/a><\/p>\n<\/div>","protected":false},"author":1,"featured_media":41873,"comment_status":"open","ping_status":"closed","sticky":false,"template":"","format":"standard","meta":{"footnotes":""},"categories":[9],"tags":[],"class_list":["post-62611","post","type-post","status-publish","format-standard","has-post-thumbnail","hentry","category-zpravy"],"_links":{"self":[{"href":"https:\/\/www.invarena.cz\/index.php?rest_route=\/wp\/v2\/posts\/62611","targetHints":{"allow":["GET"]}}],"collection":[{"href":"https:\/\/www.invarena.cz\/index.php?rest_route=\/wp\/v2\/posts"}],"about":[{"href":"https:\/\/www.invarena.cz\/index.php?rest_route=\/wp\/v2\/types\/post"}],"author":[{"embeddable":true,"href":"https:\/\/www.invarena.cz\/index.php?rest_route=\/wp\/v2\/users\/1"}],"replies":[{"embeddable":true,"href":"https:\/\/www.invarena.cz\/index.php?rest_route=%2Fwp%2Fv2%2Fcomments&post=62611"}],"version-history":[{"count":0,"href":"https:\/\/www.invarena.cz\/index.php?rest_route=\/wp\/v2\/posts\/62611\/revisions"}],"wp:featuredmedia":[{"embeddable":true,"href":"https:\/\/www.invarena.cz\/index.php?rest_route=\/wp\/v2\/media\/41873"}],"wp:attachment":[{"href":"https:\/\/www.invarena.cz\/index.php?rest_route=%2Fwp%2Fv2%2Fmedia&parent=62611"}],"wp:term":[{"taxonomy":"category","embeddable":true,"href":"https:\/\/www.invarena.cz\/index.php?rest_route=%2Fwp%2Fv2%2Fcategories&post=62611"},{"taxonomy":"post_tag","embeddable":true,"href":"https:\/\/www.invarena.cz\/index.php?rest_route=%2Fwp%2Fv2%2Ftags&post=62611"}],"curies":[{"name":"wp","href":"https:\/\/api.w.org\/{rel}","templated":true}]}}