{"id":62614,"date":"2026-01-13T23:43:28","date_gmt":"2026-01-13T22:43:28","guid":{"rendered":"https:\/\/www.invarena.cz\/?p=62614"},"modified":"2026-01-13T23:43:29","modified_gmt":"2026-01-13T22:43:29","slug":"skandal-ktery-zabil-sen-mnoha-sportovcu-za-filmem-dream-team-je-realny-pribeh","status":"publish","type":"post","link":"https:\/\/www.invarena.cz\/?p=62614","title":{"rendered":"Skand\u00e1l, kter\u00fd zabil sen mnoha sportovc\u016f. Za filmem Dream Team je re\u00e1ln\u00fd p\u0159\u00edb\u011bh"},"content":{"rendered":"\n<p>N\u011bkte\u0159\u00ed z v\u00e1s na n\u011bm u\u017e mo\u017en\u00e1 byli, jin\u00ed se do kina t\u0159eba je\u0161t\u011b chystaj\u00ed. \u0158e\u010d je o \u010desk\u00e9m filmu Dream Team, jen\u017e si za\u010d\u00e1tkem roku odbyl svou premi\u00e9ru. Sn\u00edmek o tom, jak se miluj\u00edc\u00ed otec sna\u017e\u00ed splnit sen sv\u00e9mu synovi s ment\u00e1ln\u00edm posti\u017een\u00edm i za cenu podvodu, l\u00e1k\u00e1 div\u00e1ky do kinos\u00e1l\u016f. M\u00e1lokdo ale mo\u017en\u00e1 v\u00ed, \u017ee k podobn\u00e9mu p\u0159\u00edb\u011bhu skute\u010dn\u011b v ned\u00e1vn\u00e9 minulosti do\u0161lo. Poj\u010fme si jej nyn\u00ed p\u0159ipomenout.<\/p>\n\n\n\n<p>\u201eR\u00e1zn\u00fd basketbalov\u00fd tren\u00e9r Marek se ocit\u00e1 p\u0159ed volbou, zda m\u00e1 podlehnout poku\u0161en\u00ed podvodu, nebo z\u016fstat v\u011brn\u00fd hodnot\u00e1m fair play, a to v\u0161echno jen proto, aby splnil sen sv\u00e9mu synovi s ment\u00e1ln\u00edm posti\u017een\u00edm,\u201c p\u00ed\u0161e se v ofici\u00e1ln\u00edch materi\u00e1lech k filmu Dream Team, v n\u011bm\u017e hlavn\u00ed roli tren\u00e9ra hraje Martin Hofmann a \u0160imona, jeho syna s ment\u00e1ln\u00edm posti\u017een\u00edm, Martin Poli\u0161ensk\u00fd.<\/p>\n\n\n\n<p>\u0160imon m\u00e1 sen, tou\u017e\u00ed po tom zahr\u00e1t si basketbal na paralympi\u00e1d\u011b. Otec mu chce toto p\u0159\u00e1n\u00ed splnit, ale neda\u0159\u00ed se mu d\u00e1t dohromady t\u00fdm basketbalist\u016f s posti\u017een\u00edm. Vidina splnit p\u0159\u00e1n\u00ed synovi je ale siln\u00e1, a tak k\u00fdvne na pl\u00e1n souseda sestavit man\u0161aft z hr\u00e1\u010d\u016f, kte\u0159\u00ed budou ment\u00e1ln\u00ed posti\u017een\u00ed p\u0159edst\u00edrat. Do Ria se nakonec opravdu jede, tam v\u0161ak tren\u00e9r zjist\u00ed, do jak velk\u00e9ho pr\u016f\u0161vihu se dostal\u2026<\/p>\n\n\n\n<p>Tady je na \u010dase s vypr\u00e1v\u011bn\u00edm obsahu filmu p\u0159estat, aby se neprozradilo p\u0159\u00edli\u0161. M\u016f\u017eeme tak jen doufat, \u017ee Markovi sv\u011b\u0159enci nedopadli tak jako basketbalist\u00e9 \u0160pan\u011blska na paralympijsk\u00fdch hr\u00e1ch v roce 2000 v Sydney.<\/p>\n\n\n\n<p>Co se tenkr\u00e1t stalo? V l\u00e9t\u011b p\u0159ed v\u00edce ne\u017e p\u011btadvaceti lety hltal cel\u00fd sv\u011bt cestu \u0161pan\u011blsk\u00fdch ko\u0161\u00edk\u00e1\u0159\u016f a\u017e na absolutn\u00ed vrchol, ke zlat\u00fdm medail\u00edm z paralympijsk\u00fdch her. I tehdy za v\u0161\u00edm byl mu\u017e, jen\u017e m\u011bl handicapovan\u00e9ho potomka, m\u00edstop\u0159edseda \u0160pan\u011blsk\u00e9ho paralympijsk\u00e9ho v\u00fdboru Fernando Mart\u00edn Vicente.<\/p>\n\n\n\n<p>Z dvan\u00e1cti hr\u00e1\u010d\u016f, kte\u0159\u00ed do Braz\u00edlie odcestovali, m\u011bli jen dva ment\u00e1ln\u00ed posti\u017een\u00ed. Jedn\u00edm z nich byl Ram\u00f3n Torres, jen\u017e tenkr\u00e1t vyj\u00e1d\u0159il pochybnost o nov\u00fdch hr\u00e1\u010d\u00edch v t\u00fdmu. Bylo mu \u0159e\u010deno, \u017ee je v\u0161e v po\u0159\u00e1dku. Nebylo\u2026<\/p>\n\n\n\n<p>Neblbn\u011bte, poznaj\u00ed to<\/p>\n\n\n\n<p>Dvojice hr\u00e1\u010d\u016f s ment\u00e1ln\u00edm posti\u017een\u00edm se k t\u00fdmu p\u0159ipojila a\u017e t\u011bsn\u011b p\u0159ed cestou do Ji\u017en\u00ed Ameriky. Jedn\u00edm z t\u011bch zdrav\u00fdch byl amat\u00e9rsk\u00fd basketbalista Carlos Ribagorda, jen\u017e pracoval jako novin\u00e1\u0159 a cel\u00fd podvod nakonec pomohl rozkr\u00fdt. \u201eP\u00e1r m\u011bs\u00edc\u016f p\u0159ed paralympi\u00e1dou m\u011b pozvali do t\u00fdmu. V\u0161ude ale byli jen sam\u00ed zdrav\u00ed hr\u00e1\u010di. V\u0161ichni spoluhr\u00e1\u010di mi nav\u00edc \u0159\u00edkali, \u017ee stejn\u011b v\u0161ichni v\u00ed, \u017ee sport ment\u00e1ln\u011b posti\u017een\u00fdch je fra\u0161ka,\u201c vypr\u00e1v\u011bl s odstupem hr\u00e1\u010d, jemu\u017e bylo v t\u00e9 dob\u011b p\u011btadvacet rok\u016f.<\/p>\n\n\n\n<p>V tu chv\u00edli dosp\u011bl k rozhodnut\u00ed, \u017ee je pot\u0159eba v\u0161e \u0159\u00e1dn\u011b prozkoumat a pro\u0161et\u0159it.<\/p>\n\n\n\n<p>Prvn\u00ed z\u00e1pas proti Portugalsku. \u0160pan\u011bl\u00e9 v derby Pyrenejsk\u00e9ho poloostrova vedli u\u017e o 30 bod\u016f. A kou\u010d \u0161pan\u011blsk\u00fdch reprezentant\u016f ud\u00edlel na st\u0159\u00edda\u010dce pon\u011bkud netradi\u010dn\u00ed taktick\u00e9 pokyny. A\u0165 pr\u00fd kluci neblbnou, aby se nepoznalo, \u017ee jsou zdrav\u00ed.<\/p>\n\n\n\n<p>Ribagorda u\u017e tehdy ve spolupr\u00e1ci se sv\u00fdm domovsk\u00fdm magaz\u00ednem Capital pl\u00e1noval materi\u00e1l, jen\u017e pomohl v\u0161e odhalit. To v\u0161ak a\u017e po skon\u010den\u00ed turnaje, kter\u00fd \u0160pan\u011bl\u00e9 suver\u00e9nn\u00edm zp\u016fsobem ovl\u00e1dli. Ve fin\u00e1le p\u0159ehr\u00e1li Rusko o \u010dty\u0159iadvacet bod\u016f. \u201eMysl\u00edm, \u017ee aspo\u0148 t\u0159i jejich hr\u00e1\u010di byli taky \u00fapln\u011b zdrav\u00ed,\u201c je p\u0159esv\u011bd\u010den.<\/p>\n\n\n\n<p>Jen\u017ee se i s jeho vydatn\u00fdm p\u0159isp\u011bn\u00edm zjistilo, \u017ee basketbalist\u00e9 v\u016fbec nepodstoupili po\u017eadovan\u00e9 testy, kter\u00e9 m\u011bly prok\u00e1zat IQ ni\u017e\u0161\u00ed ne\u017e 75, co\u017e byla podm\u00ednka ke startu.<\/p>\n\n\n\n<p>\u201eZ 200 \u0161pan\u011blsk\u00fdch sportovc\u016f v Sydney nejm\u00e9n\u011b 15 nem\u011blo \u017e\u00e1dn\u00fd fyzick\u00fd ani ment\u00e1ln\u00ed handicap \u2013 nepro\u0161li ani l\u00e9ka\u0159sk\u00fdmi ani psychologick\u00fdmi vy\u0161et\u0159en\u00edmi,\u201c citovala nav\u00edc Ribagordu BBC. To v\u0161e pr\u00fd s c\u00edlem z\u00edskat paralympijsk\u00e9 medaile a t\u00edm posl\u00e9ze pozornost dal\u0161\u00edch sponzor\u016f.<\/p>\n\n\n\n<p>Po n\u00e1vratu, kter\u00fd prob\u011bhl v co nejv\u011bt\u0161\u00edm mo\u017en\u00e9m utajen\u00ed, aby n\u00e1hodou n\u011bkdo n\u011bco nepoznal, novin\u00e1\u0159 a basketbalista v jedn\u00e9 osob\u011b vzal svou medaili a zaslal ji Mezin\u00e1rodn\u00edmu olympijsk\u00e9mu v\u00fdboru. Pak vydal svou report\u00e1\u017e.<\/p>\n\n\n\n<p>Rozjel t\u00edm dlouholet\u00e9 vy\u0161et\u0159ov\u00e1n\u00ed, b\u011bhem kter\u00e9ho byly \u0161pan\u011blsk\u00fdm basketbalist\u016fm medaile odebr\u00e1ny, Fernando Mart\u00edn Vicente v\u0161ak v\u0161e pop\u00edral. Nakonec mu v\u0161ak byla prok\u00e1z\u00e1na vina a p\u0159i\u0161la i ve\u0159ejn\u00e1 omluva.<\/p>\n\n\n\n<p>Af\u00e9ra v\u0161ak m\u011bla mnohem dalekos\u00e1hlej\u0161\u00ed d\u016fsledky. Na dlouh\u00fdch dvan\u00e1ct let byly sporty lid\u00ed s ment\u00e1ln\u00edm posti\u017een\u00edm vy\u0161krtnuty z programu paralympijsk\u00fdch her. O mo\u017enost spln\u011bn\u00ed snu o \u00fa\u010dasti na vrcholn\u00e9 sv\u011btov\u00e9 akci tak p\u0159i\u0161lo mnoho sportovc\u016f, ne\u017e se v Lond\u00fdn\u011b v roce 2012 sportovci s ment\u00e1ln\u00edm posti\u017een\u00edm do\u010dkali n\u00e1vratu.<\/p>\n\n\n\n<p>A jak dopadl skand\u00e1l pro jeho hlavn\u00ed akt\u00e9ry? Po t\u0159in\u00e1cti letech padl u soudu verdikt. Z p\u016fvodn\u011b devaten\u00e1cti obvin\u011bn\u00fdch dostal trest jen Fernando Mart\u00edn Vicente. Pokutu ve v\u00fd\u0161i 5400 eur, tenkr\u00e1t v p\u0159epo\u010dtu na koruny necel\u00fdch 140 tis\u00edc.<\/p>\n\n\n\n<p>Dnes je syst\u00e9m mnohem propracovan\u011bj\u0161\u00ed a neomezuje se pouze na test inteligence, ale jde o s\u00e9rii r\u016fzn\u00e9ho testov\u00e1n\u00ed. Sleduje se tak\u00e9 vliv ment\u00e1ln\u00edho posti\u017een\u00ed na v\u00fdkon v jeho nejr\u016fzn\u011bj\u0161\u00edch hledisc\u00edch, nav\u00edc jsou sportovci pozorn\u011b sledov\u00e1ni klasifik\u00e1tory p\u0159\u00edmo b\u011bhem sv\u00fdch sportovn\u00edch v\u00fdkon\u016f.<\/p>\n\n\n\n<p>Martin Slab\u00fd<\/p>\n\n\n\n<p>Den\u00edk.cz<\/p>\n\n\n\n<p><a href=\"https:\/\/www.denik.cz\" target=\"_blank\" rel=\"noreferrer noopener\">https:\/\/www.denik.cz<\/a><\/p>\n","protected":false},"excerpt":{"rendered":"<div class=\"mh-excerpt\"><p>N\u011bkte\u0159\u00ed z v\u00e1s na n\u011bm u\u017e mo\u017en\u00e1 byli, jin\u00ed se do kina t\u0159eba je\u0161t\u011b chystaj\u00ed. \u0158e\u010d je o \u010desk\u00e9m filmu Dream Team, jen\u017e si za\u010d\u00e1tkem <a class=\"mh-excerpt-more\" href=\"https:\/\/www.invarena.cz\/?p=62614\" title=\"Skand\u00e1l, kter\u00fd zabil sen mnoha sportovc\u016f. Za filmem Dream Team je re\u00e1ln\u00fd p\u0159\u00edb\u011bh\">[&#8230;]<\/a><\/p>\n<\/div>","protected":false},"author":1,"featured_media":11579,"comment_status":"open","ping_status":"closed","sticky":false,"template":"","format":"standard","meta":{"footnotes":""},"categories":[9],"tags":[],"class_list":["post-62614","post","type-post","status-publish","format-standard","has-post-thumbnail","hentry","category-zpravy"],"_links":{"self":[{"href":"https:\/\/www.invarena.cz\/index.php?rest_route=\/wp\/v2\/posts\/62614","targetHints":{"allow":["GET"]}}],"collection":[{"href":"https:\/\/www.invarena.cz\/index.php?rest_route=\/wp\/v2\/posts"}],"about":[{"href":"https:\/\/www.invarena.cz\/index.php?rest_route=\/wp\/v2\/types\/post"}],"author":[{"embeddable":true,"href":"https:\/\/www.invarena.cz\/index.php?rest_route=\/wp\/v2\/users\/1"}],"replies":[{"embeddable":true,"href":"https:\/\/www.invarena.cz\/index.php?rest_route=%2Fwp%2Fv2%2Fcomments&post=62614"}],"version-history":[{"count":0,"href":"https:\/\/www.invarena.cz\/index.php?rest_route=\/wp\/v2\/posts\/62614\/revisions"}],"wp:featuredmedia":[{"embeddable":true,"href":"https:\/\/www.invarena.cz\/index.php?rest_route=\/wp\/v2\/media\/11579"}],"wp:attachment":[{"href":"https:\/\/www.invarena.cz\/index.php?rest_route=%2Fwp%2Fv2%2Fmedia&parent=62614"}],"wp:term":[{"taxonomy":"category","embeddable":true,"href":"https:\/\/www.invarena.cz\/index.php?rest_route=%2Fwp%2Fv2%2Fcategories&post=62614"},{"taxonomy":"post_tag","embeddable":true,"href":"https:\/\/www.invarena.cz\/index.php?rest_route=%2Fwp%2Fv2%2Ftags&post=62614"}],"curies":[{"name":"wp","href":"https:\/\/api.w.org\/{rel}","templated":true}]}}