{"id":62660,"date":"2026-01-17T23:10:36","date_gmt":"2026-01-17T22:10:36","guid":{"rendered":"https:\/\/www.invarena.cz\/?p=62660"},"modified":"2026-01-17T23:10:37","modified_gmt":"2026-01-17T22:10:37","slug":"parahokej-mi-dal-naboj-do-zivota-rika-nejlepsi-brankar-sveta-z-domazlic","status":"publish","type":"post","link":"https:\/\/www.invarena.cz\/?p=62660","title":{"rendered":"Parahokej mi dal n\u00e1boj do \u017eivota, \u0159\u00edk\u00e1 nejlep\u0161\u00ed brank\u00e1\u0159 sv\u011bta z\u00a0Doma\u017elic"},"content":{"rendered":"\n<p>T\u00e9m\u011b\u0159 p\u0159ed sedmi lety se Patrikovi Sedl\u00e1\u010dkovi z\u00e1sadn\u011b zm\u011bnil sv\u011bt. Mlad\u00fd hokejista Doma\u017elic v sedmn\u00e1cti letech prod\u011blal dvojitou plicn\u00ed embolii, zkolabovali mu org\u00e1ny v t\u011ble a n\u00e1sledkem toho mu l\u00e9ka\u0159i kv\u016fli infekci amputovali pravou nohu ve stehn\u011b. Patrik Sedl\u00e1\u010dek nerezignoval na \u017eivot, nelitoval se a kon\u00ed\u010dka i druhou rodinu na\u0161el mezi parahokejisty. \u010cty\u0159iadvacetilet\u00fd \u010dlen SKV Sharks Karlovy Vary je z\u00e1rove\u0148 pil\u00ed\u0159em \u010desk\u00e9 parahokejov\u00e9 reprezentace a z mistrovstv\u00ed sv\u011bta m\u00e1 t\u0159i bronzov\u00e9 medaile. Na lo\u0148sk\u00e9m \u0161ampion\u00e1tu z\u00edskal i individu\u00e1ln\u00ed ocen\u011bn\u00ed pro nejlep\u0161\u00edho brank\u00e1\u0159e turnaje. Patrik Sedl\u00e1\u010dek \u017eije v Doma\u017elic\u00edch, pracuje v Hor\u0161ovsk\u00e9m T\u00fdn\u011b ve firm\u011b, v n\u00ed\u017e m\u00e1 na starost bezpe\u010dnost pr\u00e1ce a \u017eivotn\u00ed prost\u0159ed\u00ed, a do Karlov\u00fdch Var\u016f doj\u00ed\u017ed\u00ed na ligov\u00e9 z\u00e1pasy.<\/p>\n\n\n\n<p>V roce 2019 zkolaboval tehdy 17let\u00fd Patrik Sedl\u00e1\u010dek doma u stolu. Matka a p\u0159\u00edtelkyn\u011b zavolaly z\u00e1chranku. &#8222;Nikdo nev\u011bd\u011bl, co se mnou bude a jestli p\u0159e\u017eiju, proto\u017ee srdce mi vypov\u011bd\u011blo slu\u017ebu na 57 minut. V\u011bt\u0161inou po t\u0159ech \u010dty\u0159ech minut\u00e1ch, kdy nen\u00ed okysli\u010dovan\u00fd mozek, odum\u00edraj\u00ed mozkov\u00e9 bu\u0148ky. L\u00e9ka\u0159i si d\u011blali starosti, abych se v\u016fbec probral. A pokud bych se probral, tak abych dok\u00e1zal n\u011bjak\u00fdm zp\u016fsobem fungovat a nebyl jsem le\u017e\u00e1k. Funkci srdce mn\u011b dok\u00e1zali obnovit a\u017e ve Fakultn\u00ed nemocnici v Plzni napojen\u00edm na p\u0159\u00edstroje,&#8220; vypr\u00e1v\u00ed Patrik Sedl\u00e1\u010dek.<\/p>\n\n\n\n<p>M\u016f\u017eete popsat, co se s v\u00e1mi stalo?<\/p>\n\n\n\n<p>Seb\u011bhlo se toho hodn\u011b. P\u0159ivezli m\u011b z domova, kde jsem zkolaboval po z\u00e1stav\u011b srdce, do Fakultn\u00ed nemocnice Plze\u0148. Nechali m\u011b le\u017eet, proto\u017ee nev\u011bd\u011bli, co se se mnou d\u011bje. Byl jsem 17let\u00fd kluk, kter\u00fd doma zkolaboval. P\u0159i mas\u00edrov\u00e1n\u00ed srdce mi zlomili \u017eebro a t\u00edm mn\u011b prop\u00edchli pl\u00edci a krev mi proudila do plic. Kdy\u017e operovali pl\u00edce, zjistili dvojitou plicn\u00ed embolii. Ale st\u00e1le se nev\u011bd\u011blo, co se mnou je a m\u016fj zdravotn\u00ed stav byl kritick\u00fd. Do toho p\u0159estaly fungovat ledviny, st\u0159eva a vlastn\u011b nic v t\u011ble nefungovalo. L\u00e9ka\u0159i nev\u011bd\u011bli, co se mnou d\u011blat. Zjistilo se, \u017ee m\u00e1m n\u011bco \u0161patn\u00e9ho s krv\u00ed a novou krv\u00ed se mi ji sna\u017eili \u010distit, ale neda\u0159ilo se to. Nakonec se zjistilo, \u017ee m\u00e1m infekci v prav\u00e9 noze, tak\u017ee l\u00e9ka\u0159i za\u010dali nohu postupn\u011b amputovat od kotn\u00edku. A\u017e amputovali nohu ve stehn\u011b, tak se m\u016fj stav rapidn\u011b zlep\u0161il. Jen\u017ee po\u0159\u00e1d v t\u011ble nic nefungovalo a museli mi vz\u00edt metr a p\u016fl st\u0159ev. Najednou se st\u0159eva zlep\u0161ila a za\u010daly mn\u011b fungovat ob\u011b ledviny. Kdy\u017e m\u011b po dvou m\u011bs\u00edc\u00edch probrali z um\u011bl\u00e9ho sp\u00e1nku, tak jsem byl funk\u010dn\u00ed \u010dlov\u011bk a za\u010dal jsem s rekonvalescenc\u00ed, kter\u00e1 v nemocnici trvala t\u0159i \u010dtvrt\u011b roku. Pot\u00e9 jsem se vr\u00e1til do \u017eivota jako zdrav\u00fd \u010dlov\u011bk, jen o nohu krat\u0161\u00ed.<\/p>\n\n\n\n<p>Jak\u00e1 byla p\u0159\u00ed\u010dina kolapsu?<\/p>\n\n\n\n<p>Nikdo p\u0159esn\u011b nev\u00ed, ale s rodinou jsme vydumali, \u017ee m\u016f\u017ee spo\u010d\u00edvat v p\u0159echozen\u00e9 ch\u0159ipce. T\u00fdden p\u0159ed kolapsem jsem hr\u00e1l hokejov\u00fd z\u00e1pas, i kdy\u017e jsem m\u011bl ch\u0159ipku. Hokej jsem hr\u00e1l od t\u0159\u00ed let a v mlad\u00e9m v\u011bku \u010dlov\u011bk \u017eije sportem, tak\u017ee jsem si \u0159\u00edkal, \u017ee nemohu vynechat z\u00e1pas. P\u0159echodil jsem ch\u0159ipku a mysl\u00edme si, \u017ee t\u00edm jsem si zad\u011blal na z\u00e1pal plic, kter\u00fd jsem tak\u00e9 p\u0159echodil. Za\u010dalo se mi \u0161patn\u011b d\u00fdchat, a proto jsem nav\u0161t\u00edvil obvodn\u00ed l\u00e9ka\u0159ku, kter\u00e1 mi p\u0159edepsala inhal\u00e1tor pro astmatiky. Pom\u00e1hal mi, ale i tak mi ch\u016fze do m\u00edrn\u00e9ho kope\u010dku d\u011blala probl\u00e9m, proto\u017ee jsem pot\u0159eboval zastavit a rozd\u00fdchat se. Na plicn\u00edm odd\u011blen\u00ed v nemocnici v Klatovech mi po\u0159\u00e1dn\u011b nic ne\u0159ekli. Kdy\u017e jsem p\u0159ijel z Klatov z nemocnice a sedl si doma ke stolu, cht\u011blo se mi hrozn\u011b sp\u00e1t. Probudil jsem se a \u0159ekl jsem, \u017ee jsem usnul. Ne\u017e jsem dopov\u011bd\u011bl v\u011btu, tak mn\u011b vypnulo srdce. Mamina s p\u0159\u00edtelkyn\u00ed m\u011b svalily na zem a zavolali z\u00e1chranku. Um\u0159el jsem mamin\u011b s p\u0159\u00edtelkyn\u00ed v n\u00e1ru\u010d\u00edch.<\/p>\n\n\n\n<p>Musel b\u00fdt hrozn\u00fd \u0161ok zjistit, kdy\u017e jste se probudil z um\u011bl\u00e9ho sp\u00e1nku, \u017ee m\u00e1te amputovanou nohu.<\/p>\n\n\n\n<p>Byl jsem pod siln\u00fdmi pr\u00e1\u0161ky, tak\u017ee si dodnes nepamatuju, kdy jsem se probudil. \u017de jsem p\u0159i\u0161el o nohu, jsem zjistil po dvou t\u0159ech dnech. Byl jsem zaintubovan\u00fd, m\u011bl jsem otev\u0159enou r\u00e1nu na b\u0159i\u0161e kv\u016fli operaci st\u0159ev, v\u0161ude po cel\u00e9m t\u011ble jsem m\u011bl nap\u00edchan\u00e9 hadi\u010dky.<\/p>\n\n\n\n<p>Co v\u00e1m b\u011b\u017eelo hlavou, kdy\u017e jste to zjistil?<\/p>\n\n\n\n<p>V nemocnici jsem se sna\u017eil d\u00e1t do kupy, abych nem\u011bl komplikace, a\u0165 u\u017e je to chozen\u00ed na dial\u00fdzu. Soust\u0159edil jsem se na tyto v\u011bci. Postupem \u010dasu jsem si uv\u011bdomoval, \u017ee nem\u00e1m nohu a \u017ee jsem odli\u0161n\u00fd. A tak\u00e9, \u017ee u\u017e si nezahraju hokej. \u0158\u00edkal jsem si, \u017ee budu muset za\u010d\u00edt \u017e\u00edt nov\u00fd \u017eivot.<\/p>\n\n\n\n<p>Jak vedla cesta k parahokeji?<\/p>\n\n\n\n<p>Prvn\u00ed cesta vedla do reprezentace. V roce 2019, kdy jsem le\u017eel v nemocnici, jsme hledali n\u011bjak\u00fd sport. Byl jsem osloven\u00fd paraflorbalem v Plzni a ve h\u0159e byl i volejbal sed\u00edc\u00edch. Ale tyto sporty nejsou pro m\u011b. T\u00e1ta za mnou p\u0159i\u0161el do nemocnice s t\u00edm, \u017ee prob\u00edh\u00e1 mistrovstv\u00ed sv\u011bta v parahokeji v Ostrav\u011b. Sehnali jsme kontakt na kapit\u00e1na \u010desk\u00e9 reprezentace i Karlov\u00fdch Var\u016f Michala Geier p\u0159es moji tetu, kter\u00e1 m\u011bla ve \u0161kolce jeho d\u011bti. Kontaktoval jsem Michala v dob\u011b covidu, kdy se \u010desk\u00e1 parahokejov\u00e1 liga nesm\u011bla hr\u00e1t. Nicm\u00e9n\u011b reprezentace tr\u00e9novala v Pod\u011bbradech, tak\u017ee jsem si zavolal s tren\u00e9rem, kter\u00fdm v t\u00e9 dob\u011b byl Ji\u0159\u00ed B\u0159\u00edza. Domluvil jsem si tr\u00e9nink, v reprezentaci mi v\u0161echno p\u0159ipravili a po prvn\u00edm tr\u00e9ninku jsem v\u011bd\u011bl, \u017ee parahokej je sport, kter\u00fd chci d\u011blat.<\/p>\n\n\n\n<p>Stal jste se hned brank\u00e1\u0159em?<\/p>\n\n\n\n<p>Ne. Za\u010d\u00ednal jsem jako \u00fato\u010dn\u00edk, proto\u017ee jsem hr\u00e1l hokej za Doma\u017elice v \u00fatoku. Tehdy m\u011bla reprezentace t\u0159i stabiln\u00ed g\u00f3lmany. Po t\u0159ech m\u011bs\u00edc\u00edch se mi poda\u0159ilo dostat do u\u017e\u0161\u00edho k\u00e1dru pro mistrovstv\u00ed sv\u011bta v roce 2021 v Ostrav\u011b. Do \u0161ampion\u00e1tu v roce 2023 jsem hr\u00e1l v poli, ale pot\u00e9 jsem se posunul do br\u00e1ny. Vyzkou\u0161el jsem si to a tren\u00e9r\u016fm v reprezentaci ozn\u00e1mil, \u017ee chci do br\u00e1ny. Po kempu brank\u00e1\u0159\u016f mi \u0159ekli, \u017ee to nebude probl\u00e9m, kdy\u017e na sob\u011b budu pracovat. Za Karlovy Vary si jdu ob\u010das zahr\u00e1t do \u00fatoku. Na pokr\u010den\u00e9 noze m\u00e1m brank\u00e1\u0159sk\u00fd beton, tak\u017ee to vypad\u00e1 jako klasick\u00fd g\u00f3lmansk\u00fd rozklek.<\/p>\n\n\n\n<p>Jak jste zvl\u00e1dal za\u010d\u00e1tky v parahokeji, hlavn\u011b pohybovat se na san\u00edch?<\/p>\n\n\n\n<p>Nejt\u011b\u017e\u0161\u00ed bylo nau\u010dit se na san\u00edch, proto\u017ee hokejov\u00e9 my\u0161len\u00ed jsem m\u011bl z hokeje. Tak\u017ee pro m\u011b bylo jednodu\u0161\u0161\u00ed \u010d\u00edst hru nebo m\u00edt cit pro nahr\u00e1vku. Prim\u00e1rn\u00ed bylo nau\u010dit se na san\u00edch a dodnes se na nich u\u010d\u00edm. Trvalo mi t\u0159i \u010dty\u0159i m\u011bs\u00edce, ne\u017e jsem se dok\u00e1zal probojovat do u\u017e\u0161\u00edho k\u00e1dru na mistrovstv\u00ed sv\u011bta 2021.<\/p>\n\n\n\n<p>Jak dlouho hrajete v Karlov\u00fdch Varech?<\/p>\n\n\n\n<p>Od roku 2021, kdy jsem za\u010dal hr\u00e1t parahokej.<\/p>\n\n\n\n<p>Karlovar\u0161t\u00ed \u017draloci jsou \u00fasp\u011b\u0161n\u00ed.<\/p>\n\n\n\n<p>Letos budeme obhajovat p\u00e1t\u00fd titul za sebou. Tuto sezonu jsme zat\u00edm neztratili ani bod.<\/p>\n\n\n\n<p>Da\u0159\u00ed se i \u010desk\u00e9 reprezentaci.<\/p>\n\n\n\n<p>M\u00e1m v\u0161echny t\u0159i bronzov\u00e9 medaile &#8211; 2023, 2024 a 2025.<\/p>\n\n\n\n<p>Na mistrovstv\u00ed sv\u011bta 2025 jste byl vyhl\u00e1\u0161en nejlep\u0161\u00edm brank\u00e1\u0159em mistrovstv\u00ed sv\u011bta. To v\u00e1s muselo hodn\u011b pot\u011b\u0161it, ne?<\/p>\n\n\n\n<p>Samoz\u0159ejm\u011b. V lednu nebo v \u00fanoru jsem se dozv\u011bd\u011bl, \u017ee pojedu na turnaj jako jedni\u010dka, proto\u017ee Martin Kudela \u010dekal narozen\u00ed potomka. Celou sezonu jsem si \u0161el za c\u00edlem b\u00fdt vyhl\u00e1\u0161en i nejlep\u0161\u00edm brank\u00e1\u0159em \u010desk\u00e9 ligy. Tak\u017ee jsem do tr\u00e9ninku d\u00e1val sto procent. Bohu\u017eel nevy\u0161ly v\u0161echny z\u00e1pasy tak, jak jsme si p\u0159\u00e1li. Ale nakonec se povedlo z\u00edskat t\u0159et\u00ed bronz v \u0159ad\u011b. Kdy\u017e m\u011b vyhl\u00e1sili jako nejlep\u0161\u00edho brank\u00e1\u0159e turnaje, byl jsem zasko\u010den\u00fd a p\u0159ekvapen\u00fd a hodn\u011b m\u011b to pot\u011b\u0161ilo.<\/p>\n\n\n\n<p>Startoval jste na paralympi\u00e1d\u011b v Pekingu a v b\u0159eznu budou Hry v Mil\u00e1n\u011b. M\u00e1te jistou nominaci?<\/p>\n\n\n\n<p>Nominaci je\u0161t\u011b nem\u00e1me, ale tu\u0161\u00edm, \u017ee do Mil\u00e1na pojedu, proto\u017ee jsme jen dva st\u00e1l\u00ed g\u00f3lmani. T\u0159et\u00edmu, Michalovi V\u00e1penkovi, je 50 let a asi pojede na svoji posledn\u00ed paralympi\u00e1du se rozlou\u010dit.<\/p>\n\n\n\n<p>Paralympijsk\u00e1 medaile v\u00e1m zat\u00edm chyb\u00ed. Bude velk\u00fdm c\u00edlem jej\u00ed zisk v Mil\u00e1n\u011b?<\/p>\n\n\n\n<p>Ano, ale p\u0159ed n\u00e1mi je je\u0161t\u011b hodn\u011b pr\u00e1ce. P\u0159ece jen paralympi\u00e1da je o t\u0159\u00eddu v\u00fd\u0161 a t\u00fdmy se na ni p\u0159ipravuj\u00ed jin\u00fdm stylem ne\u017e na mistrovstv\u00ed sv\u011bta. Na paralympi\u00e1d\u011b chce ka\u017ed\u00fd t\u00fdm uk\u00e1zat to nejlep\u0161\u00ed. Cht\u011bli bychom za\u00fato\u010dit na bronz, ale s takov\u00fdmi pocity jsme odl\u00e9tali do Pekingu. Budeme se sna\u017eit p\u0159edv\u00e9st co nejlep\u0161\u00ed v\u00fdkon, abychom potvrdili m\u00edsto v top \u010dty\u0159ce sv\u011bta.<\/p>\n\n\n\n<p>Hraj\u00ed \u010de\u0161t\u00ed parahokejist\u00e9 v zahrani\u010d\u00ed?<\/p>\n\n\n\n<p>Ne. Zahrani\u010dn\u00ed parahokejist\u00e9 z Evropy k n\u00e1m jezd\u00ed hr\u00e1t ligu, proto\u017ee jsme jedin\u00e1 republika v Evrop\u011b, kter\u00e1 m\u00e1 parahokejovou ligu. Michal Geier kdysi dostal nab\u00eddku hr\u00e1t v Rusku, ale v t\u00e9 dob\u011b \u010dekali d\u011bti, tak\u017ee odm\u00edtl. V Americe a v Kanad\u011b se hraje liga, ale je de facto na stejn\u00e9 \u00farovni jako ta na\u0161e. V\u011bt\u0161ina evropsk\u00fdch hr\u00e1\u010d\u016f se sna\u017e\u00ed hr\u00e1t ligu v \u010cesku.<\/p>\n\n\n\n<p>Co pro v\u00e1s parahokej znamen\u00e1?<\/p>\n\n\n\n<p>Reprezenta\u010dn\u00ed nebo klubov\u00fd t\u00fdm parahokeje, jsou pro m\u011b druhou rodinou. Po n\u00e1vratu dom\u016f z nemocnice jsem byl doma zav\u0159en\u00fd, \u010dlov\u011bku se nechce chodit mezi lidi, proto\u017ee m\u00e1 strach, \u017ee se ho lidi budou po\u0159\u00e1d na n\u011bco vypt\u00e1vat a koukat na n\u011bj. M\u00e1te \u010dern\u00e9 my\u0161lenky, hodn\u011b p\u0159em\u00fd\u0161l\u00edte a pak se ut\u00e1p\u00edte v depres\u00edch. M\u011bl jsem to docela \u010dasto. V parahokeji jsem se dostal mezi lidi s hendikepem a vid\u011bl jsem, \u017ee se nikdo nelituje, ale d\u0159e se tam. Dalo mi to n\u00e1boj do \u017eivota, co\u017e \u0159\u00edk\u00e1m kamar\u00e1dovi, kter\u00fd tak\u00e9 p\u0159i\u0161el o nohu a l\u00e1k\u00e1m ho na parahokej. Nen\u00ed to jen o tom sportovat, ale \u0159\u00edk\u00e1m tomu b\u00fdt mezi sv\u00fdmi. V\u00edte, \u017ee nejste odstr\u010den\u00fd od spole\u010dnosti, ale jste mezi sob\u011b rovn\u00fdmi lidmi. N\u011bkte\u0159\u00ed maj\u00ed v\u011bt\u0161\u00ed hendikep, ale jsme na sob\u011b takzvan\u011b napojen\u00ed. V t\u00fdmech fungujeme jako rodina, tak\u017ee se tam \u010dlov\u011bk c\u00edt\u00ed dob\u0159e, p\u0159epne na jin\u00e9 my\u0161lenky, d\u011bl\u00e1 si ze sebe i srandu. Bereme to sportovn\u011b a pro m\u011b to byla nejlep\u0161\u00ed zm\u011bna v \u017eivot\u011b a nelituju toho. Je pot\u0159eba, aby \u010dlov\u011bku v t\u00e9to situaci n\u011bkdo pomohl a nejl\u00edp, kdo mu dok\u00e1\u017ee pomoci, jsou lidi, kte\u0159\u00ed jsou na tom stejn\u011b.<\/p>\n\n\n\n<p>Martin \u0160vec<\/p>\n\n\n\n<p>Doma\u017elick\u00fd den\u00edk<\/p>\n\n\n\n<p><a href=\"https:\/\/domazlicky.denik.cz\" target=\"_blank\" rel=\"noreferrer noopener\">https:\/\/domazlicky.denik.cz<\/a><\/p>\n","protected":false},"excerpt":{"rendered":"<div class=\"mh-excerpt\"><p>T\u00e9m\u011b\u0159 p\u0159ed sedmi lety se Patrikovi Sedl\u00e1\u010dkovi z\u00e1sadn\u011b zm\u011bnil sv\u011bt. Mlad\u00fd hokejista Doma\u017elic v sedmn\u00e1cti letech prod\u011blal dvojitou plicn\u00ed embolii, zkolabovali mu org\u00e1ny v t\u011ble <a class=\"mh-excerpt-more\" href=\"https:\/\/www.invarena.cz\/?p=62660\" title=\"Parahokej mi dal n\u00e1boj do \u017eivota, \u0159\u00edk\u00e1 nejlep\u0161\u00ed brank\u00e1\u0159 sv\u011bta z\u00a0Doma\u017elic\">[&#8230;]<\/a><\/p>\n<\/div>","protected":false},"author":1,"featured_media":6805,"comment_status":"open","ping_status":"closed","sticky":false,"template":"","format":"standard","meta":{"footnotes":""},"categories":[9],"tags":[],"class_list":["post-62660","post","type-post","status-publish","format-standard","has-post-thumbnail","hentry","category-zpravy"],"_links":{"self":[{"href":"https:\/\/www.invarena.cz\/index.php?rest_route=\/wp\/v2\/posts\/62660","targetHints":{"allow":["GET"]}}],"collection":[{"href":"https:\/\/www.invarena.cz\/index.php?rest_route=\/wp\/v2\/posts"}],"about":[{"href":"https:\/\/www.invarena.cz\/index.php?rest_route=\/wp\/v2\/types\/post"}],"author":[{"embeddable":true,"href":"https:\/\/www.invarena.cz\/index.php?rest_route=\/wp\/v2\/users\/1"}],"replies":[{"embeddable":true,"href":"https:\/\/www.invarena.cz\/index.php?rest_route=%2Fwp%2Fv2%2Fcomments&post=62660"}],"version-history":[{"count":0,"href":"https:\/\/www.invarena.cz\/index.php?rest_route=\/wp\/v2\/posts\/62660\/revisions"}],"wp:featuredmedia":[{"embeddable":true,"href":"https:\/\/www.invarena.cz\/index.php?rest_route=\/wp\/v2\/media\/6805"}],"wp:attachment":[{"href":"https:\/\/www.invarena.cz\/index.php?rest_route=%2Fwp%2Fv2%2Fmedia&parent=62660"}],"wp:term":[{"taxonomy":"category","embeddable":true,"href":"https:\/\/www.invarena.cz\/index.php?rest_route=%2Fwp%2Fv2%2Fcategories&post=62660"},{"taxonomy":"post_tag","embeddable":true,"href":"https:\/\/www.invarena.cz\/index.php?rest_route=%2Fwp%2Fv2%2Ftags&post=62660"}],"curies":[{"name":"wp","href":"https:\/\/api.w.org\/{rel}","templated":true}]}}