{"id":62694,"date":"2026-01-20T19:05:43","date_gmt":"2026-01-20T18:05:43","guid":{"rendered":"https:\/\/www.invarena.cz\/?p=62694"},"modified":"2026-01-20T19:06:43","modified_gmt":"2026-01-20T18:06:43","slug":"62694","status":"publish","type":"post","link":"https:\/\/www.invarena.cz\/?p=62694","title":{"rendered":"V muzik\u00e1le spole\u010dn\u011b \u00fa\u010dinkuj\u00ed sly\u0161\u00edc\u00ed i nesly\u0161\u00edc\u00ed studenti"},"content":{"rendered":"\n<p>TV Nova<\/p>\n\n\n\n<p>\u017d\u00e1ci pra\u017esk\u00e9ho gymn\u00e1zia a st\u0159edn\u00ed \u0161koly pro nesly\u0161\u00edc\u00ed nacvi\u010dili muzik\u00e1l, kter\u00fd je v\u00fdjime\u010dn\u00fd t\u00edm, \u017ee se p\u0159\u00edmo na p\u00f3diu tlumo\u010d\u00ed do znakov\u00e9 \u0159e\u010di. Pr\u00e1v\u011b zku\u0161enosti z tohoto p\u0159edstaven\u00ed vedly ke vzniku projektu, kter\u00fd bude vytv\u00e1\u0159et vzd\u011bl\u00e1vac\u00ed materi\u00e1ly o sv\u011bt\u011b nesly\u0161\u00edc\u00edch pro \u0161koly i firmy. <\/p>\n\n\n\n<p><strong>mluv\u010d\u00ed 17,<\/strong> Muzik\u00e1l, ve kter\u00e9m vystupuje zhruba 150 student\u016f, vznikl na motivy d\u00edla Jana Amose Komensk\u00e9ho Labyrint sv\u011bta a R\u00e1j srdce.  <\/p>\n\n\n\n<p><strong>mluv\u010d\u00ed 18,<\/strong> Je to vlastn\u011b o holce, kter\u00e1 se dostane po Labyrintu a potk\u00e1 tam mlad\u00fdho J\u00e1na Amose Komensk\u00e9ho, kter\u00fd vlastn\u011b sna\u017e\u00ed dostat pry\u010d z toho Labyrintu a ve fin\u00e1le ji dostane pry\u010d. <\/p>\n\n\n\n<p><strong>mluv\u010d\u00ed 17,<\/strong> Zaj\u00edmav\u00e9 na tomto muzik\u00e1lu je, \u017ee spojuje dva sv\u011bty. Sly\u0161\u00edc\u00ed a nesly\u0161\u00edc\u00ed na p\u00f3diu spole\u010dn\u011b zp\u00edvaj\u00ed, hraj\u00ed, tan\u010d\u00ed a tlumo\u010d\u00ed. Spole\u010dn\u011b se studenty vystupuje i zp\u011bv\u00e1k Dan B\u00e1rta. P\u0159\u00edprava takov\u00e9ho muzik\u00e1lu trv\u00e1 tis\u00edce hodin. <\/p>\n\n\n\n<p><strong>mluv\u010d\u00ed 19,<\/strong> Ten samotn\u00fd p\u0159eklad je velmi n\u00e1ro\u010dn\u00fd. <\/p>\n\n\n\n<p><strong>mluv\u010d\u00ed 20,<\/strong> Fo\u0165\u00e1k. <\/p>\n\n\n\n<p><strong>mluv\u010d\u00ed 17,<\/strong> Na z\u00e1klad\u011b zku\u0161enost\u00ed z nacvi\u010dov\u00e1n\u00ed p\u0159edstaven\u00ed mezi sly\u0161\u00edc\u00edmi a nesly\u0161\u00edc\u00edmi vznik\u00e1 vzd\u011bl\u00e1vac\u00ed projekt o nesly\u0161\u00edc\u00edch. <\/p>\n\n\n\n<p><strong>mluv\u010d\u00ed 21,<\/strong> Chceme hlavn\u011b asi vych\u00e1zet z t\u00e9 spolupr\u00e1ce t\u011bch dvou \u0161kol, proto\u017ee ty studenti vlastn\u011b jsou hodn\u011b r\u00e1di, \u017ee m\u016f\u017eou spolupracovat. Chceme opravdu t\u0159eba vytvo\u0159it vzd\u011bl\u00e1vac\u00ed materi\u00e1ly do b\u011b\u017en\u00fdch \u0161kol, kter\u00e9 m\u016f\u017eou potom u\u010ditel\u00e9 vyu\u017e\u00edt a vlastn\u011b u\u010dit o sv\u011bt\u011b nesly\u0161\u00edc\u00edch. <\/p>\n\n\n\n<p><strong>mluv\u010d\u00ed 17,<\/strong>Auto\u0159i projektu cht\u011bj\u00ed zapojit i firmy, kter\u00e9 se p\u0159i sv\u00e9 pr\u00e1ci s nesly\u0161\u00edc\u00edmi setk\u00e1vaj\u00ed. V \u010cesku \u017eije se sluchov\u00fdm posti\u017een\u00edm zhruba p\u016fl milionu lid\u00ed. <\/p>\n\n\n\n<p>televize Nova<\/p>\n\n\n\n<p>na sn\u00edmku Hudebn\u011b divadeln\u00ed p\u0159edstaven\u00ed v pod\u00e1n\u00ed s\u00f3list\u016f z M\u011bstsk\u00e9ho divadla Brno, symfonick\u00e9ho orchestru Camerata Moravia a p\u011bveck\u00e9ho sboru Chermon pod taktovkou dirigenta Joela H\u00e1ny nab\u00edz\u00ed jedine\u010dn\u00fd kulturn\u00ed z\u00e1\u017eitek pro celou rodinu. Autorka Jarmila Bekov\u00e1 a re\u017eis\u00e9rka Hana Mikol\u00e1\u0161kov\u00e1 zpracovaly Komensk\u00e9ho nejslavn\u011bj\u0161\u00ed d\u00edlo\u00a0\u201eLabyrint sv\u011bta a r\u00e1j srdce\u201c\u00a0v sou\u010dasn\u00e9m jazyce tak, aby bylo srozumiteln\u00e9 pro v\u0161echny v\u011bkov\u00e9 kategorie (d\u011bti od 8 let). Tomu napom\u00e1haj\u00ed melodick\u00e9 p\u00edsn\u011b i kr\u00e1sn\u00e9 modern\u00ed kost\u00fdmy v\u00fdtvarn\u00edka Davida Jano\u0161ka.\u00a0 \u00a0 V hlavn\u00edch rol\u00edch se p\u0159edstav\u00ed Ji\u0159\u00ed Mach, Radek Novotn\u00fd, Jan Sklen\u00e1\u0159 a sama autorka Jarmila Bekov\u00e1, na p\u00f3diu se objev\u00ed tak\u00e9 speci\u00e1ln\u00ed host Majk Spirit.<\/p>\n","protected":false},"excerpt":{"rendered":"<div class=\"mh-excerpt\"><p>TV Nova \u017d\u00e1ci pra\u017esk\u00e9ho gymn\u00e1zia a st\u0159edn\u00ed \u0161koly pro nesly\u0161\u00edc\u00ed nacvi\u010dili muzik\u00e1l, kter\u00fd je v\u00fdjime\u010dn\u00fd t\u00edm, \u017ee se p\u0159\u00edmo na p\u00f3diu tlumo\u010d\u00ed do znakov\u00e9 \u0159e\u010di. <a class=\"mh-excerpt-more\" href=\"https:\/\/www.invarena.cz\/?p=62694\" title=\"V muzik\u00e1le spole\u010dn\u011b \u00fa\u010dinkuj\u00ed sly\u0161\u00edc\u00ed i nesly\u0161\u00edc\u00ed studenti\">[&#8230;]<\/a><\/p>\n<\/div>","protected":false},"author":1,"featured_media":62695,"comment_status":"open","ping_status":"closed","sticky":false,"template":"","format":"standard","meta":{"footnotes":""},"categories":[17],"tags":[],"class_list":["post-62694","post","type-post","status-publish","format-standard","has-post-thumbnail","hentry","category-kultura"],"_links":{"self":[{"href":"https:\/\/www.invarena.cz\/index.php?rest_route=\/wp\/v2\/posts\/62694","targetHints":{"allow":["GET"]}}],"collection":[{"href":"https:\/\/www.invarena.cz\/index.php?rest_route=\/wp\/v2\/posts"}],"about":[{"href":"https:\/\/www.invarena.cz\/index.php?rest_route=\/wp\/v2\/types\/post"}],"author":[{"embeddable":true,"href":"https:\/\/www.invarena.cz\/index.php?rest_route=\/wp\/v2\/users\/1"}],"replies":[{"embeddable":true,"href":"https:\/\/www.invarena.cz\/index.php?rest_route=%2Fwp%2Fv2%2Fcomments&post=62694"}],"version-history":[{"count":0,"href":"https:\/\/www.invarena.cz\/index.php?rest_route=\/wp\/v2\/posts\/62694\/revisions"}],"wp:featuredmedia":[{"embeddable":true,"href":"https:\/\/www.invarena.cz\/index.php?rest_route=\/wp\/v2\/media\/62695"}],"wp:attachment":[{"href":"https:\/\/www.invarena.cz\/index.php?rest_route=%2Fwp%2Fv2%2Fmedia&parent=62694"}],"wp:term":[{"taxonomy":"category","embeddable":true,"href":"https:\/\/www.invarena.cz\/index.php?rest_route=%2Fwp%2Fv2%2Fcategories&post=62694"},{"taxonomy":"post_tag","embeddable":true,"href":"https:\/\/www.invarena.cz\/index.php?rest_route=%2Fwp%2Fv2%2Ftags&post=62694"}],"curies":[{"name":"wp","href":"https:\/\/api.w.org\/{rel}","templated":true}]}}