{"id":62798,"date":"2026-01-30T14:36:35","date_gmt":"2026-01-30T13:36:35","guid":{"rendered":"https:\/\/www.invarena.cz\/?p=62798"},"modified":"2026-01-30T14:36:35","modified_gmt":"2026-01-30T13:36:35","slug":"regulace-alkoholu-v-cesku","status":"publish","type":"post","link":"https:\/\/www.invarena.cz\/?p=62798","title":{"rendered":"Regulace alkoholu v\u00a0\u010cesku"},"content":{"rendered":"\n<p>Prima<\/p>\n\n\n\n<p>Jeliko\u017e \u010ce\u0161i pat\u0159\u00ed dlouhodob\u011b mezi evropskou \u0161pi\u010dku v konzumaci alkoholu, tak vl\u00e1da proto zva\u017euje regulaci jeho prodeje.<\/p>\n\n\n\n<p>Nov\u00e1 opat\u0159en\u00ed by se m\u011bla zam\u011b\u0159it jak na prodej v obchodech s potravinami, tak nap\u0159\u00edklad ve ve\u010derk\u00e1ch. Zva\u017euje se tak\u00e9 omezen\u00ed reklamy v televizi.<\/p>\n\n\n\n<p>Stovky tis\u00edc z\u00e1visl\u00fdch. Alkohol je pro \u010cechy opravdu probl\u00e9m. N\u00e1sledky nadm\u011brn\u00e9ho pit\u00ed jsou hroziv\u00e9. Podle odborn\u00edk\u016f zem\u0159e ro\u010dn\u011b v \u010cesku na n\u00e1sledky nadm\u011brn\u00e9ho pit\u00ed alkoholu 6 a\u017e 7 000 lid\u00ed.<\/p>\n\n\n\n<p>00:00:30<\/p>\n\n\n\n<p>Karel Ne\u0161por,emeritn\u00ed prim\u00e1\u0159 Psychiatrick\u00e9 nemocnice Bohnice<\/p>\n\n\n\n<p>Sem pat\u0159\u00ed srde\u010dn\u00ed onemocn\u011bn\u00ed, n\u00e1dory a \u0159ada dal\u0161\u00edch chorob. N\u00e1siln\u00e9 p\u0159\u00ed\u010diny smrti. No, a samoz\u0159ejm\u011b sn\u00ed\u017een\u00ed spot\u0159eby alkoholu tyto \u0161kody nepochybn\u011b sn\u00ed\u017e\u00ed.<\/p>\n\n\n\n<p>00:00:44<\/p>\n\n\n\n<p>Jana Voz\u00e1rov\u00e1,redaktorka<\/p>\n\n\n\n<p>Omezen\u00ed prodejn\u00ed doby alkoholu anebo nap\u0159\u00edklad prodej jen ve specializovan\u00fdch prodejn\u00e1ch. I to jsou podle vl\u00e1dy zp\u016fsoby, kter\u00fdm lze pomoci sn\u00ed\u017eit po\u010dty lid\u00ed z\u00e1visl\u00fdch na alkoholu.<\/p>\n\n\n\n<p>00:00:54<\/p>\n\n\n\n<p>Pavel B\u00e9m,n\u00e1rodn\u00ed protidrogov\u00fd koordin\u00e1tor<\/p>\n\n\n\n<p>Ur\u010dit\u011b n\u00e1s to \u010dek\u00e1, ur\u010dit\u011b dobr\u00e9 p\u0159\u00edklady ze zahrani\u010dn\u00ed praxe. Tak\u017ee m\u00e1me tady f\u016fru v\u00fdzev, kter\u00e9 jsou jak v t\u00e9 politick\u00e9 rovin\u011b, t\u0159eba reklama, anebo teda to rozhodnut\u00ed o tom, \u017ee n\u011bkde v 9, v 10 hodin se prost\u011b n\u011bco zak\u00e1\u017ee a u\u017e to nebude k dispozici.<\/p>\n\n\n\n<p>00:01:15<\/p>\n\n\n\n<p>Jana Voz\u00e1rov\u00e1,redaktorka<\/p>\n\n\n\n<p>St\u00e1t vynakl\u00e1d\u00e1 okolo 60 miliard korun na l\u00e9\u010dbu souvisej\u00edc\u00ed s konzumac\u00ed alkoholu. Podle ministra zdravotnictv\u00ed by vl\u00e1da m\u011bla jednat i o jeho cen\u011b.<\/p>\n\n\n\n<p>00:01:25<\/p>\n\n\n\n<p>Adam Vojt\u011bch,ministr zdravotnictv\u00ed \/ANO\/<\/p>\n\n\n\n<p>Ta cenov\u00e1 regulace je tak\u00e9 jedno z opat\u0159en\u00ed, kter\u00e9 navrhuj\u00ed odborn\u00edci. Je to samoz\u0159ejm\u011b v gesci ministerstva financ\u00ed, tak\u017ee uvid\u00edme.<\/p>\n\n\n\n<p>00:01:33<\/p>\n\n\n\n<p>prodejkyn\u011b z ve\u010derky,Zl\u00edn<\/p>\n\n\n\n<p>Kdyby n\u00e1m to takhle nastavila vl\u00e1da a z\u00e1konem by to bylo dan\u00e9, tak bychom se museli p\u0159izp\u016fsobit.<\/p>\n\n\n\n<p>00:01:41<\/p>\n\n\n\n<p>anketa,<\/p>\n\n\n\n<p>J\u00e1 si mysl\u00edm, \u017ee by se m\u011bli zam\u011b\u0159it na d\u016fle\u017eit\u011bj\u0161\u00ed v\u011bci. Blbost. No, jsem proti tomu. Moc m\u011b tady toho s***.<\/p>\n\n\n\n<p>00:01:49<\/p>\n\n\n\n<p>Jana Voz\u00e1rov\u00e1,redaktorka<\/p>\n\n\n\n<p>Svaz obchodu a cestovn\u00edho ruchu varuje, \u017ee n\u011bkter\u00e1 omezen\u00ed m\u016f\u017eou p\u0159in\u00e9st vy\u0161\u0161\u00ed n\u00e1klady bez v\u011bt\u0161\u00edho efektu.<\/p>\n\n\n\n<p>00:01:56<\/p>\n\n\n\n<p>Tom\u00e1\u0161 Prouza,prezident Svazu obchodu a cestovn\u00edho ruchu \u010cR<\/p>\n\n\n\n<p>Pokud by st\u00e1t cht\u011bl omezit spot\u0159ebu alkoholu, m\u00e1 za\u010d\u00edt t\u00edm, \u017ee zavede spot\u0159ebn\u00ed da\u0148 na v\u00edno, m\u00e1 v\u00fdrazn\u011b omezit reklamu na alkohol okolo sportovn\u00edch po\u0159ad\u016f a m\u00e1 za\u010d\u00edt vym\u00e1hat i ta existuj\u00edc\u00ed pravidla.<\/p>\n\n\n\n<p>00:02:12<\/p>\n\n\n\n<p>Tom Philipp,poslanec, m\u00edstop\u0159edseda v\u00fdboru pro zdravotnictv\u00ed \/KDU-\u010cSL\/<\/p>\n\n\n\n<p>Alkohol v \u010cesk\u00e9 republice v\u00fdrazn\u00fdm zp\u016fsobem nadu\u017e\u00edv\u00e1me. To znamen\u00e1, ka\u017ed\u00e9 omezen\u00ed nebo ka\u017ed\u00e9 zmen\u0161en\u00ed p\u0159\u00edstupu k alkoholu je vhodn\u00fdm n\u00e1strojem pro to, aby se omezily jeho negativn\u00ed vlivy na zdrav\u00ed \u010desk\u00e9 populace.<\/p>\n\n\n\n<p>00:02:29<\/p>\n\n\n\n<p>Andrej Babi\u0161,premi\u00e9r, p\u0159edseda hnut\u00ed \/ANO\/<\/p>\n\n\n\n<p>P\u0159em\u00fd\u0161l\u00edme, jak v podstat\u011b ochr\u00e1nit tu mladou generaci.<\/p>\n\n\n\n<p>00:02:34<\/p>\n\n\n\n<p>anketa,<\/p>\n\n\n\n<p>J\u00e1 mysl\u00edm, \u017ee je to velice spr\u00e1vn\u00fd krok, \u017ee vl\u00e1da to m\u011bla u\u010dinit u\u017e d\u00e1vno. Aspo\u0148 by byl n\u00e1rod st\u0159\u00edzliv\u00fd.<\/p>\n\n\n\n<p>00:02:41<\/p>\n\n\n\n<p>Jana Voz\u00e1rov\u00e1,redaktorka<\/p>\n\n\n\n<p>Redakce a Jana Voz\u00e1rov\u00e1, CNN Prima News.<\/p>\n\n\n\n<p>00:02:45<\/p>\n\n\n\n<p>Eva Hecko Perkausov\u00e1,moder\u00e1torka<\/p>\n\n\n\n<p>A v t\u00e9matu pokra\u010dujeme. Ve vys\u00edl\u00e1n\u00ed je s n\u00e1mi n\u00e1rodn\u00ed protidrogov\u00fd koordin\u00e1tor Pavel B\u00e9m. Dobr\u00fd ve\u010der, pane doktore. Kdo je v \u010cesku nejv\u00edce ohro\u017een z\u00e1vislost\u00ed na alkoholu? Pro\u010d zrovna do n\u00ed lid\u00e9 nej\u010dast\u011bji spadnou?<\/p>\n\n\n\n<p>00:03:00<\/p>\n\n\n\n<p>Pavel B\u00e9m,n\u00e1rodn\u00ed protidrogov\u00fd koordin\u00e1tor<\/p>\n\n\n\n<p>Tak za prv\u00e9, je to zp\u016fsoben\u00e9 jeho dostupnost\u00ed, jeho tradi\u010dn\u00edm kulturn\u00edm respektem. \u010cesk\u00e1 republika pat\u0159\u00ed mezi nejv\u011bt\u0161\u00ed konzumenty alkoholick\u00fdch n\u00e1poj\u016f v p\u0159epo\u010dtu na hlavu a mno\u017estv\u00ed vypit\u00e9ho alkoholu za jeden kalend\u00e1\u0159n\u00ed rok nikoliv n\u00e1hodou. Tak\u017ee ur\u010dit\u011b regulace dostupnosti, stejn\u011b tak jako investice do prim\u00e1rn\u00ed prevence, jin\u00fdmi slovy, regulace popt\u00e1vky na stran\u011b jedn\u00e9, regulace nab\u00eddky na stran\u011b druh\u00e9 jsou zcela legitimn\u00ed \u00favahy a debata se otev\u00edr\u00e1.<\/p>\n\n\n\n<p>00:03:36<\/p>\n\n\n\n<p>Eva Hecko Perkausov\u00e1,moder\u00e1torka<\/p>\n\n\n\n<p>A jak tedy v tomto p\u0159\u00edpad\u011b vn\u00edm\u00e1te kritick\u00e9 hlasy, \u017ee omezen\u00ed prodeje nemus\u00ed pomoci, \u017ee lid\u00e9 si cestu k alkoholu tak \u010di tak najdou?<\/p>\n\n\n\n<p>00:03:47<\/p>\n\n\n\n<p>Pavel B\u00e9m,n\u00e1rodn\u00ed protidrogov\u00fd koordin\u00e1tor<\/p>\n\n\n\n<p>J\u00e1 s t\u00edm stoprocentn\u011b souhlas\u00edm. Regulace mus\u00ed b\u00fdt chytr\u00e1 a p\u0159edev\u0161\u00edm, hlavn\u011b mus\u00ed b\u00fdt \u00fa\u010dinn\u00e1. To znamen\u00e1, kdybychom bez n\u011bjak\u00e9 diskuze a bez rozumn\u00e9 \u00favahy, do kter\u00e9 samoz\u0159ejm\u011b zakomponujeme ty zdravotn\u00ed d\u016fsledky, soci\u00e1ln\u00ed stigmatizaci, kter\u00e1 je prost\u011b doprovodn\u00fdm fenom\u00e9nem u lid\u00ed, kte\u0159\u00ed jsou z\u00e1visl\u00ed na koneckonc\u016f nejenom alkoholu, ale i jin\u00fdch n\u00e1vykov\u00fdch l\u00e1tk\u00e1ch, tak to v\u0161echno jsou aspekty, kter\u00e9 je t\u0159eba zv\u00e1\u017eit, a stejn\u011b tak je t\u0159eba zv\u00e1\u017eit ot\u00e1zku v\u00fd\u0161e t\u0159eba spot\u0159ebn\u00ed dan\u011b, proto\u017ee na prvn\u00ed pohled bychom mohli \u0159\u00edct, no, kdy\u017e zv\u00fd\u0161\u00edme spot\u0159ebn\u00ed da\u0148 nebo da\u0148 z p\u0159idan\u00e9 hodnoty, tak t\u00edm alkohol zdra\u017e\u00edme, a t\u00edm p\u00e1dem sn\u00ed\u017e\u00edme dostupnost. No, my m\u00e1me zku\u0161enost asi sedm nebo osm let zp\u00e1tky, kdy \u010cesk\u00e1 republika byla zasa\u017eena metanolovou af\u00e9rou, kdy pr\u00e1v\u011b v d\u016fsledku zv\u00fd\u0161en\u00ed spot\u0159ebn\u00ed dan\u011b tak do\u0161lo k tomu, \u017ee se na trhu za\u010dal objevovat ten \u0161patn\u00fd alkohol, v jeho\u017e d\u016fsledku stovky lid\u00ed bylo intoxikov\u00e1no, n\u011bkte\u0159\u00ed zem\u0159eli a n\u011bkte\u0159\u00ed jsou do\u017eivotn\u011b zdravotn\u011b posti\u017een\u00ed. \u010cili ta regulace opravdu mus\u00ed b\u00fdt rozumn\u00e1 a mus\u00ed do hry vstoupit ekonomick\u00e9 aspekty, da\u0148ov\u00e9 aspekty, kter\u00e9 n\u011bjak\u00fdm zp\u016fsobem reguluj\u00ed tu nab\u00eddku, ale potom tak\u00e9 na stran\u011b druh\u00e9, mus\u00ed to b\u00fdt preventivn\u00ed opat\u0159en\u00ed, kter\u00e1 budou regulovat popt\u00e1vku, v\u010detn\u011b samoz\u0159ejm\u011b l\u00e9\u010den\u00ed t\u011bch, kte\u0159\u00ed u\u017e jsou z\u00e1visl\u00ed a nebo pat\u0159\u00ed mezi ty tzv. t\u011b\u017ek\u00e9 probl\u00e9mov\u00e9 pij\u00e1ky. No, a to je zase c\u00edlov\u00e1 skupina, kter\u00e1 reprezentuje v\u00edce ne\u017e 500 000 lid\u00ed v \u010cesk\u00e9 republice.<\/p>\n\n\n\n<p>00:05:33<\/p>\n\n\n\n<p>Eva Hecko Perkausov\u00e1,moder\u00e1torka<\/p>\n\n\n\n<p>Pane doktore, d\u011bkujeme v\u00e1m za va\u0161e slova pro Hlavn\u00ed zpr\u00e1vy a p\u0159eji v\u00e1m p\u0159\u00edjemn\u00fd ve\u010der.<\/p>\n\n\n\n<p>00:05:40<\/p>\n\n\n\n<p>Pavel B\u00e9m,n\u00e1rodn\u00ed protidrogov\u00fd koordin\u00e1tor<\/p>\n\n\n\n<p>Hezk\u00fd ve\u010der p\u0159eji.<\/p>\n","protected":false},"excerpt":{"rendered":"<div class=\"mh-excerpt\"><p>Prima Jeliko\u017e \u010ce\u0161i pat\u0159\u00ed dlouhodob\u011b mezi evropskou \u0161pi\u010dku v konzumaci alkoholu, tak vl\u00e1da proto zva\u017euje regulaci jeho prodeje. Nov\u00e1 opat\u0159en\u00ed by se m\u011bla zam\u011b\u0159it jak <a class=\"mh-excerpt-more\" href=\"https:\/\/www.invarena.cz\/?p=62798\" title=\"Regulace alkoholu v\u00a0\u010cesku\">[&#8230;]<\/a><\/p>\n<\/div>","protected":false},"author":1,"featured_media":27751,"comment_status":"open","ping_status":"closed","sticky":false,"template":"","format":"standard","meta":{"footnotes":""},"categories":[9],"tags":[],"class_list":["post-62798","post","type-post","status-publish","format-standard","has-post-thumbnail","hentry","category-zpravy"],"_links":{"self":[{"href":"https:\/\/www.invarena.cz\/index.php?rest_route=\/wp\/v2\/posts\/62798","targetHints":{"allow":["GET"]}}],"collection":[{"href":"https:\/\/www.invarena.cz\/index.php?rest_route=\/wp\/v2\/posts"}],"about":[{"href":"https:\/\/www.invarena.cz\/index.php?rest_route=\/wp\/v2\/types\/post"}],"author":[{"embeddable":true,"href":"https:\/\/www.invarena.cz\/index.php?rest_route=\/wp\/v2\/users\/1"}],"replies":[{"embeddable":true,"href":"https:\/\/www.invarena.cz\/index.php?rest_route=%2Fwp%2Fv2%2Fcomments&post=62798"}],"version-history":[{"count":0,"href":"https:\/\/www.invarena.cz\/index.php?rest_route=\/wp\/v2\/posts\/62798\/revisions"}],"wp:featuredmedia":[{"embeddable":true,"href":"https:\/\/www.invarena.cz\/index.php?rest_route=\/wp\/v2\/media\/27751"}],"wp:attachment":[{"href":"https:\/\/www.invarena.cz\/index.php?rest_route=%2Fwp%2Fv2%2Fmedia&parent=62798"}],"wp:term":[{"taxonomy":"category","embeddable":true,"href":"https:\/\/www.invarena.cz\/index.php?rest_route=%2Fwp%2Fv2%2Fcategories&post=62798"},{"taxonomy":"post_tag","embeddable":true,"href":"https:\/\/www.invarena.cz\/index.php?rest_route=%2Fwp%2Fv2%2Ftags&post=62798"}],"curies":[{"name":"wp","href":"https:\/\/api.w.org\/{rel}","templated":true}]}}