{"id":62801,"date":"2026-01-30T14:42:04","date_gmt":"2026-01-30T13:42:04","guid":{"rendered":"https:\/\/www.invarena.cz\/?p=62801"},"modified":"2026-01-30T14:42:05","modified_gmt":"2026-01-30T13:42:05","slug":"odlozeni-vyplaceni-tzv-superdavky","status":"publish","type":"post","link":"https:\/\/www.invarena.cz\/?p=62801","title":{"rendered":"Odlo\u017een\u00ed vypl\u00e1cen\u00ed tzv. superd\u00e1vky"},"content":{"rendered":"\n<p>Radio\u017eurn\u00e1l<\/p>\n\n\n\n<p>Vypl\u00e1cen\u00ed tzv. superd\u00e1vky, kter\u00e9 m\u00e1 nahradit \u010dty\u0159i nyn\u011bj\u0161\u00ed p\u0159\u00edsp\u011bvky, by se mohlo o \u010dtvrt roku odlo\u017eit. P\u016fvodn\u011b m\u011bla b\u00fdt vypl\u00e1cena od dubna. Podle ministra pr\u00e1ce Ale\u0161e Juchelky z ANO je ale p\u0159epo\u010det podpory n\u00e1ro\u010dn\u00fd a novelou chce start superd\u00e1vky posunout na \u010dervenec. <\/p>\n\n\n\n<p><strong>Ale\u0161 Juchelka, ministr pr\u00e1ce a soci\u00e1ln\u00edch v\u011bc\u00ed, poslanec \/ANO\/<\/strong> V tuto chv\u00edli se jedn\u00e1 o 3 500 vlastn\u011b klient\u016f, kte\u0159\u00ed budou u ru\u0161en\u00ed toho star\u00e9ho, st\u00e1vaj\u00edc\u00edho syst\u00e9mu d\u00e1vek a bude tam ten p\u0159echod na ten nov\u00fd. A tady prost\u011b ta kapacita toho \u00da\u0159adu pr\u00e1ce nest\u00edh\u00e1 ten p\u0159echod natolik rychle ud\u011blat. V t\u00e9 kvalit\u011b, ve kter\u00e9 my si to p\u0159edstavujeme, tak proto jsem se rozhodl, \u017ee ud\u011bl\u00e1m tady tuto novelu a pom\u016f\u017eu vlastn\u011b t\u00edm, tomu hlad\u0161\u00edmu p\u0159echodu u t\u011bch star\u0161\u00edch klient\u016f na ten nov\u00fd d\u00e1vkov\u00fd syst\u00e9m. <\/p>\n\n\n\n<p><strong>V\u011bra \u0160techrov\u00e1, moder\u00e1torka<\/strong> Sou\u010d\u00e1st\u00ed superd\u00e1vky zat\u00edm z\u016fstanou i p\u0159\u00eddavky na d\u011bti, o jejich vy\u010dlen\u011bn\u00ed se vede podle ministra debata. Superd\u00e1vka m\u00e1 nahradit p\u0159\u00edsp\u011bvky a doplatky na bydlen\u00ed, p\u0159\u00edsp\u011bvky na \u017eivobyt\u00ed a d\u011btsk\u00e9 p\u0159\u00eddavky. Po\u017e\u00e1dalo o n\u00ed bezm\u00e1la dohromady 380 000 lid\u00ed. Podle novely by se m\u011blo odlo\u017eit i nav\u00fd\u0161en\u00ed \u017eivotn\u00edho a existen\u010dn\u00edho minima z \u0159\u00edjna na kv\u011bten. U telefonu je te\u010f Iva Kuchy\u0148kov\u00e1, mana\u017eerka pro soci\u00e1ln\u00ed advokacii Charity \u010cesk\u00e9 republiky, dobr\u00fd den. Vid\u00edte vy v tom odlo\u017een\u00ed v\u00fdplaty superd\u00e1vky z dubna na prosinec n\u011bjak\u00fd probl\u00e9m pro va\u0161e klienty nebo naopak je to dob\u0159e, \u017ee bude v\u00edc \u010dasu na p\u0159echod do toho nov\u00e9ho syst\u00e9mu?<\/p>\n\n\n\n<p> <strong>Iva Kuchy\u0148kov\u00e1, soci\u00e1ln\u00ed analyti\u010dka a koordin\u00e1torka pro soci\u00e1ln\u00ed oblast v Charit\u011b \u010cR<\/strong> Je to ur\u010dit\u011b dob\u0159e. Pro mnoho klient\u016f to znamen\u00e1 i \u00falevu, proto\u017ee tak, jak doposud byla super d\u00e1vka nav\u00fd\u0161ena, tak se m\u011bl vlastn\u011b sn\u00ed\u017eit po\u010det pob\u011bratel\u016f soci\u00e1ln\u00edch d\u00e1vek a prost\u011b lid\u00e9 jako senio\u0159i s ni\u017e\u0161\u00edm d\u016fchodem nebo prost\u011b matky samo\u017eivitelky, pokud by nesplnili n\u011bkterou tu z\u00e1sluhovost, tak by mohli i m\u00edt sn\u00ed\u017een\u00e9 d\u00e1vky nebo ta superd\u00e1vka by byla ni\u017e\u0161\u00ed ne\u017e ty p\u0159edchoz\u00ed d\u00e1vky a mohlo by hrozit to, \u017ee p\u0159ijdou o bydlen\u00ed. Tak\u017ee my to te\u010f v\u00edt\u00e1me, jsme r\u00e1di, \u017ee se ministerstvo bude v\u00edce v\u011bnovat t\u00e9 p\u0159\u00edprav\u011b. <\/p>\n\n\n\n<p><strong>V\u011bra \u0160techrov\u00e1, moder\u00e1torka<\/strong> Jak\u00e9 jsou va\u0161e zku\u0161enosti, dos\u00e1hlo by na tu super d\u00e1vku po jej\u00edm zaveden\u00ed, tedy m\u00e9n\u011b klient\u016f ne\u017e na ty p\u0159\u00edsp\u011bvky, kter\u00e9 plat\u00ed te\u010f?<\/p>\n\n\n\n<p> <strong>Iva Kuchy\u0148kov\u00e1, soci\u00e1ln\u00ed analyti\u010dka a koordin\u00e1torka pro soci\u00e1ln\u00ed oblast v Charit\u011b \u010cR<\/strong> Ano, o tom se v\u011bd\u011blo to i Ministerstvo pr\u00e1ce a soci\u00e1ln\u00edch v\u011bc\u00ed za p\u0159edchoz\u00ed vl\u00e1dy a sd\u011blovalo ve\u0159ejn\u011b, \u017ee prost\u011b bude po\u010det odb\u011bratel\u016f super d\u00e1vky oproti t\u011bm d\u00e1vk\u00e1m p\u0159edchoz\u00edm, \u017ee to bude sn\u00ed\u017eeno z 23 % na 19. <\/p>\n\n\n\n<p><strong>V\u011bra \u0160techrov\u00e1, moder\u00e1torka<\/strong> Kter\u00e9 to krit\u00e9rium jste superd\u00e1vky lidi \u010dasto nespl\u0148ovali?<\/p>\n\n\n\n<p> <strong>Iva Kuchy\u0148kov\u00e1, soci\u00e1ln\u00ed analyti\u010dka a koordin\u00e1torka pro soci\u00e1ln\u00ed oblast v Charit\u011b \u010cR<\/strong> Tam byl prost\u011b probl\u00e9m z\u00e1sluhovost a to, kdy\u017e vlastn\u011b t\u0159eba m\u00e1te \u010dlov\u011bka, je v azylov\u00e9m dom\u011b, m\u00e1 prvn\u00ed stupe\u0148 invalidn\u00edho onemocn\u011bn\u00ed, psychiatrick\u00e9 onemocn\u011bn\u00ed a vlastn\u011b tento \u010dlov\u011bk mus\u00ed pracovat, aby dos\u00e1hl na, v r\u00e1mci superd\u00e1vky na lep\u0161\u00ed d\u00e1vku takzvan\u011b. To znamen\u00e1, \u017ee ta z\u00e1sluhovost, to, \u017ee on nesehnal pr\u00e1ci, zp\u016fsob\u00ed, \u017ee bude m\u00edt je\u0161t\u011b ni\u017e\u0161\u00ed p\u0159\u00edjmy. V\u00edme, \u017ee i za sou\u010dasn\u00e9ho syst\u00e9mu lid\u00e9 z azylov\u00fdch dom\u016f se neposouvali velmi \u010dasto pr\u00e1v\u011b proto, \u017ee nebyli schopni ani se soci\u00e1ln\u00ed d\u00e1vkou a ani se svou prac\u00ed za minim\u00e1ln\u00ed nebo lehce nad minim\u00e1ln\u00ed mzdu uhradit ve\u0161ker\u00e9 n\u00e1klady, kter\u00e9 jsou pot\u0159ebn\u00e9 pro to, aby mohli bydlet. <\/p>\n\n\n\n<p><strong>V\u011bra \u0160techrov\u00e1, moder\u00e1torka<\/strong> S t\u00edm samotn\u00fdm p\u0159ihl\u00e1\u0161en\u00edm k t\u00e9 super d\u00e1vce m\u011bli lid\u00e9 n\u011bjak\u00e9 probl\u00e9my? Byly tam n\u011bjak\u00e9 nejasnosti?<\/p>\n\n\n\n<p> <strong>Iva Kuchy\u0148kov\u00e1, soci\u00e1ln\u00ed analyti\u010dka a koordin\u00e1torka pro soci\u00e1ln\u00ed oblast v Charit\u011b \u010cR<\/strong> Ano, \u0159e\u0161ili jsme je velmi intenzivn\u011b. Mnoho lid\u00ed pot\u0159ebovalo pomoc, to se t\u00fdkalo star\u0161\u00ed generace, ale tak\u00e9 prost\u011b lid\u00ed jakoby v b\u011b\u017en\u00e9 generaci. Ti nev\u011bd\u011bli, jak to vyplnit, p\u0159\u00edpadn\u011b vyplnili si \u017e\u00e1dost, ale vyplnili \u0161patn\u011b. St\u00e1valo se to, \u017ee si mysleli, \u017ee maj\u00ed v\u0161echno dob\u0159e v po\u0159\u00e1dku, pak se vlastn\u011b dozv\u011bd\u011bli, \u017ee mus\u00ed dolo\u017eit jako je\u0161t\u011b n\u011bjak\u00e9 dal\u0161\u00ed formul\u00e1\u0159e ohledn\u011b bydlen\u00ed. Probl\u00e9mem bylo tak\u00e9 to, \u017ee lid\u00e9 museli dokl\u00e1dat znovu v r\u00e1mci hmotn\u00e9 nouze, kter\u00e1 te\u010f od ledna do toho dubna m\u011bla fungovat, nam\u00edsto d\u00e1vek musely dolo\u017eit ve\u0161ker\u00e9 dokumenty znovu a ne v\u017edycky je m\u011bli je k dispozici, tak\u017ee je museli vy\u017e\u00e1dat, museli prost\u011b \u0159e\u0161it se soudy, aby jim vystavili nov\u00e1 potvrzen\u00ed o v\u00fd\u017eivn\u00e9m s pronaj\u00edmateli, aby m\u011bli aktu\u00e1ln\u00ed smlouvu, aby m\u011bli prost\u011b v\u0161e, co pot\u0159ebuj\u00ed pr\u00e1v\u011b k tomu, aby si mohli po\u017e\u00e1dat o tu superd\u00e1vku. <\/p>\n\n\n\n<p><strong>V\u011bra \u0160techrov\u00e1, moder\u00e1torka<\/strong> Sou\u010dasn\u00e9 veden\u00ed ministerstva pr\u00e1ce a soci\u00e1ln\u00edch v\u011bc\u00ed uva\u017euje, \u017ee byste tzv. superd\u00e1vky vy\u0148alo ten p\u0159\u00eddavek na d\u011bti. Jak\u00e9 klady a jak\u00e9 z\u00e1pory by to podle v\u00e1s p\u0159ineslo?<\/p>\n\n\n\n<p> <strong>Iva Kuchy\u0148kov\u00e1, soci\u00e1ln\u00ed analyti\u010dka a koordin\u00e1torka pro soci\u00e1ln\u00ed oblast v Charit\u011b \u010cR<\/strong> My to velice v\u00edt\u00e1me. V podstat\u011b kdy\u017e se tvo\u0159ila superd\u00e1vka, tak jsme i \u017e\u00e1dali o to, aby se nem\u011bnil p\u0159\u00eddavek na d\u00edt\u011b, na slo\u017eku d\u00edt\u011b, kter\u00e1 m\u00e1 pr\u00e1v\u011b v sob\u011b ten prvek z\u00e1sluhovosti, kdy vlastn\u011b trest\u00e1me za n\u00e1s, tak vlastn\u011b to vn\u00edm\u00e1me my d\u00edt\u011b za to, \u017ee n\u011bkdo z \u010dlen\u016f rodiny n\u011bco nepln\u00ed v\u016f\u010di \u00da\u0159adu pr\u00e1ce nebo nechod\u00ed t\u0159eba z dlouhodob\u011b do \u0161koly, ale vlastn\u011b nevn\u00edm\u00e1me pak tu problematiku, to, pro\u010d to d\u00edt\u011b vlastn\u011b t\u0159eba chodilo za \u0161kolu, tak\u017ee v podstat\u011b my to velmi v\u00edt\u00e1me a domn\u00edv\u00e1me se, \u017ee bychom v \u010cesk\u00e9 republice m\u011bly d\u011bti mnohem v\u00edce podporovat a toto by p\u0159ineslo pr\u00e1v\u011b alespo\u0148 zachov\u00e1n\u00ed toho p\u0159\u00eddavku na d\u00edt\u011b, prost\u011b pr\u00e1v\u011b p\u0159\u00edmo tomu d\u00edt\u011bti.<\/p>\n\n\n\n<p>\u017divotn\u00ed a existen\u010dn\u00ed minimum, kter\u00e9 slou\u017e\u00ed k v\u00fdpo\u010dtu d\u00e1vek pomoci v hmotn\u00e9 nouzi a d\u00e1vek st\u00e1tn\u00ed soci\u00e1ln\u00ed podpory se m\u00e1 podle ministerstva zvy\u0161ovat a\u017e v \u0159\u00edjnu, nikoliv v kv\u011btnu, jak bylo p\u016fvodn\u011b pl\u00e1nov\u00e1no, to m\u016f\u017ee p\u0159in\u00e9st n\u011bjak\u00e9 v\u011bt\u0161\u00ed probl\u00e9my?<\/p>\n\n\n\n<p> <strong>Iva Kuchy\u0148kov\u00e1, soci\u00e1ln\u00ed analyti\u010dka a koordin\u00e1torka pro soci\u00e1ln\u00ed oblast v Charit\u011b \u010cR<\/strong> Lid\u00e9, kte\u0159\u00ed pob\u00edraj\u00ed \u017eivotn\u011b existen\u010dn\u00ed minimum, jsou dlouhodob\u011b s n\u00edzk\u00fdm p\u0159\u00edjmem, samoz\u0159ejm\u011b ta \u010d\u00e1stka je velmi n\u00edzk\u00e1 a p\u0159e\u017e\u00edt s n\u00ed je slo\u017eit\u00e9, je komplikovan\u00e9, a proto bychom byli r\u00e1di, kdyby se jejich vyplacen\u00ed, jejich zv\u00fd\u0161en\u00ed neprodlu\u017eovalo, proto\u017ee opravdu ka\u017ed\u00e1 koruna je nyn\u00ed dobr\u00e1, inflace jde st\u00e1le nahoru a vlastn\u011b 3 130 K\u010d prost\u011b nesta\u010d\u00ed na m\u011bs\u00edc na to, aby \u010dlov\u011bk zajistil ve\u0161kerou v\u00fd\u017eivu, hygienu, ve\u0161ker\u00e9 v\u011bci, kter\u00e9 kolem sebe pot\u0159ebuj\u00ed. Tato \u010d\u00e1stka se velmi \u010dasto dot\u00fdk\u00e1 pr\u00e1v\u011b lid\u00ed bez domova. Jak v\u00edme, tak ji\u017e nen\u00ed dostate\u010dn\u00e1 kapacita v azylov\u00fdch domech a nocle\u017en\u00e1ch, obzvl\u00e1\u0161\u0165 te\u010fka v tom zimn\u00edm obdob\u00ed, to tito lid\u00e9 velmi poci\u0165uj\u00ed, tak\u017ee nejsme r\u00e1di, \u017ee se prodlu\u017euje doba, kdy se zv\u00fd\u0161\u00ed. <\/p>\n\n\n\n<p><strong>V\u011bra \u0160techrov\u00e1, moder\u00e1torka<\/strong> \u0158\u00edk\u00e1 Iva Kuchy\u0148kov\u00e1, mana\u017eerka pro soci\u00e1ln\u00ed advokacii Charity \u010cesk\u00e9 republiky. D\u011bkuju v\u00e1m, na sly\u0161enou.<\/p>\n","protected":false},"excerpt":{"rendered":"<div class=\"mh-excerpt\"><p>Radio\u017eurn\u00e1l Vypl\u00e1cen\u00ed tzv. superd\u00e1vky, kter\u00e9 m\u00e1 nahradit \u010dty\u0159i nyn\u011bj\u0161\u00ed p\u0159\u00edsp\u011bvky, by se mohlo o \u010dtvrt roku odlo\u017eit. P\u016fvodn\u011b m\u011bla b\u00fdt vypl\u00e1cena od dubna. Podle ministra <a class=\"mh-excerpt-more\" href=\"https:\/\/www.invarena.cz\/?p=62801\" title=\"Odlo\u017een\u00ed vypl\u00e1cen\u00ed tzv. superd\u00e1vky\">[&#8230;]<\/a><\/p>\n<\/div>","protected":false},"author":1,"featured_media":1077,"comment_status":"open","ping_status":"closed","sticky":false,"template":"","format":"standard","meta":{"footnotes":""},"categories":[9],"tags":[],"class_list":["post-62801","post","type-post","status-publish","format-standard","has-post-thumbnail","hentry","category-zpravy"],"_links":{"self":[{"href":"https:\/\/www.invarena.cz\/index.php?rest_route=\/wp\/v2\/posts\/62801","targetHints":{"allow":["GET"]}}],"collection":[{"href":"https:\/\/www.invarena.cz\/index.php?rest_route=\/wp\/v2\/posts"}],"about":[{"href":"https:\/\/www.invarena.cz\/index.php?rest_route=\/wp\/v2\/types\/post"}],"author":[{"embeddable":true,"href":"https:\/\/www.invarena.cz\/index.php?rest_route=\/wp\/v2\/users\/1"}],"replies":[{"embeddable":true,"href":"https:\/\/www.invarena.cz\/index.php?rest_route=%2Fwp%2Fv2%2Fcomments&post=62801"}],"version-history":[{"count":0,"href":"https:\/\/www.invarena.cz\/index.php?rest_route=\/wp\/v2\/posts\/62801\/revisions"}],"wp:featuredmedia":[{"embeddable":true,"href":"https:\/\/www.invarena.cz\/index.php?rest_route=\/wp\/v2\/media\/1077"}],"wp:attachment":[{"href":"https:\/\/www.invarena.cz\/index.php?rest_route=%2Fwp%2Fv2%2Fmedia&parent=62801"}],"wp:term":[{"taxonomy":"category","embeddable":true,"href":"https:\/\/www.invarena.cz\/index.php?rest_route=%2Fwp%2Fv2%2Fcategories&post=62801"},{"taxonomy":"post_tag","embeddable":true,"href":"https:\/\/www.invarena.cz\/index.php?rest_route=%2Fwp%2Fv2%2Ftags&post=62801"}],"curies":[{"name":"wp","href":"https:\/\/api.w.org\/{rel}","templated":true}]}}