{"id":62812,"date":"2026-02-01T11:49:41","date_gmt":"2026-02-01T10:49:41","guid":{"rendered":"https:\/\/www.invarena.cz\/?p=62812"},"modified":"2026-02-01T11:49:42","modified_gmt":"2026-02-01T10:49:42","slug":"neni-mozne-abychom-v-polovine-roku-prestali-vyplacet-prispevky-na-peci-a-na-zamestnavani-osob-se-zdravotnim-postizenim","status":"publish","type":"post","link":"https:\/\/www.invarena.cz\/?p=62812","title":{"rendered":"Nen\u00ed mo\u017en\u00e9, abychom v polovin\u011b roku p\u0159estali vypl\u00e1cet\u00a0p\u0159\u00edsp\u011bvky\u00a0na p\u00e9\u010di a na zam\u011bstn\u00e1v\u00e1n\u00ed osob se zdravotn\u00edm\u00a0posti\u017een\u00edm\u00a0"},"content":{"rendered":"\n<p>H\u00e1dka ohledn\u011b st\u00e1tn\u00edho rozpo\u010dtu se strhla ve studiu diskusn\u00edho po\u0159adu televize Nova Za p\u011bt minut dvan\u00e1ct.<\/p>\n\n\n\n<p>00:00:05<\/p>\n\n\n\n<p>Martin \u010cerm\u00e1k,moder\u00e1tor<\/p>\n\n\n\n<p>M\u00fdmi hosty byli sou\u010dasn\u00fd ministr pr\u00e1ce a soci\u00e1ln\u00edch v\u011bc\u00ed Ale\u0161 \u0160uchelka a jeho p\u0159edch\u016fdce Marian Jure\u010dka. Ten v diskuzi p\u0159ipustil, \u017ee by se mohl vr\u00e1tit do veden\u00ed lidovc\u016f jako m\u00edstop\u0159edseda.<\/p>\n\n\n\n<p>00:00:16<\/p>\n\n\n\n<p>Daniela Brychtov\u00e1,report\u00e9rka TV Nova<\/p>\n\n\n\n<p>Rozpo\u010det se schodkem 310 miliard korun schv\u00e1lila tento t\u00fdden vl\u00e1da premi\u00e9ra Andreje Babi\u0161e. Jednou z m\u00e1la instituc\u00ed, kter\u00fdm se zv\u00fd\u0161ila \u010d\u00e1stka na v\u00fddaje oproti lo\u0148sk\u00e9mu roku, je ministerstvo pr\u00e1ce a soci\u00e1ln\u00edch v\u011bc\u00ed. Dostane o 40 miliard v\u00edc.<\/p>\n\n\n\n<p>00:00:29<\/p>\n\n\n\n<p>Ale\u0161 Juchelka,ministr pr\u00e1ce a soci\u00e1ln\u00edch v\u011bc\u00ed \/ANO\/<\/p>\n\n\n\n<p>Nen\u00ed mo\u017en\u00e9, abychom v polovin\u011b roku p\u0159estali vypl\u00e1cet p\u0159\u00edsp\u011bvky v nezam\u011bstnanosti, p\u0159\u00edsp\u011bvky na p\u00e9\u010di, p\u0159\u00edsp\u011bvky pro zam\u011bstn\u00e1v\u00e1n\u00ed osob se zdravotn\u00edm posti\u017een\u00edm. To prost\u011b mo\u017en\u00e9 nen\u00ed.<\/p>\n\n\n\n<p>00:00:39<\/p>\n\n\n\n<p>Marian Jure\u010dka,b\u00fdval\u00fd ministr pr\u00e1ce a soci\u00e1ln\u00edch v\u011bc\u00ed \/KDU-\u010cSL\/<\/p>\n\n\n\n<p>T\u011bch 280 miliard toho na\u0161eho p\u016fvodn\u00edho rozpo\u010dtu v tom deficitu, to, co tady zazn\u011blo, je pot\u0159eba \u0159\u00edct, \u017ee bylo zhruba 50 miliardama v oblasti pen\u011bz na Dukovany a v oblasti v\u00fddaj\u016f na obranu na 2 %. To tato vl\u00e1da hodila do ko\u0161e, tak\u017ee je pot\u0159eba vych\u00e1zet z t\u011bch 235 p\u016fvodn\u00edch a jsou na 310.<\/p>\n\n\n\n<p>00:00:59<\/p>\n\n\n\n<p>Daniela Brychtov\u00e1,report\u00e9rka TV Nova<\/p>\n\n\n\n<p>V\u00fddaje ministerstva nav\u00fd\u0161\u00ed tak\u00e9 r\u016fst plat\u016f soci\u00e1ln\u00edm pracovn\u00edk\u016fm a zam\u011bstnanc\u016fm v soci\u00e1ln\u00edch slu\u017eb\u00e1ch.<\/p>\n\n\n\n<p>00:01:04<\/p>\n\n\n\n<p>Marian Jure\u010dka,b\u00fdval\u00fd ministr pr\u00e1ce a soci\u00e1ln\u00edch v\u011bc\u00ed \/KDU-\u010cSL\/<\/p>\n\n\n\n<p>Na prvn\u00ed pohled to zn\u00ed hrozn\u011b hezky. Tam p\u0159id\u00e1me, tam rozd\u00e1me&#8230; Ale tady unik\u00e1 to B. V\u017edycky to zaplat\u00ed jenom ob\u010dan\u00e9 t\u00e9to zem\u011b a firmy t\u00e9to zem\u011b. Nikdo jin\u00fd tyto v\u011bci nezaplat\u00ed.<\/p>\n\n\n\n<p>00:01:15<\/p>\n\n\n\n<p>Ale\u0161 Juchelka,ministr pr\u00e1ce a soci\u00e1ln\u00edch v\u011bc\u00ed \/ANO\/<\/p>\n\n\n\n<p>Ta va\u0161e sekera byla natolik vysok\u00e1, \u017ee my jsme v tuto chv\u00edli na ni museli nav\u00e1zat pr\u00e1v\u011b s t\u00edm transparentn\u00edm rozpo\u010dtem.<\/p>\n\n\n\n<p>00:01:22<\/p>\n\n\n\n<p>Marian Jure\u010dka,b\u00fdval\u00fd ministr pr\u00e1ce a soci\u00e1ln\u00edch v\u011bc\u00ed \/KDU-\u010cSL\/<\/p>\n\n\n\n<p>Vy tu sekeru zaseknete brut\u00e1ln\u011b v\u011bt\u0161\u00ed.<\/p>\n\n\n\n<p>00:01:24<\/p>\n\n\n\n<p>Daniela Brychtov\u00e1,report\u00e9rka TV Nova<\/p>\n\n\n\n<p>T\u00e9matem byla i d\u016fchodov\u00e1 reforma a superd\u00e1vka. Ta te\u010f proch\u00e1z\u00ed anal\u00fdzou a pravd\u011bpodobn\u011b ji \u010dekaj\u00ed zm\u011bny. Na tom se oba \u0159e\u010dn\u00edci shoduj\u00ed. Spor mezi nimi ale panuje t\u0159eba i v pohledu na konflikt p\u0159edsedy Motorist\u016f Petra Macinky a prezidenta Petra Pavla.<\/p>\n\n\n\n<p>00:01:37<\/p>\n\n\n\n<p>Ale\u0161 Juchelka,ministr pr\u00e1ce a soci\u00e1ln\u00edch v\u011bc\u00ed \/ANO\/<\/p>\n\n\n\n<p>Ta esemeska nebyla uctiv\u00e1 v\u016f\u010di panu prezidentovi, naopak samoz\u0159ejm\u011b i to, \u017ee se zve\u0159ej\u0148uje n\u011bjak\u00e1 soukrom\u00e1 zpr\u00e1va, zve\u0159ej\u0148ovat je taky nen\u00ed dvakr\u00e1t \u0161\u0165astn\u00e9, ale ur\u010dit\u011b ten m\u00ed\u010dek byl vykopnut pr\u00e1v\u011b panem vicepremi\u00e9rem Macinkou.<\/p>\n\n\n\n<p>00:01:53<\/p>\n\n\n\n<p>Marian Jure\u010dka,b\u00fdval\u00fd ministr pr\u00e1ce a soci\u00e1ln\u00edch v\u011bc\u00ed \/KDU-\u010cSL\/<\/p>\n\n\n\n<p>Vyhro\u017eov\u00e1n\u00ed, kdo pojede za \u010ceskou republiku na kongres NATO, kdy\u017e Petr Pavel byl druh\u00fd nejv\u00fd\u0161e postaven\u00fd \u010dlen ve struktu\u0159e NATO, versus pan Macinka, kter\u00fd m\u00e1 kvalifikaci toho, \u017ee nosil ta\u0161ku V\u00e1clavu Klausovi, tak to je tak absurdn\u00ed&#8230;<\/p>\n\n\n\n<p>00:02:10<\/p>\n\n\n\n<p>Martin \u010cerm\u00e1k,moder\u00e1tor<\/p>\n\n\n\n<p>Te\u010f je to ministr.<\/p>\n\n\n\n<p>00:02:11<\/p>\n\n\n\n<p>Marian Jure\u010dka,b\u00fdval\u00fd ministr pr\u00e1ce a soci\u00e1ln\u00edch v\u011bc\u00ed \/KDU-\u010cSL\/<\/p>\n\n\n\n<p>A to je prezident.<\/p>\n\n\n\n<p>00:02:13<\/p>\n\n\n\n<p>Daniela Brychtov\u00e1,report\u00e9rka TV Nova<\/p>\n\n\n\n<p>Marian Jure\u010dka v jedn\u00e9 z odpov\u011bd\u00ed nevylou\u010dil sv\u016fj n\u00e1vrat do veden\u00ed KDU-\u010cSL. V roli p\u0159edsedy by ale rad\u011bji vid\u011bl hejtmana Jana Grolicha. S\u00e1m by p\u0159ijal funkci m\u00edstop\u0159edsedy. Ve druh\u00e9 \u010d\u00e1sti po\u0159adu diskutovali amerikanista Kry\u0161tof Koz\u00e1k a publicista Roman Joch o nepokoj\u00edch v americk\u00e9 Minnesot\u011b. Cel\u00fd d\u00edl Za p\u011bt minut dvan\u00e1ct najdete u\u017e te\u010f na webu TN.cz, OnePlay a ve v\u0161ech podcastov\u00fdch aplikac\u00edch.<\/p>\n","protected":false},"excerpt":{"rendered":"<div class=\"mh-excerpt\"><p>H\u00e1dka ohledn\u011b st\u00e1tn\u00edho rozpo\u010dtu se strhla ve studiu diskusn\u00edho po\u0159adu televize Nova Za p\u011bt minut dvan\u00e1ct. 00:00:05 Martin \u010cerm\u00e1k,moder\u00e1tor M\u00fdmi hosty byli sou\u010dasn\u00fd ministr pr\u00e1ce <a class=\"mh-excerpt-more\" href=\"https:\/\/www.invarena.cz\/?p=62812\" title=\"Nen\u00ed mo\u017en\u00e9, abychom v polovin\u011b roku p\u0159estali vypl\u00e1cet\u00a0p\u0159\u00edsp\u011bvky\u00a0na p\u00e9\u010di a na zam\u011bstn\u00e1v\u00e1n\u00ed osob se zdravotn\u00edm\u00a0posti\u017een\u00edm\u00a0\">[&#8230;]<\/a><\/p>\n<\/div>","protected":false},"author":1,"featured_media":42712,"comment_status":"open","ping_status":"closed","sticky":false,"template":"","format":"standard","meta":{"footnotes":""},"categories":[9],"tags":[],"class_list":["post-62812","post","type-post","status-publish","format-standard","has-post-thumbnail","hentry","category-zpravy"],"_links":{"self":[{"href":"https:\/\/www.invarena.cz\/index.php?rest_route=\/wp\/v2\/posts\/62812","targetHints":{"allow":["GET"]}}],"collection":[{"href":"https:\/\/www.invarena.cz\/index.php?rest_route=\/wp\/v2\/posts"}],"about":[{"href":"https:\/\/www.invarena.cz\/index.php?rest_route=\/wp\/v2\/types\/post"}],"author":[{"embeddable":true,"href":"https:\/\/www.invarena.cz\/index.php?rest_route=\/wp\/v2\/users\/1"}],"replies":[{"embeddable":true,"href":"https:\/\/www.invarena.cz\/index.php?rest_route=%2Fwp%2Fv2%2Fcomments&post=62812"}],"version-history":[{"count":0,"href":"https:\/\/www.invarena.cz\/index.php?rest_route=\/wp\/v2\/posts\/62812\/revisions"}],"wp:featuredmedia":[{"embeddable":true,"href":"https:\/\/www.invarena.cz\/index.php?rest_route=\/wp\/v2\/media\/42712"}],"wp:attachment":[{"href":"https:\/\/www.invarena.cz\/index.php?rest_route=%2Fwp%2Fv2%2Fmedia&parent=62812"}],"wp:term":[{"taxonomy":"category","embeddable":true,"href":"https:\/\/www.invarena.cz\/index.php?rest_route=%2Fwp%2Fv2%2Fcategories&post=62812"},{"taxonomy":"post_tag","embeddable":true,"href":"https:\/\/www.invarena.cz\/index.php?rest_route=%2Fwp%2Fv2%2Ftags&post=62812"}],"curies":[{"name":"wp","href":"https:\/\/api.w.org\/{rel}","templated":true}]}}