{"id":62832,"date":"2026-02-01T21:12:05","date_gmt":"2026-02-01T20:12:05","guid":{"rendered":"https:\/\/www.invarena.cz\/?p=62832"},"modified":"2026-02-01T21:12:05","modified_gmt":"2026-02-01T20:12:05","slug":"v-unoru-zacne-paty-rocnik-senior-akademie-prahy-13","status":"publish","type":"post","link":"https:\/\/www.invarena.cz\/?p=62832","title":{"rendered":"V \u00fanoru za\u010dne p\u00e1t\u00fd ro\u010dn\u00edk Senior akademie Prahy 13"},"content":{"rendered":"\n<p>M\u011bstsk\u00e1 \u010d\u00e1st Praha 13 ve spolupr\u00e1ci s M\u011bstskou polici\u00ed hl. m. Prahy po\u0159\u00e1d\u00e1 ji\u017e p\u00e1tou Senior akademii. Jedn\u00e1 se o cyklus 12 vzd\u011bl\u00e1vac\u00edch p\u0159edn\u00e1\u0161ek zam\u011b\u0159en\u00fdch na prevenci kriminality. Akce je ur\u010dena pro seniory a ob\u010dany se zdravotn\u00edm posti\u017een\u00edm s trval\u00fdm pobytem na \u00fazem\u00ed Prahy 13. \u00da\u010dast je bezplatn\u00e1.<\/p>\n\n\n\n<p>Cel\u00fd \u010dl\u00e1nek naleznete v Pra\u017esk\u00e9m Patriotu: <a href=\"https:\/\/www.prazskypatriot.cz\/v-unoru-zacne-paty-rocnik-senior-akademie-prahy-13\/\" target=\"_blank\" rel=\"noreferrer noopener\">https:\/\/www.prazskypatriot.cz\/v-unoru-zacne-paty-rocnik-senior-akademie-prahy-13\/<\/a><\/p>\n","protected":false},"excerpt":{"rendered":"<div class=\"mh-excerpt\"><p>M\u011bstsk\u00e1 \u010d\u00e1st Praha 13 ve spolupr\u00e1ci s M\u011bstskou polici\u00ed hl. m. Prahy po\u0159\u00e1d\u00e1 ji\u017e p\u00e1tou Senior akademii. Jedn\u00e1 se o cyklus 12 vzd\u011bl\u00e1vac\u00edch p\u0159edn\u00e1\u0161ek zam\u011b\u0159en\u00fdch <a class=\"mh-excerpt-more\" href=\"https:\/\/www.invarena.cz\/?p=62832\" title=\"V \u00fanoru za\u010dne p\u00e1t\u00fd ro\u010dn\u00edk Senior akademie Prahy 13\">[&#8230;]<\/a><\/p>\n<\/div>","protected":false},"author":1,"featured_media":19377,"comment_status":"open","ping_status":"closed","sticky":false,"template":"","format":"standard","meta":{"footnotes":""},"categories":[9],"tags":[],"class_list":["post-62832","post","type-post","status-publish","format-standard","has-post-thumbnail","hentry","category-zpravy"],"_links":{"self":[{"href":"https:\/\/www.invarena.cz\/index.php?rest_route=\/wp\/v2\/posts\/62832","targetHints":{"allow":["GET"]}}],"collection":[{"href":"https:\/\/www.invarena.cz\/index.php?rest_route=\/wp\/v2\/posts"}],"about":[{"href":"https:\/\/www.invarena.cz\/index.php?rest_route=\/wp\/v2\/types\/post"}],"author":[{"embeddable":true,"href":"https:\/\/www.invarena.cz\/index.php?rest_route=\/wp\/v2\/users\/1"}],"replies":[{"embeddable":true,"href":"https:\/\/www.invarena.cz\/index.php?rest_route=%2Fwp%2Fv2%2Fcomments&post=62832"}],"version-history":[{"count":0,"href":"https:\/\/www.invarena.cz\/index.php?rest_route=\/wp\/v2\/posts\/62832\/revisions"}],"wp:featuredmedia":[{"embeddable":true,"href":"https:\/\/www.invarena.cz\/index.php?rest_route=\/wp\/v2\/media\/19377"}],"wp:attachment":[{"href":"https:\/\/www.invarena.cz\/index.php?rest_route=%2Fwp%2Fv2%2Fmedia&parent=62832"}],"wp:term":[{"taxonomy":"category","embeddable":true,"href":"https:\/\/www.invarena.cz\/index.php?rest_route=%2Fwp%2Fv2%2Fcategories&post=62832"},{"taxonomy":"post_tag","embeddable":true,"href":"https:\/\/www.invarena.cz\/index.php?rest_route=%2Fwp%2Fv2%2Ftags&post=62832"}],"curies":[{"name":"wp","href":"https:\/\/api.w.org\/{rel}","templated":true}]}}