{"id":6321,"date":"2013-06-11T09:31:33","date_gmt":"2013-06-11T07:31:33","guid":{"rendered":"http:\/\/www.invarena.cz\/?p=6321"},"modified":"2013-06-12T11:27:11","modified_gmt":"2013-06-12T09:27:11","slug":"deste-o-tretinu-zvysily-i-pocet-sebevrazd","status":"publish","type":"post","link":"https:\/\/www.invarena.cz\/?p=6321","title":{"rendered":"De\u0161t\u011b o t\u0159etinu zv\u00fd\u0161ily i po\u010det sebevra\u017ed"},"content":{"rendered":"<p><strong>Jen des\u00edtka slune\u010dn\u00fdch dn\u016f, kter\u00e9 od za\u010d\u00e1tku roku proz\u00e1\u0159ily oblohu nad Prahou, s sebou p\u0159in\u00e1\u0161\u00ed mj. i \u0161patnou n\u00e1ladu. Podle z\u00e1chran\u00e1\u0159\u016f o necel\u00fdch 40 procent meziro\u010dn\u011b narostl po\u010det sebevra\u017ed.<\/strong><\/p>\n<p><!--more--><\/p>\n<p>Souvislost mezi t\u00ed\u017eivou \u017eivotn\u00ed situac\u00ed a zakabon\u011bnou, de\u0161tivou oblohou potvrzuj\u00ed i psychologov\u00e9. &#8222;Sebevra\u017eda je vy\u00fast\u011bn\u00ed cel\u00e9 s\u00edt\u011b motivac\u00ed z r\u016fzn\u00fdch oblast\u00ed, ale je pravdou, \u017ee dlouhodob\u011b o\u0161kliv\u00e9 po\u010das\u00ed m\u016f\u017ee b\u00fdt tou posledn\u00ed kapkou. V seversk\u00fdch zem\u00edch za\u010daly v posledn\u00edch letech u\u017e\u00edvat fototerapi\u00ed, proto\u017ee tam kv\u016fli m\u00e1lo se vyskytuj\u00edc\u00edmu slune\u010dn\u00edmu svitu trp\u011bli obyvatel\u00e9 daleko v\u00edce depres\u00ed ne\u017e jinde. Tak\u017ee n\u011bco na tom ur\u010dit\u011b bude,&#8220; \u0159ekl Pr\u00e1vu psycholog Karel Humhal.<\/p>\n<p>Sp\u00e1chat sebevra\u017edu je podle psychologa, kter\u00fd l\u00e9\u010d\u00ed pacienty, ji\u017e p\u0159e\u017eili pokus o sebevra\u017edu, skute\u010dn\u011b t\u011b\u017ek\u00e9.<\/p>\n<p>&#8222;Pud k \u017eivotu je jeden z nejsiln\u011bj\u0161\u00edch, po mate\u0159sk\u00e9m pudu. Proti n\u011bmu v kritickou chv\u00edli nastupuje puzen\u00ed ke smrti a zata\u017een\u00e1 obloha a d\u00e9\u0161\u0165 jsou v tu chv\u00edli ur\u010dit\u011b p\u0159it\u011b\u017euj\u00edc\u00ed faktor, kter\u00fd lidem m\u016f\u017ee v uvozovk\u00e1ch pomoci se zhoupnout k ukon\u010den\u00ed \u017eivota,&#8220; dodal psycholog.<\/p>\n<p>Vzhledem k tomu, jak\u00e9 po\u010das\u00ed n\u00e1m od za\u010d\u00e1tku roku p\u0159\u00edroda nad\u011bluje, se tak nen\u00ed co divit, \u017ee po\u010det sebevra\u017ed se v Praze zv\u00fd\u0161il asi o t\u0159etinu proti stejn\u00e9mu obdob\u00ed minul\u00e9ho roku.<\/p>\n<p>&#8222;Zat\u00edmco v prvn\u00edm \u010dtvrtlet\u00ed lo\u0148sk\u00e9ho roku byli l\u00e9ka\u0159i p\u0159ivol\u00e1ni ke dvaa\u010dty\u0159iceti dokonan\u00fdm sebevra\u017ed\u00e1m, za prvn\u00ed t\u0159i m\u011bs\u00edce leto\u0161n\u00edho roku evidujeme 63 dobrovoln\u00fdch ukon\u010den\u00ed \u017eivota. Tento po\u010det p\u0159edstavuje n\u00e1r\u016fst t\u00e9m\u011b\u0159 o \u010dty\u0159icet procent,&#8220; potvrzuje mluv\u010d\u00ed pra\u017esk\u00e9 z\u00e1chranky Ji\u0159ina Ernestov\u00e1.<\/p>\n<p>Od za\u010d\u00e1tku \u010dervna, tedy v dob\u011b, kdy Prahu postihly povodn\u011b, p\u0159ibyly ke statistik\u00e1m, kter\u00e9 do konce kv\u011btna uv\u00e1d\u011blo 87 p\u0159\u00edpad\u016f sebevra\u017ed, dal\u0161\u00edch p\u011bt sebevra\u017ed.<\/p>\n<p>&#8222;Druh\u00e9ho \u010dervna n\u00e1\u0161 l\u00e9ka\u0159 vyj\u00ed\u017ed\u011bl k jedn\u00e9 sebevra\u017ed\u011b, t\u0159et\u00edho ke dv\u011bma a \u010dtvrt\u00e9ho tak\u00e9 k jedn\u00e9. Ve \u010dty\u0159ech p\u0159\u00edpadech \u0161lo o mu\u017ee, jeden ukon\u010dil sv\u016fj \u017eivot st\u0159elnou zbran\u00ed, jeden vykrv\u00e1cel pot\u00e9, co se pod\u0159ezal, a dva se ob\u011bsili. V\u011bkov\u00e9 rozp\u011bt\u00ed mu\u017e\u016f bylo mezi 27 a\u017e 51 lety,&#8220; poskytla Pr\u00e1vu aktu\u00e1ln\u00ed statistiky Ernestov\u00e1.<\/p>\n<p>A posledn\u00ed p\u0159\u00edpad, ke kter\u00e9mu z\u00e1chran\u00e1\u0159i vyj\u00ed\u017ed\u011bli? Z tubusu metra, kter\u00fd je osm metr\u016f nad zem\u00ed, u stanice \u010cern\u00fd Most z\u0159ejm\u011b sko\u010dila dvaa\u010dty\u0159icetilet\u00e1 \u017eena. P\u0159i p\u00e1du utrp\u011bla tak v\u00e1\u017en\u00e1 poran\u011bn\u00ed, \u017ee u\u017e ji l\u00e9ka\u0159 nedok\u00e1zal vr\u00e1tit k \u017eivotu.<\/p>\n<p>Podle indici\u00ed vy\u0161et\u0159ovatel\u016f \u0161lo pravd\u011bpodobn\u011b o sebevra\u017edu. Celkov\u011b tak v Praze od za\u010d\u00e1tku roku sp\u00e1chalo sebevra\u017edu 92 ne\u0161\u0165astn\u00edk\u016f. Podle p\u0159edpov\u011bdi ani v p\u0159\u00ed\u0161t\u00edch dnech, dokonce ani v l\u00e9t\u011b, si lid\u00e9 neu\u017eij\u00ed tolik slunce jako loni.<\/p>\n","protected":false},"excerpt":{"rendered":"<div class=\"mh-excerpt\"><p>Jen des\u00edtka slune\u010dn\u00fdch dn\u016f, kter\u00e9 od za\u010d\u00e1tku roku proz\u00e1\u0159ily oblohu nad Prahou, s sebou p\u0159in\u00e1\u0161\u00ed mj. i \u0161patnou n\u00e1ladu. Podle z\u00e1chran\u00e1\u0159\u016f o necel\u00fdch 40 procent <a class=\"mh-excerpt-more\" href=\"https:\/\/www.invarena.cz\/?p=6321\" title=\"De\u0161t\u011b o t\u0159etinu zv\u00fd\u0161ily i po\u010det sebevra\u017ed\">[&#8230;]<\/a><\/p>\n<\/div>","protected":false},"author":1,"featured_media":0,"comment_status":"open","ping_status":"open","sticky":false,"template":"","format":"standard","meta":{"footnotes":""},"categories":[7],"tags":[],"class_list":["post-6321","post","type-post","status-publish","format-standard","hentry","category-spolecnost"],"_links":{"self":[{"href":"https:\/\/www.invarena.cz\/index.php?rest_route=\/wp\/v2\/posts\/6321","targetHints":{"allow":["GET"]}}],"collection":[{"href":"https:\/\/www.invarena.cz\/index.php?rest_route=\/wp\/v2\/posts"}],"about":[{"href":"https:\/\/www.invarena.cz\/index.php?rest_route=\/wp\/v2\/types\/post"}],"author":[{"embeddable":true,"href":"https:\/\/www.invarena.cz\/index.php?rest_route=\/wp\/v2\/users\/1"}],"replies":[{"embeddable":true,"href":"https:\/\/www.invarena.cz\/index.php?rest_route=%2Fwp%2Fv2%2Fcomments&post=6321"}],"version-history":[{"count":0,"href":"https:\/\/www.invarena.cz\/index.php?rest_route=\/wp\/v2\/posts\/6321\/revisions"}],"wp:attachment":[{"href":"https:\/\/www.invarena.cz\/index.php?rest_route=%2Fwp%2Fv2%2Fmedia&parent=6321"}],"wp:term":[{"taxonomy":"category","embeddable":true,"href":"https:\/\/www.invarena.cz\/index.php?rest_route=%2Fwp%2Fv2%2Fcategories&post=6321"},{"taxonomy":"post_tag","embeddable":true,"href":"https:\/\/www.invarena.cz\/index.php?rest_route=%2Fwp%2Fv2%2Ftags&post=6321"}],"curies":[{"name":"wp","href":"https:\/\/api.w.org\/{rel}","templated":true}]}}