{"id":63653,"date":"2026-04-20T13:52:53","date_gmt":"2026-04-20T11:52:53","guid":{"rendered":"https:\/\/www.invarena.cz\/?p=63653"},"modified":"2026-04-20T13:53:52","modified_gmt":"2026-04-20T11:53:52","slug":"moje-konto-nova-sluzba-na-eportalu-cssz","status":"publish","type":"post","link":"https:\/\/www.invarena.cz\/?p=63653","title":{"rendered":"MOJE KONTO \u2013 nov\u00e1 slu\u017eba na ePort\u00e1lu \u010cSSZ"},"content":{"rendered":"\n<p>\u010cesk\u00e1 spr\u00e1va soci\u00e1ln\u00edho zabezpe\u010den\u00ed (\u010cSSZ) spustila dne 25. 3. 2026 na ePort\u00e1lu \u010cSSZ novou online slu\u017ebu Moje konto. Slu\u017eba je ur\u010dena poji\u0161t\u011bnc\u016fm k&nbsp;ov\u011b\u0159en\u00ed evidovan\u00fdch dob poji\u0161t\u011bn\u00ed a&nbsp;k \u0159e\u0161en\u00ed p\u0159\u00edpadn\u00fdch nesrovnalost\u00ed elektronickou formou, bez nutnosti osobn\u00ed n\u00e1v\u0161t\u011bvy pracovi\u0161t\u011b \u010cSSZ.<\/p>\n\n\n\n<p>Aplikace poskytuje p\u0159ehled v\u0161ech dob d\u016fchodov\u00e9ho poji\u0161t\u011bn\u00ed evidovan\u00fdch v&nbsp;\u010cSSZ. V&nbsp;r\u00e1mci zvy\u0161ov\u00e1n\u00ed klientsk\u00e9ho komfortu p\u0159i spravov\u00e1n\u00ed vlastn\u00edch dob d\u016fchodov\u00e9ho poji\u0161t\u011bn\u00ed a&nbsp;v souvislosti se zru\u0161en\u00edm povinnosti org\u00e1nu soci\u00e1ln\u00edho zabezpe\u010den\u00ed zas\u00edlat informativn\u00ed osobn\u00ed list d\u016fchodov\u00e9ho poji\u0161t\u011bn\u00ed, pokud zp\u0159\u00edstupn\u00ed pot\u0159ebn\u00e9 \u00fadaje (informativn\u00ed v\u00fdpis z&nbsp;konta \u2013 p\u0159ehled dob d\u016fchodov\u00e9ho poji\u0161t\u011bn\u00ed \u2013 d\u00e1le jen \u201einformativn\u00ed v\u00fdpis\u201c) prost\u0159ednictv\u00edm elektronick\u00e9 aplikace, mohou klienti s&nbsp;vyu\u017eit\u00edm nov\u00e9 slu\u017eby&nbsp;<a href=\"https:\/\/eportal.cssz.cz\/web\/portal\/-\/sluzby\/moje-konto\" target=\"_blank\" rel=\"noreferrer noopener\">Moje konto<\/a>&nbsp;doplnit chyb\u011bj\u00edc\u00ed doby poji\u0161t\u011bn\u00ed nebo navrhnout \u00fapravu ji\u017e evidovan\u00fdch dob. Ka\u017ed\u00e1 dopln\u011bn\u00e1 nebo upravovan\u00e1 doba mus\u00ed b\u00fdt dolo\u017eena odpov\u00eddaj\u00edc\u00edmi doklady, kter\u00e9 prokazuj\u00ed jej\u00ed trv\u00e1n\u00ed a&nbsp;charakter.<\/p>\n\n\n\n<p>Online slu\u017eba ePort\u00e1lu \u010cSSZ&nbsp;<strong>Moje konto<\/strong>&nbsp;poskytuje p\u0159ehled v\u0161ech evidovan\u00fdch dob d\u016fchodov\u00e9ho poji\u0161t\u011bn\u00ed a&nbsp;umo\u017e\u0148uje tak\u00e9 jejich spravov\u00e1n\u00ed.<\/p>\n\n\n\n<p>V aplikaci je mo\u017en\u00e9:<\/p>\n\n\n\n<ul class=\"wp-block-list\">\n<li>zobrazit doby poji\u0161t\u011bn\u00ed evidovan\u00e9 v\u00a0\u010cSSZ<\/li>\n\n\n\n<li>doplnit chyb\u011bj\u00edc\u00ed doby v\u010detn\u011b p\u0159\u00edloh \u2013 tyto p\u0159idan\u00e9 doby lze vyu\u017e\u00edt tak\u00e9 v\u00a0Informativn\u00ed d\u016fchodov\u00e9 aplikaci (IDA) pro orienta\u010dn\u00ed v\u00fdpo\u010det d\u016fchodu<\/li>\n\n\n\n<li>navrhnout prov\u011b\u0159en\u00ed nebo \u00fapravu ji\u017e evidovan\u00fdch dob<\/li>\n\n\n\n<li>odeslat \u017e\u00e1dost o\u00a0z\u00e1pis nebo prov\u011b\u0159en\u00ed dob do evidence \u010cSSZ<\/li>\n\n\n\n<li>po\u017e\u00e1dat jednou za kalend\u00e1\u0159n\u00ed rok o\u00a0konsolidaci konta bez dolo\u017een\u00ed doklad\u016f (kontrolu cel\u00e9ho p\u0159ehledu dob referentem \u010cSSZ)<\/li>\n\n\n\n<li>zobrazit a\u00a0vytisknout informativn\u00ed v\u00fdpis z\u00a0klientova konta ve form\u00e1tu PDF<\/li>\n<\/ul>\n\n\n\n<p>Po odesl\u00e1n\u00ed \u017e\u00e1dosti o&nbsp;dopln\u011bn\u00ed chyb\u011bj\u00edc\u00edch dob, prov\u011b\u0159en\u00ed ji\u017e evidovan\u00fdch dob \u010di konsolidaci konta jsou jednotliv\u00e9 \u017e\u00e1dosti zpracov\u00e1ny \u010cSSZ a&nbsp;v\u00fdsledek je n\u00e1sledn\u011b zp\u0159\u00edstupn\u011bn na ePort\u00e1lu \u010cSSZ. Stav \u017e\u00e1dosti lze sledovat v&nbsp;sekci Moje pod\u00e1n\u00ed.<\/p>\n\n\n\n<p>Ve\u0161ker\u00e9 informace v\u010detn\u011b mo\u017enost\u00ed p\u0159ihl\u00e1\u0161en\u00ed naleznete na webov\u00e9 str\u00e1nce&nbsp;<a href=\"https:\/\/eportal.cssz.cz\/web\/portal\" target=\"_blank\" rel=\"noreferrer noopener\">ePort\u00e1l \u010cSSZ<\/a>.<\/p>\n\n\n\n<p><br \/>Ke sta\u017een\u00ed (PDF 225 kB)<\/p>\n","protected":false},"excerpt":{"rendered":"<div class=\"mh-excerpt\"><p>\u010cesk\u00e1 spr\u00e1va soci\u00e1ln\u00edho zabezpe\u010den\u00ed (\u010cSSZ) spustila dne 25. 3. 2026 na ePort\u00e1lu \u010cSSZ novou online slu\u017ebu Moje konto. Slu\u017eba je ur\u010dena poji\u0161t\u011bnc\u016fm k&nbsp;ov\u011b\u0159en\u00ed evidovan\u00fdch dob <a class=\"mh-excerpt-more\" href=\"https:\/\/www.invarena.cz\/?p=63653\" title=\"MOJE KONTO \u2013 nov\u00e1 slu\u017eba na ePort\u00e1lu \u010cSSZ\">[&#8230;]<\/a><\/p>\n<\/div>","protected":false},"author":1,"featured_media":17230,"comment_status":"open","ping_status":"closed","sticky":false,"template":"","format":"standard","meta":{"footnotes":""},"categories":[9],"tags":[],"class_list":["post-63653","post","type-post","status-publish","format-standard","has-post-thumbnail","hentry","category-zpravy"],"_links":{"self":[{"href":"https:\/\/www.invarena.cz\/index.php?rest_route=\/wp\/v2\/posts\/63653","targetHints":{"allow":["GET"]}}],"collection":[{"href":"https:\/\/www.invarena.cz\/index.php?rest_route=\/wp\/v2\/posts"}],"about":[{"href":"https:\/\/www.invarena.cz\/index.php?rest_route=\/wp\/v2\/types\/post"}],"author":[{"embeddable":true,"href":"https:\/\/www.invarena.cz\/index.php?rest_route=\/wp\/v2\/users\/1"}],"replies":[{"embeddable":true,"href":"https:\/\/www.invarena.cz\/index.php?rest_route=%2Fwp%2Fv2%2Fcomments&post=63653"}],"version-history":[{"count":0,"href":"https:\/\/www.invarena.cz\/index.php?rest_route=\/wp\/v2\/posts\/63653\/revisions"}],"wp:featuredmedia":[{"embeddable":true,"href":"https:\/\/www.invarena.cz\/index.php?rest_route=\/wp\/v2\/media\/17230"}],"wp:attachment":[{"href":"https:\/\/www.invarena.cz\/index.php?rest_route=%2Fwp%2Fv2%2Fmedia&parent=63653"}],"wp:term":[{"taxonomy":"category","embeddable":true,"href":"https:\/\/www.invarena.cz\/index.php?rest_route=%2Fwp%2Fv2%2Fcategories&post=63653"},{"taxonomy":"post_tag","embeddable":true,"href":"https:\/\/www.invarena.cz\/index.php?rest_route=%2Fwp%2Fv2%2Ftags&post=63653"}],"curies":[{"name":"wp","href":"https:\/\/api.w.org\/{rel}","templated":true}]}}