{"id":63668,"date":"2026-04-20T14:22:14","date_gmt":"2026-04-20T12:22:14","guid":{"rendered":"https:\/\/www.invarena.cz\/?p=63668"},"modified":"2026-04-20T14:25:40","modified_gmt":"2026-04-20T12:25:40","slug":"praha-v-nedeli-ozije-swap-festivalem-moda-ktera-dava-obleceni-druhy-zivot-a-snizuje-odpad","status":"publish","type":"post","link":"https:\/\/www.invarena.cz\/?p=63668","title":{"rendered":"Praha v ned\u011bli o\u017eije Swap Festivalem: m\u00f3da, kter\u00e1 d\u00e1v\u00e1 oble\u010den\u00ed druh\u00fd \u017eivot a sni\u017euje odpad"},"content":{"rendered":"\n<p><\/p>\n\n\n\n<p><strong>V Kongresov\u00e9m centru Praha se v ned\u011bli 26. dubna od 10:00 do 18:00 uskute\u010dn\u00ed vyvrcholen\u00ed celorepublikov\u00e9ho Swap Festivalu, kter\u00fd b\u011bhem jednoho t\u00fddne propoj\u00ed des\u00edtky m\u00edst nap\u0159\u00ed\u010d \u010ceskou republikou. Akce, po\u0159\u00e1dan\u00e1 organizac\u00ed Swap Prague ve spolupr\u00e1ci s Evropsk\u00fdm klimatick\u00fdm paktem, nab\u00eddne n\u00e1v\u0161t\u011bvn\u00edk\u016fm konkr\u00e9tn\u00ed uk\u00e1zky toho, jak lze p\u0159istupovat k m\u00f3d\u011b udr\u017eiteln\u011bji a s men\u0161\u00edm dopadem na \u017eivotn\u00ed prost\u0159ed\u00ed.<\/strong> <strong>N\u00e1v\u0161t\u011bvn\u00edci budou moci zapojit se do v\u00fdm\u011bny oble\u010den\u00ed, nav\u0161t\u00edvit workshopy nebo si nechat otestovat \u0161perky a dal\u0161\u00ed v\u011bci na p\u0159\u00edtomnost \u0161kodliv\u00fdch l\u00e1tek.<\/strong><\/p>\n\n\n\n<p>Swap neboli v\u00fdm\u011bna oble\u010den\u00ed, p\u0159edstavuje jeden z nejjednodu\u0161\u0161\u00edch princip\u016f cirkul\u00e1rn\u00ed ekonomiky v praxi. Nam\u00edsto n\u00e1kupu nov\u00fdch produkt\u016f umo\u017e\u0148uje prodlou\u017eit \u017eivotn\u00ed cyklus ji\u017e no\u0161en\u00fdch od\u011bv\u016f, sn\u00ed\u017eit mno\u017estv\u00ed textiln\u00edho odpadu a z\u00e1rove\u0148 omezit popt\u00e1vku po produkci fast fashion. Pr\u00e1v\u011b rychl\u00e1 m\u00f3da p\u0159itom p\u0159isp\u00edv\u00e1 k nadprodukci oble\u010den\u00ed, jeho kr\u00e1tk\u00e9 \u017eivotnosti a rostouc\u00edmu objemu odpadu. Textiln\u00ed pr\u016fmysl z\u00e1rove\u0148 pat\u0159\u00ed mezi oblasti s v\u00fdrazn\u00fdm dopadem na \u017eivotn\u00ed prost\u0159ed\u00ed i pracovn\u00ed podm\u00ednky v dodavatelsk\u00fdch \u0159et\u011bzc\u00edch.<\/p>\n\n\n\n<p>Swap Festival se sna\u017e\u00ed tento p\u0159\u00edstup m\u011bnit t\u00edm, \u017ee nab\u00edz\u00ed alternativu, kter\u00e1 je dostupn\u00e1, praktick\u00e1 a z\u00e1rove\u0148 spole\u010densky atraktivn\u00ed. V\u00fdm\u011bna oble\u010den\u00ed nen\u00ed jen ekologick\u00fdm opat\u0159en\u00edm, ale i zp\u016fsobem, jak budovat komunitu, sd\u00edlet zdroje a p\u0159em\u00fd\u0161let o spot\u0159eb\u011b v \u0161ir\u0161\u00edch souvislostech. N\u00e1v\u0161t\u011bvn\u00edci si tak neodn\u00e1\u0161ej\u00ed pouze nov\u00e9 kousky do \u0161atn\u00edku, ale tak\u00e9 inspiraci k tomu, jak sv\u00e9 n\u00e1vyky dlouhodob\u011b prom\u011b\u0148ovat.<\/p>\n\n\n\n<p>Sou\u010d\u00e1st\u00ed programu bude nejen samotn\u00fd swap, ale tak\u00e9 eduka\u010dn\u00ed workshopy zam\u011b\u0159en\u00e9 na problematiku textiln\u00edho pr\u016fmyslu a udr\u017eitelnosti. N\u00e1v\u0161t\u011bvn\u00edci se budou moci od 11:00 zapojit do debaty s n\u00e1zvem <em>\u201eRychl\u00e1 m\u00f3da: toxick\u00fd vztah nebo man\u017eelstv\u00ed z rozumu?\u201c<\/em>, kter\u00e1 otev\u0159e ot\u00e1zky odpov\u011bdn\u00e9 spot\u0159eby, vlivu marketingu i role regulac\u00ed. Hosty debaty budou Stepan Vashkevich z&nbsp;Cicle Economy a Karol\u00edna Brabcov\u00e1 z&nbsp;Arniky. Ve spolupr\u00e1ci s organizac\u00ed Arnika pak bude na m\u00edst\u011b tak\u00e9 mo\u017enost nechat si otestovat p\u0159edm\u011bty na p\u0159\u00edtomnost \u0161kodliv\u00fdch l\u00e1tek a z\u00edskat tak konkr\u00e9tn\u00ed informace o v\u011bcech, kter\u00e9 p\u0159i styku s k\u016f\u017e\u00ed \u2013 jako jsou typicky levn\u00e9 \u0161perky, elektronika nebo n\u00e1dob\u00ed mohou kv\u016fli obsahu toxick\u00fdch l\u00e1tek zp\u016fsobovat zdravotn\u00ed probl\u00e9my. Zm\u011b\u0159it obsah \u0161kodliv\u00fdch l\u00e1tek bude mo\u017en\u00e9 jak u v\u011bc\u00ed ze swapu na m\u00edst\u011b, tak i u vlastn\u00edch p\u0159edm\u011bt\u016f donesen\u00fdch \u010dist\u011b za \u00fa\u010delem otestov\u00e1n\u00ed.<\/p>\n\n\n\n<p>\u201e<em>Sou\u010dasn\u00fd m\u00f3dn\u00ed pr\u016fmysl nen\u00ed z dlouhodob\u00e9ho hlediska udr\u017eiteln\u00fd, a to jak z pohledu dopad\u016f na \u017eivotn\u00ed prost\u0159ed\u00ed, tak pracovn\u00edch podm\u00ednek. Pr\u00e1v\u011b akce, jako je Swap Festival, ale ukazuj\u00ed, \u017ee zm\u011bna je mo\u017en\u00e1 a \u017ee dostupn\u00e9 alternativy u\u017e dnes existuj\u00ed,\u201c <\/em>\u0159\u00edk\u00e1 Stepan Vashkevich, ambasador Evropsk\u00e9ho klimatick\u00e9ho paktu, kter\u00fd p\u016fsob\u00ed jako strategick\u00fd konzultant v amsterdamsk\u00e9 organizaci Circle Economy a dlouhodob\u011b se v\u011bnuje cirkul\u00e1rn\u00ed ekonomice, monitoringu dodavatelsk\u00fdch \u0159et\u011bzc\u016f a evropsk\u00e9 legislativ\u011b zam\u011b\u0159en\u00e9 na textiln\u00ed pr\u016fmysl.<\/p>\n\n\n\n<p>Festival z\u00e1rove\u0148 propojuje t\u00e9ma udr\u017eiteln\u00e9 m\u00f3dy s \u0161ir\u0161\u00edmi evropsk\u00fdmi iniciativami. Evropsk\u00fd klimatick\u00fd pakt dlouhodob\u011b podporuje aktivity, kter\u00e9 pom\u00e1haj\u00ed p\u0159en\u00e1\u0161et klimatick\u00e1 t\u00e9mata z \u00farovn\u011b politik do ka\u017edodenn\u00edho \u017eivota lid\u00ed a motivuj\u00ed jednotlivce k praktick\u00fdm krok\u016fm. Pr\u00e1v\u011b propojen\u00ed lok\u00e1ln\u00edch aktivit s evropsk\u00fdm r\u00e1mcem ukazuje, \u017ee \u0159e\u0161en\u00ed klimatick\u00fdch v\u00fdzev nen\u00ed pouze ot\u00e1zkou individu\u00e1ln\u00edch rozhodnut\u00ed, ale p\u0159edev\u0161\u00edm syst\u00e9mov\u00fdch opat\u0159en\u00ed jako jsou nap\u0159\u00edklad evropsk\u00e9 legislativy zam\u011b\u0159en\u00e9 na klimatick\u00e1 opat\u0159en\u00ed nebo p\u0159edch\u00e1zen\u00ed vzniku odpadu.<\/p>\n\n\n\n<p>\u201e<em>Swap Festival potvrzuje, \u017ee \u010ce\u0161i cht\u011bj\u00ed \u017e\u00edt udr\u017eiteln\u011b \u2013 loni v r\u00e1mci festivalu prob\u011bhlo 88 akc\u00ed po cel\u00e9 zemi, dorazilo p\u0159es 8 000 n\u00e1v\u0161t\u011bvn\u00edk\u016f a vyswapovalo se 21 tun v\u011bc\u00ed. Letos chceme na tento \u00fasp\u011bch nav\u00e1zat a posunout my\u0161lenku sd\u00edlen\u00ed a odpov\u011bdn\u00e9 spot\u0159eby je\u0161t\u011b d\u00e1l. Swap ukazuje, \u017ee zm\u011bna m\u016f\u017ee b\u00fdt dostupn\u00e1 pro ka\u017ed\u00e9ho. Ka\u017ed\u00fd kus oble\u010den\u00ed, kter\u00fd z\u016fstane v ob\u011bhu, znamen\u00e1 men\u0161\u00ed tlak na v\u00fdrobu nov\u00fdch v\u011bc\u00ed a z\u00e1rove\u0148 podporuje odpov\u011bdn\u011bj\u0161\u00ed spot\u0159ebu. Na\u0161\u00edm c\u00edlem je uk\u00e1zat, \u017ee cirkul\u00e1rn\u00ed p\u0159\u00edstup m\u016f\u017ee b\u00fdt p\u0159irozenou sou\u010d\u00e1st\u00ed ka\u017edodenn\u00edho \u017eivota,\u201c<\/em> dopl\u0148uje Krist\u00fdna Holubov\u00e1 ze Swap Prague, kter\u00e1 je nov\u011b z\u00e1rove\u0148 partnerskou organizac\u00ed Evropsk\u00e9ho klimatick\u00e9ho paktu<\/p>\n\n\n\n<p>Textiln\u00ed pr\u016fmysl pat\u0159\u00ed mezi oblasti s v\u00fdrazn\u00fdm dopadem na \u017eivotn\u00ed prost\u0159ed\u00ed \u2013 od produkce odpadu a\u017e po vysokou spot\u0159ebu p\u0159\u00edrodn\u00edch zdroj\u016f. Rychl\u00e1 m\u00f3da nav\u00edc podporuje trend \u010dast\u00e9 obm\u011bny \u0161atn\u00edku, co\u017e vede k tomu, \u017ee velk\u00e1 \u010d\u00e1st oble\u010den\u00ed kon\u010d\u00ed po relativn\u011b kr\u00e1tk\u00e9 dob\u011b nevyu\u017eit\u00e1. Pr\u00e1v\u011b iniciativy, jako je Swap Festival, ukazuj\u00ed konkr\u00e9tn\u00ed mo\u017enosti, jak tento p\u0159\u00edstup postupn\u011b m\u011bnit a jak mohou jednotlivci p\u0159isp\u011bt ke sn\u00ed\u017een\u00ed sv\u00e9ho dopadu na \u017eivotn\u00ed prost\u0159ed\u00ed.<\/p>\n\n\n\n<p>Vedle samotn\u00e9 v\u00fdm\u011bny oble\u010den\u00ed nab\u00edz\u00ed festival tak\u00e9 prostor pro setk\u00e1v\u00e1n\u00ed, sd\u00edlen\u00ed zku\u0161enost\u00ed a inspiraci. Program je navr\u017een tak, aby byl p\u0159\u00edstupn\u00fd \u0161irok\u00e9 ve\u0159ejnosti bez ohledu na p\u0159edchoz\u00ed znalosti t\u00e9matu. N\u00e1v\u0161t\u011bvn\u00edci si tak mohou odn\u00e9st nejen v\u011bci, praktick\u00e9 zku\u0161enosti, ale i lep\u0161\u00ed porozum\u011bn\u00ed tomu, jak jejich ka\u017edodenn\u00ed volby souvisej\u00ed s \u0161ir\u0161\u00edmi environment\u00e1ln\u00edmi a spole\u010densk\u00fdmi dopady.<\/p>\n\n\n\n<p>Registrace na akci: <a href=\"https:\/\/forms.gle\/44SfKdaJhimuy1Rd8\">https:\/\/forms.gle\/44SfKdaJhimuy1Rd8<\/a><\/p>\n\n\n\n<p>V\u00edce informac\u00ed o festivalu je k dispozici na: <a href=\"https:\/\/www.swapprague.cz\/festival\/\">https:\/\/www.swapprague.cz\/festival\/<\/a><\/p>\n\n\n\n<p>P\u0159ehled v\u0161ech doprovodn\u00fdch akc\u00ed nap\u0159\u00ed\u010d \u010ceskem nab\u00edz\u00ed interaktivn\u00ed mapa: <a href=\"https:\/\/www.mapotic.com\/swap-festival-2026\">https:\/\/www.mapotic.com\/swap-festival-2026<\/a><strong>\u00a0<\/strong><\/p>\n\n\n\n<figure class=\"wp-block-image size-large is-resized\"><img loading=\"lazy\" decoding=\"async\" width=\"208\" height=\"260\" src=\"https:\/\/www.invarena.cz\/wp-content\/uploads\/SWAP-ECORYS-plakat-208x260.jpg\" alt=\"\" class=\"wp-image-63674\" style=\"width:268px;height:auto\"\/><\/figure>\n","protected":false},"excerpt":{"rendered":"<div class=\"mh-excerpt\"><p>V Kongresov\u00e9m centru Praha se v ned\u011bli 26. dubna od 10:00 do 18:00 uskute\u010dn\u00ed vyvrcholen\u00ed celorepublikov\u00e9ho Swap Festivalu, kter\u00fd b\u011bhem jednoho t\u00fddne propoj\u00ed des\u00edtky m\u00edst <a class=\"mh-excerpt-more\" href=\"https:\/\/www.invarena.cz\/?p=63668\" title=\"Praha v ned\u011bli o\u017eije Swap Festivalem: m\u00f3da, kter\u00e1 d\u00e1v\u00e1 oble\u010den\u00ed druh\u00fd \u017eivot a sni\u017euje odpad\">[&#8230;]<\/a><\/p>\n<\/div>","protected":false},"author":1,"featured_media":17402,"comment_status":"open","ping_status":"closed","sticky":false,"template":"","format":"standard","meta":{"footnotes":""},"categories":[9],"tags":[],"class_list":["post-63668","post","type-post","status-publish","format-standard","has-post-thumbnail","hentry","category-zpravy"],"_links":{"self":[{"href":"https:\/\/www.invarena.cz\/index.php?rest_route=\/wp\/v2\/posts\/63668","targetHints":{"allow":["GET"]}}],"collection":[{"href":"https:\/\/www.invarena.cz\/index.php?rest_route=\/wp\/v2\/posts"}],"about":[{"href":"https:\/\/www.invarena.cz\/index.php?rest_route=\/wp\/v2\/types\/post"}],"author":[{"embeddable":true,"href":"https:\/\/www.invarena.cz\/index.php?rest_route=\/wp\/v2\/users\/1"}],"replies":[{"embeddable":true,"href":"https:\/\/www.invarena.cz\/index.php?rest_route=%2Fwp%2Fv2%2Fcomments&post=63668"}],"version-history":[{"count":0,"href":"https:\/\/www.invarena.cz\/index.php?rest_route=\/wp\/v2\/posts\/63668\/revisions"}],"wp:featuredmedia":[{"embeddable":true,"href":"https:\/\/www.invarena.cz\/index.php?rest_route=\/wp\/v2\/media\/17402"}],"wp:attachment":[{"href":"https:\/\/www.invarena.cz\/index.php?rest_route=%2Fwp%2Fv2%2Fmedia&parent=63668"}],"wp:term":[{"taxonomy":"category","embeddable":true,"href":"https:\/\/www.invarena.cz\/index.php?rest_route=%2Fwp%2Fv2%2Fcategories&post=63668"},{"taxonomy":"post_tag","embeddable":true,"href":"https:\/\/www.invarena.cz\/index.php?rest_route=%2Fwp%2Fv2%2Ftags&post=63668"}],"curies":[{"name":"wp","href":"https:\/\/api.w.org\/{rel}","templated":true}]}}