{"id":63685,"date":"2026-04-20T22:41:51","date_gmt":"2026-04-20T20:41:51","guid":{"rendered":"https:\/\/www.invarena.cz\/?p=63685"},"modified":"2026-04-20T22:41:52","modified_gmt":"2026-04-20T20:41:52","slug":"kdyz-ho-pichli-do-ucha-malem-vykrvacel-jaroslav-trpi-hemofilii","status":"publish","type":"post","link":"https:\/\/www.invarena.cz\/?p=63685","title":{"rendered":"Kdy\u017e ho p\u00edchli do ucha, m\u00e1lem vykrv\u00e1cel. Jaroslav trp\u00ed hemofili\u00ed"},"content":{"rendered":"\n<p>S hemofili\u00ed, vrozenou poruchou sr\u00e1\u017elivosti krve, \u017eije v \u010cesku asi tis\u00edc lid\u00ed. Modern\u00ed terapie jejich \u017eivot z\u00e1sadn\u011b zm\u011bnila. U\u017e kv\u016fli krv\u00e1cen\u00ed do sval\u016f nebo kloub\u016f nekon\u010d\u00ed na invalidn\u00edm voz\u00edku. P\u0159esto jim nemoc do \u017eivota zasahuje. Sv\u00e9 o tom v\u00ed nap\u0159\u00edklad pan Jaroslav, s\u00e1m pacient, kter\u00e9mu na hemofilii zem\u0159eli dva str\u00fdcov\u00e9.<\/p>\n\n\n\n<p>Cel\u00fd \u010dl\u00e1nek naleznete na vitalia.cz: <a href=\"https:\/\/www.vitalia.cz\/clanky\/hemofilie-pribeh-pacienta\/\" target=\"_blank\" rel=\"noreferrer noopener\">https:\/\/www.vitalia.cz\/clanky\/hemofilie-pribeh-pacienta\/<\/a><\/p>\n","protected":false},"excerpt":{"rendered":"<div class=\"mh-excerpt\"><p>S hemofili\u00ed, vrozenou poruchou sr\u00e1\u017elivosti krve, \u017eije v \u010cesku asi tis\u00edc lid\u00ed. Modern\u00ed terapie jejich \u017eivot z\u00e1sadn\u011b zm\u011bnila. U\u017e kv\u016fli krv\u00e1cen\u00ed do sval\u016f nebo kloub\u016f <a class=\"mh-excerpt-more\" href=\"https:\/\/www.invarena.cz\/?p=63685\" title=\"Kdy\u017e ho p\u00edchli do ucha, m\u00e1lem vykrv\u00e1cel. Jaroslav trp\u00ed hemofili\u00ed\">[&#8230;]<\/a><\/p>\n<\/div>","protected":false},"author":1,"featured_media":27915,"comment_status":"open","ping_status":"closed","sticky":false,"template":"","format":"standard","meta":{"footnotes":""},"categories":[9],"tags":[],"class_list":["post-63685","post","type-post","status-publish","format-standard","has-post-thumbnail","hentry","category-zpravy"],"_links":{"self":[{"href":"https:\/\/www.invarena.cz\/index.php?rest_route=\/wp\/v2\/posts\/63685","targetHints":{"allow":["GET"]}}],"collection":[{"href":"https:\/\/www.invarena.cz\/index.php?rest_route=\/wp\/v2\/posts"}],"about":[{"href":"https:\/\/www.invarena.cz\/index.php?rest_route=\/wp\/v2\/types\/post"}],"author":[{"embeddable":true,"href":"https:\/\/www.invarena.cz\/index.php?rest_route=\/wp\/v2\/users\/1"}],"replies":[{"embeddable":true,"href":"https:\/\/www.invarena.cz\/index.php?rest_route=%2Fwp%2Fv2%2Fcomments&post=63685"}],"version-history":[{"count":0,"href":"https:\/\/www.invarena.cz\/index.php?rest_route=\/wp\/v2\/posts\/63685\/revisions"}],"wp:featuredmedia":[{"embeddable":true,"href":"https:\/\/www.invarena.cz\/index.php?rest_route=\/wp\/v2\/media\/27915"}],"wp:attachment":[{"href":"https:\/\/www.invarena.cz\/index.php?rest_route=%2Fwp%2Fv2%2Fmedia&parent=63685"}],"wp:term":[{"taxonomy":"category","embeddable":true,"href":"https:\/\/www.invarena.cz\/index.php?rest_route=%2Fwp%2Fv2%2Fcategories&post=63685"},{"taxonomy":"post_tag","embeddable":true,"href":"https:\/\/www.invarena.cz\/index.php?rest_route=%2Fwp%2Fv2%2Ftags&post=63685"}],"curies":[{"name":"wp","href":"https:\/\/api.w.org\/{rel}","templated":true}]}}