{"id":63688,"date":"2026-04-20T22:48:31","date_gmt":"2026-04-20T20:48:31","guid":{"rendered":"https:\/\/www.invarena.cz\/?p=63688"},"modified":"2026-04-20T22:48:32","modified_gmt":"2026-04-20T20:48:32","slug":"nadeje-pro-deti-s-handicapem-na-hajich-se-testovaly-kompenzacni-pomucky","status":"publish","type":"post","link":"https:\/\/www.invarena.cz\/?p=63688","title":{"rendered":"Nad\u011bje pro d\u011bti s handicapem: na H\u00e1j\u00edch se testovaly kompenza\u010dn\u00ed pom\u016fcky"},"content":{"rendered":"\n<p>Komunitn\u00ed centrum Matky Terezy na H\u00e1j\u00edch nab\u00eddlo unik\u00e1tn\u00ed setk\u00e1n\u00ed rodin d\u011bt\u00ed s posti\u017een\u00edm s v\u00fdrobci pom\u016fcek, kter\u00e9 jim mohou ulevit. Organizace EDA zde uspo\u0159\u00e1dala veletrh kompenza\u010dn\u00edch pom\u016fcek pro d\u011bti s handicapem, kter\u00fd p\u0159il\u00e1kal p\u016fl tis\u00edcovky n\u00e1v\u0161t\u011bvn\u00edk\u016f. Jak rodiny, tak vystavovatel\u00e9 oce\u0148ovali mo\u017enost vyzkou\u0161et modern\u00ed za\u0159\u00edzen\u00ed \u2013 ale i p\u0159\u00edle\u017eitost ke konzultac\u00edm s odborn\u00edky i ke sd\u00edlen\u00ed zku\u0161enost\u00ed s dal\u0161\u00edmi rodi\u010di.<\/p>\n\n\n\n<p>Jak usnadnit \u017eivot d\u011btem s handicapem? To je ot\u00e1zka, kterou rodiny pot\u00fdkaj\u00edc\u00ed se s t\u00edmto \u00fad\u011blem \u0159e\u0161\u00ed dnes a denn\u011b. \u201ePotvrzuje to babi\u010dka mal\u00e9 Majdal\u00e9nky \u2013 jedna z n\u00e1v\u0161t\u011bvnic veletrhu s nab\u00eddkou kompenza\u010dn\u00edch pom\u016fcek, kter\u00fd ve \u010dtvrtek 16. dubna uspo\u0159\u00e1dala v Komunitn\u00edm centru Matky Terezy na pra\u017esk\u00fdch H\u00e1j\u00edch ve\u0159ejn\u011b prosp\u011b\u0161n\u00e1 organizace EDA.<\/p>\n\n\n\n<p>\u201eNyn\u00ed pou\u017e\u00edv\u00e1me speci\u00e1ln\u00ed ko\u010d\u00e1rek, vertikaluza\u010dn\u00ed stojan a \u017eidli\u010dku, ale pot\u0159eby Majdal\u00e9nky se s v\u011bkem budou m\u011bnit,\u201c vysv\u011btlila babi\u010dka, \u017ee p\u0159ijela obhl\u00e9dnout dal\u0161\u00ed pom\u016fcky, kter\u00e9 by vnu\u010dce mohly prosp\u011bt. P\u0159ipomn\u011bla, \u017ee o akci na H\u00e1j\u00edch se rodina dozv\u011bd\u011bla od sv\u00e9 poradkyn\u011b ran\u00e9 p\u00e9\u010de Lucie Magerov\u00e9. \u201eVyb\u00edrat takto d\u016fle\u017eit\u00e9 v\u011bci jen podle obr\u00e1zk\u016f v katalogu je t\u011b\u017ek\u00e9. Tady si m\u016f\u017eeme v\u0161echno osahat, posadit do toho vnu\u010dku a vid\u011bt, jestli j\u00ed to \u201asedne\u2018,\u201c ocenila babi\u010dka. \u201eJe to pro n\u00e1s obrovsk\u00e1 pomoc \u2013 a nad\u011bje, \u017ee j\u00ed \u017eivot zase o kousek usnadn\u00edme,\u201c nab\u00eddla pochvalu spojenou s nad\u011bj\u00ed. A tak\u00e9 s nep\u0159ehl\u00e9dnuteln\u00fdm dojet\u00edm.<\/p>\n\n\n\n<p>Veletrh rehabilita\u010dn\u00edch a kompenza\u010dn\u00edch pom\u016fcek pro d\u011bti s posti\u017een\u00edm, kam stejn\u011b jako p\u0159ed rokem dorazilo na p\u011bt stovek n\u00e1v\u0161t\u011bvn\u00edk\u016f, m\u011bl p\u0159esn\u011b takov\u00fd c\u00edl: nab\u00eddnout p\u0159\u00edle\u017eitost k setk\u00e1n\u00ed rodin d\u011bt\u00ed se speci\u00e1ln\u00edmi pot\u0159ebami, z\u00e1stupc\u016f p\u0159edn\u00edch v\u00fdrobc\u016f rehabilita\u010dn\u00edch a kompenza\u010dn\u00edch pom\u016fcek i odborn\u00edk\u016f. A mnoh\u00e9 rodiny p\u0159ijely s t\u00edm, \u017ee cht\u011bj\u00ed, aby si d\u011bti osobn\u011b vyzkou\u0161ely modern\u00ed voz\u00edky, chod\u00edtka \u010di polohovac\u00ed za\u0159\u00edzen\u00ed.<\/p>\n\n\n\n<p>Fyzioterapeutka Lucie Gregorov\u00e1 oce\u0148uje, \u017ee na jednom m\u00edst\u011b bylo mo\u017en\u00e9 vid\u011bt produkty v\u0161ech nejv\u011bt\u0161\u00edch tuzemsk\u00fdch v\u00fdrobc\u016f a distributor\u016f. P\u0159edstavit je p\u0159ivezly v\u00edce ne\u017e dv\u011b des\u00edtky vystavovatel\u016f. \u201eV\u00fdb\u011br spr\u00e1vn\u00e9 pom\u016fcky je pro rodinu d\u00edt\u011bte s posti\u017een\u00edm z\u00e1sadn\u00edm \u017eivotn\u00edm krokem,\u201c poznamenala Gregorov\u00e1. \u201eNejde jen o technick\u00fd parametr, ale o n\u00e1stroj, kter\u00fd d\u00edt\u011bti umo\u017e\u0148uje zapojit se do hry, usnad\u0148uje rodi\u010d\u016fm ka\u017edodenn\u00ed p\u00e9\u010di a zvy\u0161uje sob\u011bsta\u010dnost d\u00edt\u011bte,\u201c zd\u016fraznila. \u0158editelka po\u0159\u00e1daj\u00edc\u00ed organizace Petra M\u017eourkov\u00e1 zd\u016fraznila, \u017ee v\u00fdhodou je nejen mo\u017enost prakticky a na jednom m\u00edst\u011b vyzkou\u0161et, co d\u011btem vyhovuje. \u201eVeletrh tak\u00e9 umo\u017e\u0148uje sd\u00edlet zku\u0161enosti s lidmi v podobn\u00e9 situaci,\u201c poznamenala.<\/p>\n\n\n\n<p>Rovn\u011b\u017e vystavovatel\u00e9 akci oce\u0148uj\u00ed: osobn\u00ed kontakt je nenahraditeln\u00fd \u2013 a ve srovn\u00e1n\u00ed s v\u00fdb\u011brem pom\u016fcek podle katalogu je mo\u017enost jej\u00edho vyzkou\u0161en\u00ed p\u0159\u00edmo d\u00edt\u011btem kl\u00ed\u010dov\u00e1 pro spr\u00e1vn\u00fd v\u00fdb\u011br.<\/p>\n\n\n\n<p>Milan Holakovsk\u00fd<\/p>\n\n\n\n<p>Pra\u017esk\u00fd den\u00edk<\/p>\n\n\n\n<p><a href=\"https:\/\/prazsky.denik.cz\" target=\"_blank\" rel=\"noreferrer noopener\">https:\/\/prazsky.denik.cz<\/a><\/p>\n","protected":false},"excerpt":{"rendered":"<div class=\"mh-excerpt\"><p>Komunitn\u00ed centrum Matky Terezy na H\u00e1j\u00edch nab\u00eddlo unik\u00e1tn\u00ed setk\u00e1n\u00ed rodin d\u011bt\u00ed s posti\u017een\u00edm s v\u00fdrobci pom\u016fcek, kter\u00e9 jim mohou ulevit. Organizace EDA zde uspo\u0159\u00e1dala veletrh <a class=\"mh-excerpt-more\" href=\"https:\/\/www.invarena.cz\/?p=63688\" title=\"Nad\u011bje pro d\u011bti s handicapem: na H\u00e1j\u00edch se testovaly kompenza\u010dn\u00ed pom\u016fcky\">[&#8230;]<\/a><\/p>\n<\/div>","protected":false},"author":1,"featured_media":13212,"comment_status":"open","ping_status":"closed","sticky":false,"template":"","format":"standard","meta":{"footnotes":""},"categories":[9],"tags":[],"class_list":["post-63688","post","type-post","status-publish","format-standard","has-post-thumbnail","hentry","category-zpravy"],"_links":{"self":[{"href":"https:\/\/www.invarena.cz\/index.php?rest_route=\/wp\/v2\/posts\/63688","targetHints":{"allow":["GET"]}}],"collection":[{"href":"https:\/\/www.invarena.cz\/index.php?rest_route=\/wp\/v2\/posts"}],"about":[{"href":"https:\/\/www.invarena.cz\/index.php?rest_route=\/wp\/v2\/types\/post"}],"author":[{"embeddable":true,"href":"https:\/\/www.invarena.cz\/index.php?rest_route=\/wp\/v2\/users\/1"}],"replies":[{"embeddable":true,"href":"https:\/\/www.invarena.cz\/index.php?rest_route=%2Fwp%2Fv2%2Fcomments&post=63688"}],"version-history":[{"count":0,"href":"https:\/\/www.invarena.cz\/index.php?rest_route=\/wp\/v2\/posts\/63688\/revisions"}],"wp:featuredmedia":[{"embeddable":true,"href":"https:\/\/www.invarena.cz\/index.php?rest_route=\/wp\/v2\/media\/13212"}],"wp:attachment":[{"href":"https:\/\/www.invarena.cz\/index.php?rest_route=%2Fwp%2Fv2%2Fmedia&parent=63688"}],"wp:term":[{"taxonomy":"category","embeddable":true,"href":"https:\/\/www.invarena.cz\/index.php?rest_route=%2Fwp%2Fv2%2Fcategories&post=63688"},{"taxonomy":"post_tag","embeddable":true,"href":"https:\/\/www.invarena.cz\/index.php?rest_route=%2Fwp%2Fv2%2Ftags&post=63688"}],"curies":[{"name":"wp","href":"https:\/\/api.w.org\/{rel}","templated":true}]}}