{"id":63691,"date":"2026-04-20T22:54:44","date_gmt":"2026-04-20T20:54:44","guid":{"rendered":"https:\/\/www.invarena.cz\/?p=63691"},"modified":"2026-04-20T22:54:45","modified_gmt":"2026-04-20T20:54:45","slug":"paralympionici-v-klimkovicich-zahajili-lazenskou-sezonu","status":"publish","type":"post","link":"https:\/\/www.invarena.cz\/?p=63691","title":{"rendered":"Paralympionici v Klimkovic\u00edch. Zah\u00e1jili l\u00e1ze\u0148skou sez\u00f3nu"},"content":{"rendered":"\n<p>V Sanatori\u00edch Klimkovice v sobotu ofici\u00e1ln\u011b odstartovala l\u00e1ze\u0148sk\u00e1 sez\u00f3na. O jej\u00ed otev\u0159en\u00ed se postarali paralympionici. Pod veden\u00edm parasportovc\u016f si z\u00e1jemci mohli vyzkou\u0161et p\u011bt parasport\u016f \u2013 badminton, cyklistiku, stoln\u00ed tenis, sportovn\u00ed st\u0159elbu a bocciu, tedy parasport podobn\u00fd p\u00e9tanque. V n\u011bkter\u00fdch discipl\u00edn\u00e1ch zm\u011b\u0159ili s\u00edly s na\u0161imi \u00fasp\u011b\u0161n\u00fdmi paralympioniky. D\u011btem byl ur\u010den dopoledn\u00ed program, odpoledne si na sv\u00e9 p\u0159i\u0161li dosp\u011bl\u00ed.<\/p>\n\n\n\n<p>\u201eL\u00e1zn\u011b nejsou jen o l\u00e9\u010db\u011b po \u00farazech a operac\u00edch, ale o n\u00e1vratu do aktivn\u00edho \u017eivota. Chceme lidem po \u00farazech uk\u00e1zat, \u017ee jejich situace nemus\u00ed znamenat konec pohybu, ale m\u016f\u017ee b\u00fdt za\u010d\u00e1tkem nov\u00e9 etapy. Pr\u00e1v\u011b setk\u00e1n\u00ed s paralympioniky a mo\u017enost si sport vyzkou\u0161et na vlastn\u00ed k\u016f\u017ei m\u016f\u017ee b\u00fdt t\u00edm impulsem, kter\u00fd \u010dlov\u011bku pom\u016f\u017ee znovu za\u010d\u00edt,\u201c uvedl \u0159editel sanatori\u00ed Jozef Dej\u010d\u00edk.<\/p>\n\n\n\n<p>Hlavn\u00ed \u010d\u00e1st programu se proto nesla v duchu parasport\u016f a aktivn\u00edho zapojen\u00ed lid\u00ed se zdravotn\u00edm handicapem.<\/p>\n\n\n\n<p>Motivace<\/p>\n\n\n\n<p>Sportovn\u00ed akce v sanatori\u00edch za\u0161ti\u0165oval Samuel Waage, projektov\u00fd mana\u017eer \u010cesk\u00e9ho paralympijsk\u00e9ho v\u00fdboru.<\/p>\n\n\n\n<p>\u201eN\u00e1\u0161 projekt Para(Re)Start chce motivovat lidi po \u00faraze k tomu, \u017ee d\u00edky sportu se po nehod\u011b \u010di nemoci rychleji vr\u00e1t\u00ed do b\u011b\u017en\u00e9ho \u017eivota a sn\u00e1ze tak zvl\u00e1dnou novou, \u010dasto obt\u00ed\u017enou, \u017eivotn\u00ed situaci. Na\u0161i reprezentanti za\u010d\u00ednali p\u0159ed dvaceti lety po \u00faraze rehabilitovat bu\u010f v l\u00e1zn\u00edch, nebo rehabilita\u010dn\u00edch \u00fastavech a pr\u00e1v\u011b sport jim uk\u00e1zal, \u017ee mohou za\u010d\u00edt znovu, \u017ee \u00farazem \u017eivot nekon\u010d\u00ed, naopak znovu za\u010d\u00edn\u00e1,\u201c uvedl Samuel Waage.<\/p>\n\n\n\n<p>Jaroslav Perdoch<\/p>\n\n\n\n<p>Moravskoslezsk\u00fd den\u00edk<\/p>\n\n\n\n<p><a href=\"https:\/\/moravskoslezsky.denik.cz\" target=\"_blank\" rel=\"noreferrer noopener\">https:\/\/moravskoslezsky.denik.cz<\/a><\/p>\n","protected":false},"excerpt":{"rendered":"<div class=\"mh-excerpt\"><p>V Sanatori\u00edch Klimkovice v sobotu ofici\u00e1ln\u011b odstartovala l\u00e1ze\u0148sk\u00e1 sez\u00f3na. O jej\u00ed otev\u0159en\u00ed se postarali paralympionici. Pod veden\u00edm parasportovc\u016f si z\u00e1jemci mohli vyzkou\u0161et p\u011bt parasport\u016f \u2013 <a class=\"mh-excerpt-more\" href=\"https:\/\/www.invarena.cz\/?p=63691\" title=\"Paralympionici v Klimkovic\u00edch. Zah\u00e1jili l\u00e1ze\u0148skou sez\u00f3nu\">[&#8230;]<\/a><\/p>\n<\/div>","protected":false},"author":1,"featured_media":6273,"comment_status":"open","ping_status":"closed","sticky":false,"template":"","format":"standard","meta":{"footnotes":""},"categories":[9],"tags":[],"class_list":["post-63691","post","type-post","status-publish","format-standard","has-post-thumbnail","hentry","category-zpravy"],"_links":{"self":[{"href":"https:\/\/www.invarena.cz\/index.php?rest_route=\/wp\/v2\/posts\/63691","targetHints":{"allow":["GET"]}}],"collection":[{"href":"https:\/\/www.invarena.cz\/index.php?rest_route=\/wp\/v2\/posts"}],"about":[{"href":"https:\/\/www.invarena.cz\/index.php?rest_route=\/wp\/v2\/types\/post"}],"author":[{"embeddable":true,"href":"https:\/\/www.invarena.cz\/index.php?rest_route=\/wp\/v2\/users\/1"}],"replies":[{"embeddable":true,"href":"https:\/\/www.invarena.cz\/index.php?rest_route=%2Fwp%2Fv2%2Fcomments&post=63691"}],"version-history":[{"count":0,"href":"https:\/\/www.invarena.cz\/index.php?rest_route=\/wp\/v2\/posts\/63691\/revisions"}],"wp:featuredmedia":[{"embeddable":true,"href":"https:\/\/www.invarena.cz\/index.php?rest_route=\/wp\/v2\/media\/6273"}],"wp:attachment":[{"href":"https:\/\/www.invarena.cz\/index.php?rest_route=%2Fwp%2Fv2%2Fmedia&parent=63691"}],"wp:term":[{"taxonomy":"category","embeddable":true,"href":"https:\/\/www.invarena.cz\/index.php?rest_route=%2Fwp%2Fv2%2Fcategories&post=63691"},{"taxonomy":"post_tag","embeddable":true,"href":"https:\/\/www.invarena.cz\/index.php?rest_route=%2Fwp%2Fv2%2Ftags&post=63691"}],"curies":[{"name":"wp","href":"https:\/\/api.w.org\/{rel}","templated":true}]}}