{"id":63697,"date":"2026-04-20T23:05:54","date_gmt":"2026-04-20T21:05:54","guid":{"rendered":"https:\/\/www.invarena.cz\/?p=63697"},"modified":"2026-04-20T23:05:55","modified_gmt":"2026-04-20T21:05:55","slug":"zorinka-z-plzenska-bojuje-s-neznamou-diagnozou-nemuze-ani-na-piskoviste","status":"publish","type":"post","link":"https:\/\/www.invarena.cz\/?p=63697","title":{"rendered":"Zorinka z Plze\u0148ska bojuje s nezn\u00e1mou diagn\u00f3zou, nem\u016f\u017ee ani na p\u00edskovi\u0161t\u011b"},"content":{"rendered":"\n<p>Rodin\u011b hol\u010di\u010dky pom\u00e1h\u00e1 sb\u00edrka Srdce d\u011btem, kterou po\u0159\u00e1d\u00e1 \u017divot d\u011bt\u00ed ve spolupr\u00e1ci s Lidlem. D\u00edky z\u00e1kazn\u00edk\u016fm m\u00e1 d\u00edvka zaplaceny rehabilitace.<\/p>\n\n\n\n<p>\u010cty\u0159let\u00e1 Zorinka z Plze\u0148ska se od ran\u00e9ho d\u011btstv\u00ed pot\u00fdk\u00e1 s v\u00e1\u017en\u00fdmi v\u00fdvojov\u00fdmi obt\u00ed\u017eemi, jejich\u017e p\u0159\u00ed\u010dina z\u016fst\u00e1v\u00e1 jej\u00ed rodin\u011b i l\u00e9ka\u0159\u016fm dodnes nezn\u00e1m\u00e1. Oslavila ji\u017e sv\u00e9 \u010dtvrt\u00e9 narozeniny, ment\u00e1ln\u011b v\u0161ak z\u016fst\u00e1v\u00e1 na \u00farovni ro\u010dn\u00edho d\u00edt\u011bte. Co je p\u0159\u00ed\u010dinou jej\u00edch pot\u00ed\u017e\u00ed, z\u016fst\u00e1v\u00e1 st\u00e1le z\u00e1hadou, se kterou se rodina musela nau\u010dit \u017e\u00edt. Pom\u00e1h\u00e1 jim sb\u00edrka Srdce d\u011btem, kterou organizace \u017divot d\u011btem po\u0159\u00e1d\u00e1 ve spolupr\u00e1ci se spole\u010dnost\u00ed Lidl \u010cesk\u00e1 republika. D\u00edky n\u00ed mohla Zorinka se sv\u00fdmi bl\u00edzk\u00fdmi letos p\u0159evz\u00edt symbolick\u00fd \u0161ek na 78 000 korun. Pen\u00edze budou vyu\u017eity na rehabilitace.<\/p>\n\n\n\n<p>Vypadala jako zdrav\u00e9 miminko<\/p>\n\n\n\n<p>Rodi\u010de si dceru odv\u00e1\u017eeli z porodnice jako zdrav\u00e9 a spokojen\u00e9 miminko. Prvn\u00ed t\u0159i m\u011bs\u00edce jej\u00edho \u017eivota se zd\u00e1lo b\u00fdt v\u0161e v po\u0159\u00e1dku, nicm\u00e9n\u011b pak si za\u010dali v\u0161\u00edmat drobn\u00fdch detail\u016f. \u201eZorinka p\u0159i le\u017een\u00ed st\u00e1\u010dela hlavi\u010dku st\u00e1le na jednu stranu. Tehdy si v\u0161ichni, v\u010detn\u011b l\u00e9ka\u0159\u016f, mysleli, \u017ee sta\u010d\u00ed p\u00e1r cvik\u016f a v\u0161echno se brzy srovn\u00e1,\u201c uvedla p\u0159edsedkyn\u011b spr\u00e1vn\u00ed rady organizace \u017divot d\u011btem Anna Strnadov\u00e1.<\/p>\n\n\n\n<p>Boj s nezn\u00e1mou diagn\u00f3zou<\/p>\n\n\n\n<p>\u010cas ale plynul a o\u010dek\u00e1van\u00e9 pokroky nep\u0159ich\u00e1zely. Hol\u010di\u010dka nep\u00e1sla kon\u00ed\u010dky, nezvedala hlavi\u010dku a poloha na b\u0159\u00ed\u0161ku pro ni byla tr\u00e1pen\u00edm. Rodi\u010d\u016fm za\u010dalo b\u00fdt jasn\u00e9, \u017ee nejde o b\u011b\u017en\u00e9 opo\u017ed\u011bn\u00ed, ale o v\u00e1\u017en\u011bj\u0161\u00ed probl\u00e9m. Nastal koloto\u010d vy\u0161et\u0159en\u00ed a hospitalizac\u00ed. Ov\u0161em \u017e\u00e1dn\u00e9 z t\u011bchto vy\u0161et\u0159en\u00ed, v\u010detn\u011b magnetick\u00e9 rezonance a lumb\u00e1ln\u00ed punkce, nep\u0159ineslo rodi\u010d\u016fm odpov\u011bdi, co jejich dceru tr\u00e1p\u00ed.<\/p>\n\n\n\n<p>N\u00e1v\u0161t\u011bva d\u011btsk\u00e9ho h\u0159i\u0161t\u011b? Probl\u00e9m<\/p>\n\n\n\n<p>\u201eDo dne\u0161n\u00edho dne Zorinka nemluv\u00ed, neobejde se bez plen a bez pomoci se nenapije ani nenaj\u00ed. Sama dok\u00e1\u017ee uj\u00edt jen n\u011bkolik m\u00e1lo krok\u016f. Nav\u00edc trp\u00ed hyperaktivitou, kter\u00e1 ka\u017ed\u00fd den pro rodi\u010de prom\u011b\u0148uje v n\u00e1ro\u010dn\u00fd maraton. Nezn\u00e1 strach ani opatrnost a \u010dasto si neuv\u011bdomuje nebezpe\u010d\u00ed. Nerozezn\u00e1 v\u00fd\u0161ku schod\u016f, ostr\u00e9 p\u0159edm\u011bty, roh stolu nebo jedouc\u00ed auto. Je jako ne\u0159\u00edzen\u00e1 st\u0159ela, kter\u00e1 pot\u0159ebuje neust\u00e1l\u00fd dohled, aby neubl\u00ed\u017eila sob\u011b nebo sv\u00e9mu okol\u00ed,\u201c popsala Strnadov\u00e1.<\/p>\n\n\n\n<p>Doplnila, \u017ee kv\u016fli impulzivit\u011b a zv\u011bdavosti hol\u010di\u010dky, kter\u00e1 ochutn\u00e1v\u00e1 v\u0161e, co j\u00ed p\u0159ijde pod ruku, nap\u0159\u00edklad p\u00edsek na h\u0159i\u0161ti, mus\u00ed rodina z obce nedaleko Plzn\u011b \u017e\u00edt v ur\u010dit\u00e9 soci\u00e1ln\u00ed izolaci. B\u011b\u017en\u00e1 n\u00e1v\u0161t\u011bva d\u011btsk\u00e9ho h\u0159i\u0161t\u011b nebo zapojen\u00ed do jin\u00e9ho d\u011btsk\u00e9ho kolektivu jsou pro n\u011b t\u00e9m\u011b\u0159 nemo\u017en\u00e9, p\u0159\u00edpadn\u011b alespo\u0148 velmi n\u00e1ro\u010dn\u00e9.<\/p>\n\n\n\n<p>Rodi\u010de se nevzd\u00e1vaj\u00ed<\/p>\n\n\n\n<p>Zorinka je i p\u0159es sv\u016fj hendikep ve sv\u00e9m vlastn\u00edm sv\u011bt\u011b \u0161\u0165astn\u00e1 a usm\u011bvav\u00e1. Nyn\u00ed ji \u010dek\u00e1 dal\u0161\u00ed velk\u00e1 v\u00fdzva \u2013 zkusit se nau\u010dit komunikovat pomoc\u00ed obr\u00e1zk\u016f, aby dok\u00e1zala vyj\u00e1d\u0159it sv\u00e9 z\u00e1kladn\u00ed pot\u0159eby, jako je hlad nebo \u017e\u00edze\u0148. K tomu, aby se Zorinka mohla posouvat d\u00e1l, jsou v\u0161ak nezbytn\u00e9 n\u00e1kladn\u00e9 terapie, kter\u00e9 poji\u0161\u0165ovny nehrad\u00ed. Kl\u00ed\u010dovou roli pro jej\u00ed rozvoj hraj\u00ed ergoterapie, logopedie, rehabilitace, plav\u00e1n\u00ed a hipoterapie. Rodi\u010de s l\u00e1skou a trp\u011blivost\u00ed bojuj\u00ed za ka\u017ed\u00fd mal\u00fd z\u00e1zrak a jej\u00ed maminka m\u00e1 jedin\u00e9 p\u0159\u00e1n\u00ed: \u201eAby se o sebe jednou dok\u00e1zala alespo\u0148 trochu postarat a byla v \u017eivot\u011b \u0161\u0165astn\u00e1.\u201c<\/p>\n\n\n\n<p>Nad\u011bje d\u00edky Srdci d\u011btem<\/p>\n\n\n\n<p>Sb\u00edrku Srdce d\u011btem ka\u017ed\u00fd rok na podzim po\u0159\u00e1d\u00e1 organizace \u017divot d\u011btem ve spolupr\u00e1ci s Lidl \u010cesk\u00e1 republika. \u201eZ\u00e1kazn\u00edci si v tomto obdob\u00ed mohou u pokladny obchodn\u00edho \u0159et\u011bzce zakoupit darovac\u00ed samolepku ve tvaru srd\u00ed\u010dka v hodnot\u011b 30 korun nebo p\u0159isp\u011bt p\u0159\u00edmo na \u00fa\u010det dobrovolnou \u010d\u00e1stkou. V minul\u00e9m roce z\u00e1kazn\u00edci a spole\u010dnost Lidl \u010cesk\u00e1 republika spole\u010dn\u011b darovali 40 milion\u016f korun. Za patn\u00e1ct let vynesla sb\u00edrka Srdce d\u011btem pro nemocn\u00e9 d\u011bti obdivuhodnou \u010d\u00e1stku p\u0159evy\u0161uj\u00edc\u00ed 400 milion\u016f korun,\u201c zbilancovala Strnadov\u00e1.<\/p>\n\n\n\n<p>\u0160ek pom\u016f\u017ee hradit l\u00e9\u010dbu<\/p>\n\n\n\n<p>Symbolick\u00fd \u0161ek rodin\u011b Zorinky v b\u0159eznu leto\u0161n\u00edho roku osobn\u011b p\u0159edali z\u00e1stupci Lidl \u010cesk\u00e1 republika, region\u00e1ln\u00ed mana\u017eer Luk\u00e1\u0161 Zelinka a mana\u017eerka plze\u0148sk\u00e9 prodejny Jana \u010cevelov\u00e1. Darovan\u00e1 \u010d\u00e1stka rodin\u011b pom\u016f\u017ee hradit l\u00e9\u010dbu v Centru H\u00e1jek, kde m\u00e1 Zorinka k dispozici v\u011bt\u0161inu nezbytn\u00fdch rehabilitac\u00ed a doprovodn\u00fdch terapi\u00ed pod jednou st\u0159echou.<\/p>\n\n\n\n<p>Milan Kili\u00e1n<\/p>\n\n\n\n<p>Plze\u0148sk\u00fd den\u00edk<\/p>\n\n\n\n<p><a href=\"https:\/\/plzensky.denik.cz\" target=\"_blank\" rel=\"noreferrer noopener\">https:\/\/plzensky.denik.cz<\/a><\/p>\n","protected":false},"excerpt":{"rendered":"<div class=\"mh-excerpt\"><p>Rodin\u011b hol\u010di\u010dky pom\u00e1h\u00e1 sb\u00edrka Srdce d\u011btem, kterou po\u0159\u00e1d\u00e1 \u017divot d\u011bt\u00ed ve spolupr\u00e1ci s Lidlem. D\u00edky z\u00e1kazn\u00edk\u016fm m\u00e1 d\u00edvka zaplaceny rehabilitace. \u010cty\u0159let\u00e1 Zorinka z Plze\u0148ska se <a class=\"mh-excerpt-more\" href=\"https:\/\/www.invarena.cz\/?p=63697\" title=\"Zorinka z Plze\u0148ska bojuje s nezn\u00e1mou diagn\u00f3zou, nem\u016f\u017ee ani na p\u00edskovi\u0161t\u011b\">[&#8230;]<\/a><\/p>\n<\/div>","protected":false},"author":1,"featured_media":29842,"comment_status":"open","ping_status":"closed","sticky":false,"template":"","format":"standard","meta":{"footnotes":""},"categories":[9],"tags":[],"class_list":["post-63697","post","type-post","status-publish","format-standard","has-post-thumbnail","hentry","category-zpravy"],"_links":{"self":[{"href":"https:\/\/www.invarena.cz\/index.php?rest_route=\/wp\/v2\/posts\/63697","targetHints":{"allow":["GET"]}}],"collection":[{"href":"https:\/\/www.invarena.cz\/index.php?rest_route=\/wp\/v2\/posts"}],"about":[{"href":"https:\/\/www.invarena.cz\/index.php?rest_route=\/wp\/v2\/types\/post"}],"author":[{"embeddable":true,"href":"https:\/\/www.invarena.cz\/index.php?rest_route=\/wp\/v2\/users\/1"}],"replies":[{"embeddable":true,"href":"https:\/\/www.invarena.cz\/index.php?rest_route=%2Fwp%2Fv2%2Fcomments&post=63697"}],"version-history":[{"count":0,"href":"https:\/\/www.invarena.cz\/index.php?rest_route=\/wp\/v2\/posts\/63697\/revisions"}],"wp:featuredmedia":[{"embeddable":true,"href":"https:\/\/www.invarena.cz\/index.php?rest_route=\/wp\/v2\/media\/29842"}],"wp:attachment":[{"href":"https:\/\/www.invarena.cz\/index.php?rest_route=%2Fwp%2Fv2%2Fmedia&parent=63697"}],"wp:term":[{"taxonomy":"category","embeddable":true,"href":"https:\/\/www.invarena.cz\/index.php?rest_route=%2Fwp%2Fv2%2Fcategories&post=63697"},{"taxonomy":"post_tag","embeddable":true,"href":"https:\/\/www.invarena.cz\/index.php?rest_route=%2Fwp%2Fv2%2Ftags&post=63697"}],"curies":[{"name":"wp","href":"https:\/\/api.w.org\/{rel}","templated":true}]}}