{"id":63715,"date":"2026-04-22T23:00:47","date_gmt":"2026-04-22T21:00:47","guid":{"rendered":"https:\/\/www.invarena.cz\/?p=63715"},"modified":"2026-04-22T23:00:47","modified_gmt":"2026-04-22T21:00:47","slug":"v-arealu-skolky-na-zahradnim-meste-vznikne-denni-stacionar-pro-mlade-lidi-s-postizenim","status":"publish","type":"post","link":"https:\/\/www.invarena.cz\/?p=63715","title":{"rendered":"V are\u00e1lu \u0161kolky na Zahradn\u00edm M\u011bst\u011b vznikne denn\u00ed stacion\u00e1\u0159 pro mlad\u00e9 lidi s\u00a0posti\u017een\u00edm"},"content":{"rendered":"\n<p>Na Zahradn\u00edm M\u011bst\u011b v are\u00e1lu mate\u0159sk\u00e9 \u0161koly Chmelov\u00e1 pl\u00e1nuje Praha 10 spolu s magistr\u00e1tem postavit zhruba do t\u0159\u00ed let denn\u00ed stacion\u00e1\u0159 ur\u010den\u00fd pro mlad\u00e9 lidi od 16 let s kombinovan\u00fdm posti\u017een\u00edm. M\u011bstsk\u00e1 \u010d\u00e1st zajist\u00ed p\u0159\u00edpravu projektov\u00e9 dokumentace a magistr\u00e1t by pot\u00e9 m\u011bl p\u0159evz\u00edt samotnou v\u00fdstavbu a n\u00e1sledn\u00fd provoz. Z\u00e1stupci radnice i magistr\u00e1tu k tomu po st\u0159ede\u010dn\u00edm poledni podepsali memorandu, server Pra\u017esk\u00fd patriot byl u toho.<\/p>\n\n\n\n<p>Cel\u00fd \u010dl\u00e1nek naleznete v Pra\u017esk\u00e9m Patriotu: <a href=\"https:\/\/www.prazskypatriot.cz\/v-arealu-skolky-na-zahradnim-meste-vznikne-denni-stacionar-pro-mlade-lidi-s-postizenim\/\" target=\"_blank\" rel=\"noreferrer noopener\">https:\/\/www.prazskypatriot.cz\/v-arealu-skolky-na-zahradnim-meste-vznikne-denni-stacionar-pro-mlade-lidi-s-postizenim\/<\/a><\/p>\n","protected":false},"excerpt":{"rendered":"<div class=\"mh-excerpt\"><p>Na Zahradn\u00edm M\u011bst\u011b v are\u00e1lu mate\u0159sk\u00e9 \u0161koly Chmelov\u00e1 pl\u00e1nuje Praha 10 spolu s magistr\u00e1tem postavit zhruba do t\u0159\u00ed let denn\u00ed stacion\u00e1\u0159 ur\u010den\u00fd pro mlad\u00e9 lidi <a class=\"mh-excerpt-more\" href=\"https:\/\/www.invarena.cz\/?p=63715\" title=\"V are\u00e1lu \u0161kolky na Zahradn\u00edm M\u011bst\u011b vznikne denn\u00ed stacion\u00e1\u0159 pro mlad\u00e9 lidi s\u00a0posti\u017een\u00edm\">[&#8230;]<\/a><\/p>\n<\/div>","protected":false},"author":1,"featured_media":4001,"comment_status":"open","ping_status":"closed","sticky":false,"template":"","format":"standard","meta":{"footnotes":""},"categories":[9],"tags":[],"class_list":["post-63715","post","type-post","status-publish","format-standard","has-post-thumbnail","hentry","category-zpravy"],"_links":{"self":[{"href":"https:\/\/www.invarena.cz\/index.php?rest_route=\/wp\/v2\/posts\/63715","targetHints":{"allow":["GET"]}}],"collection":[{"href":"https:\/\/www.invarena.cz\/index.php?rest_route=\/wp\/v2\/posts"}],"about":[{"href":"https:\/\/www.invarena.cz\/index.php?rest_route=\/wp\/v2\/types\/post"}],"author":[{"embeddable":true,"href":"https:\/\/www.invarena.cz\/index.php?rest_route=\/wp\/v2\/users\/1"}],"replies":[{"embeddable":true,"href":"https:\/\/www.invarena.cz\/index.php?rest_route=%2Fwp%2Fv2%2Fcomments&post=63715"}],"version-history":[{"count":0,"href":"https:\/\/www.invarena.cz\/index.php?rest_route=\/wp\/v2\/posts\/63715\/revisions"}],"wp:featuredmedia":[{"embeddable":true,"href":"https:\/\/www.invarena.cz\/index.php?rest_route=\/wp\/v2\/media\/4001"}],"wp:attachment":[{"href":"https:\/\/www.invarena.cz\/index.php?rest_route=%2Fwp%2Fv2%2Fmedia&parent=63715"}],"wp:term":[{"taxonomy":"category","embeddable":true,"href":"https:\/\/www.invarena.cz\/index.php?rest_route=%2Fwp%2Fv2%2Fcategories&post=63715"},{"taxonomy":"post_tag","embeddable":true,"href":"https:\/\/www.invarena.cz\/index.php?rest_route=%2Fwp%2Fv2%2Ftags&post=63715"}],"curies":[{"name":"wp","href":"https:\/\/api.w.org\/{rel}","templated":true}]}}