{"id":63730,"date":"2026-04-22T23:31:46","date_gmt":"2026-04-22T21:31:46","guid":{"rendered":"https:\/\/www.invarena.cz\/?p=63730"},"modified":"2026-04-22T23:31:47","modified_gmt":"2026-04-22T21:31:47","slug":"zdarska-knihovna-chysta-zazitkovy-program-knihovna-potme-o-zivote-nevidomych","status":"publish","type":"post","link":"https:\/\/www.invarena.cz\/?p=63730","title":{"rendered":"\u017d\u010f\u00e1rsk\u00e1 knihovna chyst\u00e1 z\u00e1\u017eitkov\u00fd program \u201eKnihovna potm\u011b\u201c o \u017eivot\u011b nevidom\u00fdch"},"content":{"rendered":"\n<p>Knihovna Mat\u011bje Josefa Sychry ve \u017d\u010f\u00e1ru nad S\u00e1zavou p\u0159ipravuje na p\u00e1tek z\u00e1\u017eitkov\u00fd program s n\u00e1zvem \u201eKnihovna potm\u011b \u2013 spolu vid\u00edme v\u00edc\u201c, kter\u00fd m\u00e1 ve\u0159ejnosti p\u0159ibl\u00ed\u017eit \u017eivot lid\u00ed se zrakov\u00fdm posti\u017een\u00edm. nab\u00eddne n\u00e1v\u0161t\u011bvn\u00edk\u016fm mo\u017enost za\u017e\u00edt knihovnu prost\u0159ednictv\u00edm jin\u00fdch smysl\u016f ne\u017e zraku.<\/p>\n\n\n\n<p>Program vznikl ve spolupr\u00e1ci se \u017e\u010f\u00e1rsk\u00fdm pracovi\u0161t\u011bm Spole\u010dnost pro ranou p\u00e9\u010di. Podle \u0159editelky knihovny Martiny Sedl\u00e1kov\u00e9 je c\u00edlem akce otev\u0159\u00edt t\u00e9ma nevidom\u00fdch a slu\u017eeb pro zrakov\u011b posti\u017een\u00e9 ve\u0159ejnosti nen\u00e1silnou a z\u00e1\u017eitkovou formou.<\/p>\n\n\n\n<p>\u00da\u010dastn\u00edci si budou moci vyzkou\u0161et pohyb po knihovn\u011b se zav\u00e1zan\u00fdma o\u010dima, hry zalo\u017een\u00e9 na hmatu, \u010dichu a sluchu nebo ochutn\u00e1vky j\u00eddel p\u0159ipraven\u00fdch d\u011btsk\u00fdm krou\u017ekem Mal\u00fd masterchef.<\/p>\n\n\n\n<p>Sou\u010d\u00e1st\u00ed programu bude tak\u00e9 koncert t\u0159in\u00e1ctilet\u00e9 nevidom\u00e9 b\u00fdval\u00e9 klientky ran\u00e9 p\u00e9\u010de Chloe Markov\u00e9. \u201eBudeme tady m\u00edt i fotografa se zbytky zraku, kter\u00fd bude m\u00edt svoji v\u00fdstavu. A bude s n\u00edm i debata,&#8220; \u0159ekla Sedl\u00e1kov\u00e1.<\/p>\n\n\n\n<p>Sou\u010d\u00e1st\u00ed akce je tak\u00e9 prezentace slu\u017eeb knihovny pro nevidom\u00e9 a slabozrak\u00e9, mezi n\u011b\u017e pat\u0159\u00ed nap\u0159\u00edklad bezplatn\u00e9 p\u016fj\u010dov\u00e1n\u00ed audioknih nebo knih v Braillov\u011b p\u00edsmu.<\/p>\n\n\n\n<p>V\u00fdt\u011b\u017eek z dobrovoln\u00e9ho vstupn\u00e9ho bude pou\u017eit na vznik m\u00edstnost\u00ed pro multisenzorickou stimulaci, kter\u00e9 maj\u00ed pom\u00e1hat lidem se zrakov\u00fdm \u010di kombinovan\u00fdm posti\u017een\u00edm. Podle organiz\u00e1tor\u016f m\u00e1 akce mimo jin\u00e9 upozornit na rostouc\u00ed po\u010det klient\u016f slu\u017eby ran\u00e9 p\u00e9\u010de, jejich\u017e po\u010det se v regionu v posledn\u00edch letech zdvojn\u00e1sobil.<\/p>\n\n\n\n<p>Knihovna potm\u011b \u2013 spolu vid\u00edme v\u00edc<\/p>\n\n\n\n<p>p\u00e1tek 24. dubna v 17:00<\/p>\n\n\n\n<p>Knihovna Mat\u011bje Josefa Sychry, odd\u011blen\u00ed pro dosp\u011bl\u00e9<\/p>\n\n\n\n<p>vstupn\u00e9 dobrovoln\u00e9<\/p>\n\n\n\n<p>\u010cTK<\/p>\n\n\n\n<p>\u017d\u010f\u00e1rsk\u00fd den\u00edk<\/p>\n\n\n\n<p><a href=\"https:\/\/zdarsky.denik.cz\" target=\"_blank\" rel=\"noreferrer noopener\">https:\/\/zdarsky.denik.cz<\/a><\/p>\n","protected":false},"excerpt":{"rendered":"<div class=\"mh-excerpt\"><p>Knihovna Mat\u011bje Josefa Sychry ve \u017d\u010f\u00e1ru nad S\u00e1zavou p\u0159ipravuje na p\u00e1tek z\u00e1\u017eitkov\u00fd program s n\u00e1zvem \u201eKnihovna potm\u011b \u2013 spolu vid\u00edme v\u00edc\u201c, kter\u00fd m\u00e1 ve\u0159ejnosti p\u0159ibl\u00ed\u017eit <a class=\"mh-excerpt-more\" href=\"https:\/\/www.invarena.cz\/?p=63730\" title=\"\u017d\u010f\u00e1rsk\u00e1 knihovna chyst\u00e1 z\u00e1\u017eitkov\u00fd program \u201eKnihovna potm\u011b\u201c o \u017eivot\u011b nevidom\u00fdch\">[&#8230;]<\/a><\/p>\n<\/div>","protected":false},"author":1,"featured_media":15222,"comment_status":"open","ping_status":"closed","sticky":false,"template":"","format":"standard","meta":{"footnotes":""},"categories":[9],"tags":[],"class_list":["post-63730","post","type-post","status-publish","format-standard","has-post-thumbnail","hentry","category-zpravy"],"_links":{"self":[{"href":"https:\/\/www.invarena.cz\/index.php?rest_route=\/wp\/v2\/posts\/63730","targetHints":{"allow":["GET"]}}],"collection":[{"href":"https:\/\/www.invarena.cz\/index.php?rest_route=\/wp\/v2\/posts"}],"about":[{"href":"https:\/\/www.invarena.cz\/index.php?rest_route=\/wp\/v2\/types\/post"}],"author":[{"embeddable":true,"href":"https:\/\/www.invarena.cz\/index.php?rest_route=\/wp\/v2\/users\/1"}],"replies":[{"embeddable":true,"href":"https:\/\/www.invarena.cz\/index.php?rest_route=%2Fwp%2Fv2%2Fcomments&post=63730"}],"version-history":[{"count":0,"href":"https:\/\/www.invarena.cz\/index.php?rest_route=\/wp\/v2\/posts\/63730\/revisions"}],"wp:featuredmedia":[{"embeddable":true,"href":"https:\/\/www.invarena.cz\/index.php?rest_route=\/wp\/v2\/media\/15222"}],"wp:attachment":[{"href":"https:\/\/www.invarena.cz\/index.php?rest_route=%2Fwp%2Fv2%2Fmedia&parent=63730"}],"wp:term":[{"taxonomy":"category","embeddable":true,"href":"https:\/\/www.invarena.cz\/index.php?rest_route=%2Fwp%2Fv2%2Fcategories&post=63730"},{"taxonomy":"post_tag","embeddable":true,"href":"https:\/\/www.invarena.cz\/index.php?rest_route=%2Fwp%2Fv2%2Ftags&post=63730"}],"curies":[{"name":"wp","href":"https:\/\/api.w.org\/{rel}","templated":true}]}}