{"id":63733,"date":"2026-04-22T23:37:56","date_gmt":"2026-04-22T21:37:56","guid":{"rendered":"https:\/\/www.invarena.cz\/?p=63733"},"modified":"2026-04-22T23:37:56","modified_gmt":"2026-04-22T21:37:56","slug":"zlinsky-kraj-letos-vyrazne-zvysi-podporu-paliativni-pece-rozdeli-deset-milionu","status":"publish","type":"post","link":"https:\/\/www.invarena.cz\/?p=63733","title":{"rendered":"Zl\u00ednsk\u00fd kraj letos v\u00fdrazn\u011b zv\u00fd\u0161\u00ed podporu paliativn\u00ed p\u00e9\u010de, rozd\u011bl\u00ed deset milion\u016f"},"content":{"rendered":"\n<p>Zl\u00ednsk\u00fd kraj finan\u010dn\u011b pom\u016f\u017ee organizac\u00edm v regionu, kter\u00e9 poskytuj\u00ed paliativn\u00ed p\u00e9\u010di nevyl\u00e9\u010diteln\u011b nemocn\u00fdm lidem a jejich rodin\u00e1m. Rada odsouhlasila podporu pro sedm provozovatel\u016f v celkov\u00e9 v\u00fd\u0161i 10,225 milionu korun. P\u0159id\u011blen\u00ed dotac\u00ed mus\u00ed ve v\u011bt\u0161in\u011b p\u0159\u00edpad\u016f schv\u00e1lit je\u0161t\u011b krajsk\u00e9 zastupitelstvo, kter\u00e9 se sejde v pond\u011bl\u00ed 4. kv\u011btna. Paliativn\u00ed p\u00e9\u010de je zam\u011b\u0159en\u00e1 na nevyl\u00e9\u010diteln\u011b nemocn\u00e9 a jejich rodiny.<\/p>\n\n\n\n<p>&#8222;Postupn\u00e9 st\u00e1rnut\u00ed populace nejen v na\u0161em kraji jasn\u011b ukazuje, jak d\u016fle\u017eit\u00e1 je paliativn\u00ed p\u00e9\u010de. Mus\u00edme proto rozvoj t\u00e9to p\u00e9\u010de podporovat a zajistit jej\u00ed dostupnost v regionu. V p\u0159edchoz\u00edch letech jsme tak \u010dinili prost\u0159ednictv\u00edm individu\u00e1ln\u00edch dotac\u00ed, letos poprv\u00e9 jsme p\u0159i\u0161li s programovou podporou, a hlavn\u011b jsme tuto podporu nav\u00fd\u0161ili v\u00edce ne\u017e p\u011btin\u00e1sobn\u011b,&#8220; uvedl hejtman Radim Holi\u0161.<\/p>\n\n\n\n<p>Pokud zastupitel\u00e9 navr\u017een\u00e9 dotace schv\u00e1l\u00ed, z\u00edskaj\u00ed je Dom\u00e1c\u00ed hospic Anton\u00ednek spadaj\u00edc\u00ed pod Charitu Uhersk\u00e9 Hradi\u0161t\u011b, Mobiln\u00ed hospic Strom \u017eivota pat\u0159\u00edc\u00ed pod organizaci And\u011bl\u00e9 Stromu \u017eivota, Centrum pro l\u00e9\u010dbu bolesti a paliativn\u00ed medic\u00ednu, PAHOP \u2013 Zdravotn\u00ed \u00fastav paliativn\u00ed a hospicov\u00e9 p\u00e9\u010de, vset\u00ednsk\u00e9 st\u0159edisko Diakonie \u010cCE pro Dom\u00e1c\u00ed hospic Dev\u011btsil a tak\u00e9 Hospic Hv\u011bzda provozovan\u00fd stejnojmennou organizac\u00ed. Diakonie Vala\u0161sk\u00e9 Mezi\u0159\u00ed\u010d\u00ed pro sv\u016fj Hospic Citadela dotaci z\u00edskala p\u0159\u00edmo rozhodnut\u00edm rady, proto\u017ee jako jedin\u00e1 dostane m\u00e9n\u011b ne\u017e milion korun.<\/p>\n\n\n\n<p>Organizace pen\u00edze vyu\u017eij\u00ed na pokryt\u00ed n\u00e1klad\u016f, kter\u00e9 nehrad\u00ed zdravotn\u00ed poji\u0161\u0165ovny, zejm\u00e9na na mzdy nezdravotnick\u00e9ho person\u00e1lu, provoz aut pot\u0159ebn\u00fdch pro v\u00fdjezdy k pacient\u016fm \u010di nep\u0159etr\u017eitou pohotovost.<\/p>\n\n\n\n<p>&#8222;Paliativn\u00ed p\u00e9\u010de m\u00e1 velk\u00fd v\u00fdznam nejen pro samotn\u00e9 pacienty, ale tak\u00e9 pro jejich bl\u00edzk\u00e9, kter\u00fdm pom\u00e1h\u00e1 zvl\u00e1dat velmi n\u00e1ro\u010dn\u00e9 \u017eivotn\u00ed obdob\u00ed. Chceme, aby lid\u00e9 ve Zl\u00ednsk\u00e9m kraji m\u011bli mo\u017enost d\u016fstojn\u00e9 a dostupn\u00e9 p\u00e9\u010de v z\u00e1v\u011bru \u017eivota, ide\u00e1ln\u011b v dom\u00e1c\u00edm prost\u0159ed\u00ed, pokud si to p\u0159ej\u00ed. I proto pova\u017eujeme podporu t\u011bchto slu\u017eeb za jednu z priorit v soci\u00e1ln\u00ed oblasti,&#8220; uvedla n\u00e1m\u011bstkyn\u011b hejtmana Eli\u0161ka Ol\u0161\u00e1kov\u00e1.<\/p>\n\n\n\n<p>Kraj podporuje tak\u00e9 vzd\u011bl\u00e1v\u00e1n\u00ed v paliativn\u00ed p\u00e9\u010di a o\u0161et\u0159ovatelstv\u00ed formou kurz\u016f, semin\u00e1\u0159\u016f a dal\u0161\u00edch aktivit. O dotaci mohou \u017e\u00e1dat domovy pro seniory, domovy se zvl\u00e1\u0161tn\u00edm re\u017eimem nebo domovy pro osoby se zdravotn\u00edm posti\u017een\u00edm. &#8222;Po\u010det klient\u016f v pobytov\u00fdch soci\u00e1ln\u00edch slu\u017eb\u00e1ch, kte\u0159\u00ed pot\u0159ebuj\u00ed n\u00e1ro\u010dnou a komplexn\u00ed p\u00e9\u010di, dlouhodob\u011b roste. To klade st\u00e1le v\u011bt\u0161\u00ed n\u00e1roky na pe\u010dovatelsk\u00fd i zdravotnick\u00fd person\u00e1l. Kvalitn\u00ed vzd\u011bl\u00e1v\u00e1n\u00ed pracovn\u00edk\u016f v oblasti paliativn\u00ed p\u00e9\u010de a o\u0161et\u0159ovatelstv\u00ed je tak kl\u00ed\u010dov\u00e9 nejen pro zaji\u0161t\u011bn\u00ed odborn\u00e9 p\u00e9\u010de, ale tak\u00e9 komfortu klient\u016f v z\u00e1v\u011bru jejich \u017eivota,&#8220; uvedla Ol\u0161\u00e1kov\u00e1.<\/p>\n\n\n\n<p>\u010cTK<\/p>\n\n\n\n<p>Zl\u00ednsk\u00fd den\u00edk<\/p>\n\n\n\n<p><a href=\"https:\/\/zlinsky.denik.cz\" target=\"_blank\" rel=\"noreferrer noopener\">https:\/\/zlinsky.denik.cz<\/a><\/p>\n","protected":false},"excerpt":{"rendered":"<div class=\"mh-excerpt\"><p>Zl\u00ednsk\u00fd kraj finan\u010dn\u011b pom\u016f\u017ee organizac\u00edm v regionu, kter\u00e9 poskytuj\u00ed paliativn\u00ed p\u00e9\u010di nevyl\u00e9\u010diteln\u011b nemocn\u00fdm lidem a jejich rodin\u00e1m. Rada odsouhlasila podporu pro sedm provozovatel\u016f v celkov\u00e9 <a class=\"mh-excerpt-more\" href=\"https:\/\/www.invarena.cz\/?p=63733\" title=\"Zl\u00ednsk\u00fd kraj letos v\u00fdrazn\u011b zv\u00fd\u0161\u00ed podporu paliativn\u00ed p\u00e9\u010de, rozd\u011bl\u00ed deset milion\u016f\">[&#8230;]<\/a><\/p>\n<\/div>","protected":false},"author":1,"featured_media":14570,"comment_status":"open","ping_status":"closed","sticky":false,"template":"","format":"standard","meta":{"footnotes":""},"categories":[9],"tags":[],"class_list":["post-63733","post","type-post","status-publish","format-standard","has-post-thumbnail","hentry","category-zpravy"],"_links":{"self":[{"href":"https:\/\/www.invarena.cz\/index.php?rest_route=\/wp\/v2\/posts\/63733","targetHints":{"allow":["GET"]}}],"collection":[{"href":"https:\/\/www.invarena.cz\/index.php?rest_route=\/wp\/v2\/posts"}],"about":[{"href":"https:\/\/www.invarena.cz\/index.php?rest_route=\/wp\/v2\/types\/post"}],"author":[{"embeddable":true,"href":"https:\/\/www.invarena.cz\/index.php?rest_route=\/wp\/v2\/users\/1"}],"replies":[{"embeddable":true,"href":"https:\/\/www.invarena.cz\/index.php?rest_route=%2Fwp%2Fv2%2Fcomments&post=63733"}],"version-history":[{"count":0,"href":"https:\/\/www.invarena.cz\/index.php?rest_route=\/wp\/v2\/posts\/63733\/revisions"}],"wp:featuredmedia":[{"embeddable":true,"href":"https:\/\/www.invarena.cz\/index.php?rest_route=\/wp\/v2\/media\/14570"}],"wp:attachment":[{"href":"https:\/\/www.invarena.cz\/index.php?rest_route=%2Fwp%2Fv2%2Fmedia&parent=63733"}],"wp:term":[{"taxonomy":"category","embeddable":true,"href":"https:\/\/www.invarena.cz\/index.php?rest_route=%2Fwp%2Fv2%2Fcategories&post=63733"},{"taxonomy":"post_tag","embeddable":true,"href":"https:\/\/www.invarena.cz\/index.php?rest_route=%2Fwp%2Fv2%2Ftags&post=63733"}],"curies":[{"name":"wp","href":"https:\/\/api.w.org\/{rel}","templated":true}]}}