{"id":63736,"date":"2026-04-22T23:42:54","date_gmt":"2026-04-22T21:42:54","guid":{"rendered":"https:\/\/www.invarena.cz\/?p=63736"},"modified":"2026-04-22T23:42:54","modified_gmt":"2026-04-22T21:42:54","slug":"verdikt-nad-byvalou-reditelkou-usteckeho-stacionare-prezkouma-nejvyssi-soud","status":"publish","type":"post","link":"https:\/\/www.invarena.cz\/?p=63736","title":{"rendered":"Verdikt nad b\u00fdvalou \u0159editelkou \u00fasteck\u00e9ho stacion\u00e1\u0159e p\u0159ezkoum\u00e1 Nejvy\u0161\u0161\u00ed soud"},"content":{"rendered":"\n<p>Verdikt nad b\u00fdvalou \u0159editelkou denn\u00edho stacion\u00e1\u0159e v \u00dast\u00ed nad Labem Dagmar Bro\u017eovou p\u0159ezkoum\u00e1 Nejvy\u0161\u0161\u00ed soud. Bro\u017eov\u00e1 dostala pen\u011b\u017eit\u00fd trest a z\u00e1kaz \u010dinnosti za to, \u017ee soukrom\u011b vyu\u017e\u00edvala automobily koupen\u00e9 pro stacion\u00e1\u0159. Podala dovol\u00e1n\u00ed, kter\u00e9 Nejvy\u0161\u0161\u00ed soud obdr\u017eel koncem minul\u00e9ho t\u00fddne, zjistila \u010cTK z justi\u010dn\u00ed datab\u00e1ze.<\/p>\n\n\n\n<p>Krajsk\u00fd soud v \u00dast\u00ed nad Labem \u010din kvalifikoval jako pokus o dota\u010dn\u00ed podvod a po\u0161kozov\u00e1n\u00ed z\u00e1jm\u016f Evropsk\u00e9 unie. Ulo\u017eil Bro\u017eov\u00e9 pen\u011b\u017eit\u00fd trest 800.000 korun. Nav\u00edc nesm\u00ed t\u0159i roky pracovat ve statut\u00e1rn\u00edch org\u00e1nech obecn\u011b prosp\u011b\u0161n\u00fdch organizac\u00ed. Verdikt potvrdil loni v listopadu Vrchn\u00ed soud v Praze.<\/p>\n\n\n\n<p>Stacion\u00e1\u0159 Helias poskytuje v \u00dast\u00ed nad Labem slu\u017eby lidem s t\u011blesn\u00fdm a ment\u00e1ln\u00edm posti\u017een\u00edm. Bro\u017eov\u00e1 u hlavn\u00edho l\u00ed\u010den\u00ed p\u0159iznala, \u017ee ud\u011blala chybu, kdy\u017e p\u00e1rkr\u00e1t pou\u017eila auta pro osobn\u00ed \u00fa\u010dely. Odm\u00edtla v\u0161ak obvin\u011bn\u00ed, \u017ee cht\u011bla \u00famysln\u011b po\u0161kozovat dota\u010dn\u00ed program.<\/p>\n\n\n\n<p>Automobily st\u00e1ly celkem 2,8 milionu korun. \u017d\u00e1dost o p\u0159\u00edsp\u011bvek od Evropsk\u00e9 unie byl na 2,5 milionu korun, zbytek m\u011bla pokr\u00fdt st\u00e1tn\u00ed dotace. Pen\u00edze nebyly proplaceny, \u017e\u00e1dn\u00e1 \u0161koda tak nakonec nevznikla.<\/p>\n\n\n\n<p>Krajsk\u00fd soud uvedl, \u017ee projekt byl nepochybn\u011b \u00fa\u010deln\u00fd. Soudu nevadila ani volba konkr\u00e9tn\u00edho typu vozu. \u0160koda Enyaq je vy\u0161\u0161\u00ed automobil s \u00falo\u017en\u00fdm prostorem a je vhodn\u00fd pro pot\u0159eby zdravotn\u011b znev\u00fdhodn\u011bn\u00fdch. Bro\u017eov\u00e1 ale podle rozsudku nedodr\u017eela a nerespektovala podm\u00ednky dotace, jej\u00edm\u017e smyslem bylo zkvalitnit a zefektivnit soci\u00e1ln\u00ed ter\u00e9nn\u00ed slu\u017eby formou osobn\u00ed asistence a slu\u017eeb denn\u00edho stacion\u00e1\u0159e.<\/p>\n\n\n\n<p>\u010cTK<\/p>\n\n\n\n<p>\u00dasteck\u00fd den\u00edk<\/p>\n\n\n\n<p><a href=\"https:\/\/ustecky.denik.cz\" target=\"_blank\" rel=\"noreferrer noopener\">https:\/\/ustecky.denik.cz<\/a><\/p>\n","protected":false},"excerpt":{"rendered":"<div class=\"mh-excerpt\"><p>Verdikt nad b\u00fdvalou \u0159editelkou denn\u00edho stacion\u00e1\u0159e v \u00dast\u00ed nad Labem Dagmar Bro\u017eovou p\u0159ezkoum\u00e1 Nejvy\u0161\u0161\u00ed soud. Bro\u017eov\u00e1 dostala pen\u011b\u017eit\u00fd trest a z\u00e1kaz \u010dinnosti za to, \u017ee <a class=\"mh-excerpt-more\" href=\"https:\/\/www.invarena.cz\/?p=63736\" title=\"Verdikt nad b\u00fdvalou \u0159editelkou \u00fasteck\u00e9ho stacion\u00e1\u0159e p\u0159ezkoum\u00e1 Nejvy\u0161\u0161\u00ed soud\">[&#8230;]<\/a><\/p>\n<\/div>","protected":false},"author":1,"featured_media":33374,"comment_status":"open","ping_status":"closed","sticky":false,"template":"","format":"standard","meta":{"footnotes":""},"categories":[9],"tags":[],"class_list":["post-63736","post","type-post","status-publish","format-standard","has-post-thumbnail","hentry","category-zpravy"],"_links":{"self":[{"href":"https:\/\/www.invarena.cz\/index.php?rest_route=\/wp\/v2\/posts\/63736","targetHints":{"allow":["GET"]}}],"collection":[{"href":"https:\/\/www.invarena.cz\/index.php?rest_route=\/wp\/v2\/posts"}],"about":[{"href":"https:\/\/www.invarena.cz\/index.php?rest_route=\/wp\/v2\/types\/post"}],"author":[{"embeddable":true,"href":"https:\/\/www.invarena.cz\/index.php?rest_route=\/wp\/v2\/users\/1"}],"replies":[{"embeddable":true,"href":"https:\/\/www.invarena.cz\/index.php?rest_route=%2Fwp%2Fv2%2Fcomments&post=63736"}],"version-history":[{"count":0,"href":"https:\/\/www.invarena.cz\/index.php?rest_route=\/wp\/v2\/posts\/63736\/revisions"}],"wp:featuredmedia":[{"embeddable":true,"href":"https:\/\/www.invarena.cz\/index.php?rest_route=\/wp\/v2\/media\/33374"}],"wp:attachment":[{"href":"https:\/\/www.invarena.cz\/index.php?rest_route=%2Fwp%2Fv2%2Fmedia&parent=63736"}],"wp:term":[{"taxonomy":"category","embeddable":true,"href":"https:\/\/www.invarena.cz\/index.php?rest_route=%2Fwp%2Fv2%2Fcategories&post=63736"},{"taxonomy":"post_tag","embeddable":true,"href":"https:\/\/www.invarena.cz\/index.php?rest_route=%2Fwp%2Fv2%2Ftags&post=63736"}],"curies":[{"name":"wp","href":"https:\/\/api.w.org\/{rel}","templated":true}]}}