{"id":63739,"date":"2026-04-22T23:47:38","date_gmt":"2026-04-22T21:47:38","guid":{"rendered":"https:\/\/www.invarena.cz\/?p=63739"},"modified":"2026-04-22T23:47:39","modified_gmt":"2026-04-22T21:47:39","slug":"nevidomy-plavec-kratochvil-zaril-mezi-hvezdami-z-vecere-s-djokovicem-byl-nadsen","status":"publish","type":"post","link":"https:\/\/www.invarena.cz\/?p=63739","title":{"rendered":"Nevidom\u00fd plavec Kratochv\u00edl z\u00e1\u0159il mezi hv\u011bzdami. Z ve\u010de\u0159e s Djokovi\u010dem byl nad\u0161en"},"content":{"rendered":"\n<p>David Kratochv\u00edl skl\u00edz\u00ed dal\u0161\u00ed sladk\u00e9 ovoce za svou celo\u017eivotn\u00ed p\u00edli, vytrvalost a \u00fasp\u011bchy. Po vele\u00fasp\u011b\u0161n\u00e9m roce 2025, kdy zaz\u00e1\u0159il na mistrovstv\u00ed sv\u011bta, byl \u010desk\u00fd nevidom\u00fd plavec nominov\u00e1n na presti\u017en\u00ed cenu Laureus. Tu sice nakonec nez\u00edskal, ale navzdory tomu si setk\u00e1n\u00ed u\u017eil. Po galave\u010deru vypr\u00e1v\u011bl t\u0159eba o tom, jak\u00e9 to je b\u00fdt vedle legend sv\u011btov\u00e9ho sportu.<\/p>\n\n\n\n<p>U\u017e jen samotnou nominac\u00ed na presti\u017en\u00ed ocen\u011bn\u00ed dok\u00e1zal David Kratochv\u00edl n\u011b\u010deho, co se nepoda\u0159\u00ed jen tak n\u011bkomu. V\u017edy\u0165 od zalo\u017een\u00ed ankety v roce 2000 byl teprve \u010dtvrt\u00fdm \u010desk\u00fdm z\u00e1stupcem, kdo se ve v\u00fdb\u011bru objevil. P\u0159ed n\u00edm se to poda\u0159ilo jen tenistk\u00e1m Pet\u0159e Kvitov\u00e9 a Mark\u00e9t\u011b Vondrou\u0161ov\u00e9 a ly\u017ea\u0159ce a snowboardistce Ester Ledeck\u00e9.<\/p>\n\n\n\n<p>To si uv\u011bdomoval i Kratochv\u00edl. &#8222;Znamenalo to pro m\u011b hodn\u011b, proto\u017ee v\u00edm, \u017ee tam tolik \u010cech\u016f nebylo. Jsem stra\u0161n\u011b \u0161\u0165astn\u00fd, \u017ee jsem se tam mohl pod\u00edvat, proto\u017ee se sem nemus\u00edm u\u017e nikdy dostat,&#8220; \u0159ekl s t\u00edm, \u017ee douf\u00e1, \u017ee to vyjde je\u0161t\u011b n\u011bkdy p\u0159\u00ed\u0161t\u011b.<\/p>\n\n\n\n<p>V anket\u011b, kter\u00e9 se tak\u00e9 p\u0159ezd\u00edv\u00e1 sportovn\u00ed Osca\u0159i, sice triumf nevybojoval, mezi sportovci s handicapem \u00fa\u0159adoval jin\u00fd plavec Gabriel Ara\u00fajo z Braz\u00edlie, krom\u011b um\u00edst\u011bn\u00ed mezi \u0161esti nejlep\u0161\u00edmi si odnesl ale spoustu z\u00e1\u017eitk\u016f.<\/p>\n\n\n\n<p>O t\u011bch se rozpov\u00eddal p\u0159\u00edmo v centru d\u011bn\u00ed ve \u0161pan\u011blsk\u00e9m Madridu. \u201eJe to super z\u00e1\u017eitek. B\u00fdt tady mezi t\u011bmi sportovci je \u00fapln\u011b \u00fa\u017easn\u00fd,\u201c z\u00e1\u0159il osmn\u00e1ctilet\u00fd plavec, jen\u017e loni na mistrovstv\u00ed sv\u011bta vybojoval v sedmi z\u00e1vodech sedm cenn\u00fdch kov\u016f, z toho \u010dty\u0159i zlat\u00e9, nav\u00edc p\u0159idal i sv\u011btov\u00fd rekord.<\/p>\n\n\n\n<p>Za nezapomenuteln\u00fd z\u00e1\u017eitek d\u011bkoval<\/p>\n\n\n\n<p>\u201eNa ve\u010de\u0159i jsme potkali stra\u0161n\u011b moc zn\u00e1m\u00fdch osobnost\u00ed. Borise Beckera, Novaka Djokovi\u010de,\u201c vyjmenov\u00e1val hv\u011bzdy sv\u011btov\u00e9ho sportu, s kter\u00fdmi m\u011bl tu \u010dest. \u201eChvilinku jsem se bavil s Borisem Beckerem,\u201c p\u0159ibl\u00ed\u017eil setk\u00e1n\u00ed s b\u00fdval\u00fdm tenistou.<\/p>\n\n\n\n<p>\u201eJe to \u00fa\u017easn\u00e9 sed\u011bt mezi nimi a jsem stra\u0161n\u011b r\u00e1d, \u017ee tady m\u016f\u017eu b\u00fdt,\u201c rozpl\u00fdval se rod\u00e1k z Hal\u017ee. \u201eBude to pro m\u011b nezapomenuteln\u00fd z\u00e1\u017eitek a d\u011bkuju moc, \u017ee jste mi umo\u017enili reprezentovat \u010ceskou republiku,\u201c uzav\u0159el s pokorou z\u00e1vodn\u00edk, kter\u00fd zaz\u00e1\u0159il u\u017e p\u0159ed dv\u011bma lety na paralympi\u00e1d\u011b v Pa\u0159\u00ed\u017ei, kde z\u00edskal kompletn\u00ed medailovou sb\u00edrku.<\/p>\n\n\n\n<p>Hlavn\u00ed kategorii ovl\u00e1dli tenist\u00e9, mezi mu\u017ei \u0160pan\u011bl Carlos Alcaraz, \u017een\u00e1m kralovala Aryna Sabalenkov\u00e1 z B\u011bloruska. Mezi t\u00fdmy vl\u00e1dli fotbalist\u00e9 Paris St-Germain. Z cen se radovali ale t\u0159eba i pilot formule 1 Lando Norris \u010di golfista Rory McIlroy.<\/p>\n\n\n\n<p>Martin Slab\u00fd<\/p>\n\n\n\n<p>Den\u00edk.cz<\/p>\n\n\n\n<p><a href=\"https:\/\/www.denik.cz\" target=\"_blank\" rel=\"noreferrer noopener\">https:\/\/www.denik.cz<\/a><\/p>\n","protected":false},"excerpt":{"rendered":"<div class=\"mh-excerpt\"><p>David Kratochv\u00edl skl\u00edz\u00ed dal\u0161\u00ed sladk\u00e9 ovoce za svou celo\u017eivotn\u00ed p\u00edli, vytrvalost a \u00fasp\u011bchy. Po vele\u00fasp\u011b\u0161n\u00e9m roce 2025, kdy zaz\u00e1\u0159il na mistrovstv\u00ed sv\u011bta, byl \u010desk\u00fd nevidom\u00fd <a class=\"mh-excerpt-more\" href=\"https:\/\/www.invarena.cz\/?p=63739\" title=\"Nevidom\u00fd plavec Kratochv\u00edl z\u00e1\u0159il mezi hv\u011bzdami. Z ve\u010de\u0159e s Djokovi\u010dem byl nad\u0161en\">[&#8230;]<\/a><\/p>\n<\/div>","protected":false},"author":1,"featured_media":56483,"comment_status":"open","ping_status":"closed","sticky":false,"template":"","format":"standard","meta":{"footnotes":""},"categories":[9],"tags":[],"class_list":["post-63739","post","type-post","status-publish","format-standard","has-post-thumbnail","hentry","category-zpravy"],"_links":{"self":[{"href":"https:\/\/www.invarena.cz\/index.php?rest_route=\/wp\/v2\/posts\/63739","targetHints":{"allow":["GET"]}}],"collection":[{"href":"https:\/\/www.invarena.cz\/index.php?rest_route=\/wp\/v2\/posts"}],"about":[{"href":"https:\/\/www.invarena.cz\/index.php?rest_route=\/wp\/v2\/types\/post"}],"author":[{"embeddable":true,"href":"https:\/\/www.invarena.cz\/index.php?rest_route=\/wp\/v2\/users\/1"}],"replies":[{"embeddable":true,"href":"https:\/\/www.invarena.cz\/index.php?rest_route=%2Fwp%2Fv2%2Fcomments&post=63739"}],"version-history":[{"count":0,"href":"https:\/\/www.invarena.cz\/index.php?rest_route=\/wp\/v2\/posts\/63739\/revisions"}],"wp:featuredmedia":[{"embeddable":true,"href":"https:\/\/www.invarena.cz\/index.php?rest_route=\/wp\/v2\/media\/56483"}],"wp:attachment":[{"href":"https:\/\/www.invarena.cz\/index.php?rest_route=%2Fwp%2Fv2%2Fmedia&parent=63739"}],"wp:term":[{"taxonomy":"category","embeddable":true,"href":"https:\/\/www.invarena.cz\/index.php?rest_route=%2Fwp%2Fv2%2Fcategories&post=63739"},{"taxonomy":"post_tag","embeddable":true,"href":"https:\/\/www.invarena.cz\/index.php?rest_route=%2Fwp%2Fv2%2Ftags&post=63739"}],"curies":[{"name":"wp","href":"https:\/\/api.w.org\/{rel}","templated":true}]}}