{"id":63763,"date":"2026-04-29T14:03:23","date_gmt":"2026-04-29T12:03:23","guid":{"rendered":"https:\/\/www.invarena.cz\/?p=63763"},"modified":"2026-04-29T14:03:24","modified_gmt":"2026-04-29T12:03:24","slug":"knihovna-potme-vecer-ktery-propojil-zazitek-s-pomoci-handicapovanym","status":"publish","type":"post","link":"https:\/\/www.invarena.cz\/?p=63763","title":{"rendered":"Knihovna potm\u011b: ve\u010der, kter\u00fd propojil z\u00e1\u017eitek s pomoc\u00ed handicapovan\u00fdm"},"content":{"rendered":"\n<p>V p\u00e1tek 24. 4. se Knihovna Mat\u011bje Josefa Sychry ve \u017d\u010f\u00e1ru nad S\u00e1zavou prom\u011bnila v netradi\u010dn\u00ed prostor, kter\u00fd nab\u00eddl n\u00e1v\u0161t\u011bvn\u00edk\u016fm jedine\u010dn\u00fd z\u00e1\u017eitek \u2013 na chv\u00edli zpomalit a vn\u00edmat sv\u011bt bez zapojen\u00ed zraku. Akce Knihovna potm\u011b \u2013 spolu vid\u00edme v\u00edc nav\u00edc m\u011bla i dobro\u010dinn\u00fd p\u0159esah.<\/p>\n\n\n\n<p>C\u00edlem ve\u010dera nebylo pouze nab\u00eddnout neobvykl\u00fd program, ale p\u0159edev\u0161\u00edm p\u0159ibl\u00ed\u017eit ka\u017edodenn\u00ed realitu lid\u00ed se zrakov\u00fdm handicapem. \u00da\u010dastn\u00edci si mohli prost\u0159ednictv\u00edm r\u016fzn\u00fdch aktivit vyzkou\u0161et, jak\u00e9 to je orientovat se v prostoru, naslouchat, soust\u0159edit se na dotek \u010di zvuk a v\u00edce vn\u00edmat druh\u00e9. Pr\u00e1v\u011b osobn\u00ed pro\u017eitek se uk\u00e1zal jako kl\u00ed\u010dov\u00fd moment, kter\u00fd pom\u00e1h\u00e1 bourat stereotypy a posiluje vz\u00e1jemn\u00e9 porozum\u011bn\u00ed.<\/p>\n\n\n\n<p>Pen\u00edze pro d\u011bti se zrakov\u00fdm posti\u017een\u00edm<\/p>\n\n\n\n<p>Akce nesla motto \u201espolu vid\u00edme v\u00edc\u201c, kter\u00e9 se prom\u00edtlo nejen do samotn\u00e9ho programu, ale i do jej\u00edho \u0161ir\u0161\u00edho p\u0159esahu. B\u011bhem pouh\u00fdch t\u0159\u00ed hodin se poda\u0159ilo vybrat 9 814 K\u010d, z toho 4 000 z\u00edskaly d\u00edky sv\u00fdm aktivit\u00e1m na akci d\u011bti z krou\u017eku Mal\u00fd MasterChef ze St\u0159ediska voln\u00e9ho \u010dasu Active \u017d\u010f\u00e1r a v\u00fdznamn\u011b tak p\u0159isp\u011bly k celkov\u00e9 \u010d\u00e1stce.<\/p>\n\n\n\n<p>Pen\u00edze byly v\u011bnov\u00e1ny Spole\u010dnosti pro ranou p\u00e9\u010di na podporu multisenzorick\u00e9 terapie ve \u017d\u010f\u00e1ru nad S\u00e1zavou pro d\u011bti se zrakov\u00fdm a kombinovan\u00fdm posti\u017een\u00edm.<\/p>\n\n\n\n<p>\u201eChceme ukazovat, \u017ee knihovna je \u017eiv\u00fdm, otev\u0159en\u00fdm a bezpe\u010dn\u00fdm m\u00edstem pro v\u0161echny \u2013 bez rozd\u00edlu. M\u00e1 otev\u00edrat d\u016fle\u017eit\u00e1 t\u00e9mata, spojovat lidi a pom\u00e1hat p\u0159ekon\u00e1vat bari\u00e9ry. Z\u00e1rove\u0148 v\u011b\u0159\u00edme, \u017ee pr\u00e1v\u011b sd\u00edlen\u00e9 z\u00e1\u017eitky vedou k v\u011bt\u0161\u00ed empatii, porozum\u011bn\u00ed a vz\u00e1jemn\u00e9mu respektu,\u201c uvedla Martina Sedl\u00e1kov\u00e1, \u0159editelka knihovny.<\/p>\n\n\n\n<p>Dal\u0161\u00ed aktivity v knihovn\u011b<\/p>\n\n\n\n<p>Na p\u0159\u00edprav\u011b a realizaci akce se pod\u00edlela \u0159ada partner\u016f, dobrovoln\u00edk\u016f i zam\u011bstnanc\u016f knihovny. Organiz\u00e1to\u0159i ocenili nejen jejich nasazen\u00ed, ale tak\u00e9 velk\u00fd z\u00e1jem ve\u0159ejnosti, kter\u00fd potvrdil, \u017ee podobn\u00e9 akce maj\u00ed sv\u00e9 m\u00edsto a smysl.<\/p>\n\n\n\n<p>Knihovna Mat\u011bje Josefa Sychry pl\u00e1nuje i do budoucna pokra\u010dovat v aktivit\u00e1ch, kter\u00e9 propojuj\u00ed vzd\u011bl\u00e1v\u00e1n\u00ed, komunitn\u00ed setk\u00e1v\u00e1n\u00ed a spole\u010denskou odpov\u011bdnost.<\/p>\n\n\n\n<p>\u017d\u010f\u00e1rsk\u00fd den\u00edk<\/p>\n\n\n\n<p><a href=\"https:\/\/zdarsky.denik.cz\" target=\"_blank\" rel=\"noreferrer noopener\">https:\/\/zdarsky.denik.cz<\/a><\/p>\n","protected":false},"excerpt":{"rendered":"<div class=\"mh-excerpt\"><p>V p\u00e1tek 24. 4. se Knihovna Mat\u011bje Josefa Sychry ve \u017d\u010f\u00e1ru nad S\u00e1zavou prom\u011bnila v netradi\u010dn\u00ed prostor, kter\u00fd nab\u00eddl n\u00e1v\u0161t\u011bvn\u00edk\u016fm jedine\u010dn\u00fd z\u00e1\u017eitek \u2013 na chv\u00edli <a class=\"mh-excerpt-more\" href=\"https:\/\/www.invarena.cz\/?p=63763\" title=\"Knihovna potm\u011b: ve\u010der, kter\u00fd propojil z\u00e1\u017eitek s pomoc\u00ed handicapovan\u00fdm\">[&#8230;]<\/a><\/p>\n<\/div>","protected":false},"author":1,"featured_media":15222,"comment_status":"open","ping_status":"closed","sticky":false,"template":"","format":"standard","meta":{"footnotes":""},"categories":[9],"tags":[],"class_list":["post-63763","post","type-post","status-publish","format-standard","has-post-thumbnail","hentry","category-zpravy"],"_links":{"self":[{"href":"https:\/\/www.invarena.cz\/index.php?rest_route=\/wp\/v2\/posts\/63763","targetHints":{"allow":["GET"]}}],"collection":[{"href":"https:\/\/www.invarena.cz\/index.php?rest_route=\/wp\/v2\/posts"}],"about":[{"href":"https:\/\/www.invarena.cz\/index.php?rest_route=\/wp\/v2\/types\/post"}],"author":[{"embeddable":true,"href":"https:\/\/www.invarena.cz\/index.php?rest_route=\/wp\/v2\/users\/1"}],"replies":[{"embeddable":true,"href":"https:\/\/www.invarena.cz\/index.php?rest_route=%2Fwp%2Fv2%2Fcomments&post=63763"}],"version-history":[{"count":0,"href":"https:\/\/www.invarena.cz\/index.php?rest_route=\/wp\/v2\/posts\/63763\/revisions"}],"wp:featuredmedia":[{"embeddable":true,"href":"https:\/\/www.invarena.cz\/index.php?rest_route=\/wp\/v2\/media\/15222"}],"wp:attachment":[{"href":"https:\/\/www.invarena.cz\/index.php?rest_route=%2Fwp%2Fv2%2Fmedia&parent=63763"}],"wp:term":[{"taxonomy":"category","embeddable":true,"href":"https:\/\/www.invarena.cz\/index.php?rest_route=%2Fwp%2Fv2%2Fcategories&post=63763"},{"taxonomy":"post_tag","embeddable":true,"href":"https:\/\/www.invarena.cz\/index.php?rest_route=%2Fwp%2Fv2%2Ftags&post=63763"}],"curies":[{"name":"wp","href":"https:\/\/api.w.org\/{rel}","templated":true}]}}