{"id":63772,"date":"2026-04-29T14:19:34","date_gmt":"2026-04-29T12:19:34","guid":{"rendered":"https:\/\/www.invarena.cz\/?p=63772"},"modified":"2026-04-29T14:19:35","modified_gmt":"2026-04-29T12:19:35","slug":"taxik-maxik-v-prachaticich-meni-cenik-mesto-reaguje-na-ceny-paliv","status":"publish","type":"post","link":"https:\/\/www.invarena.cz\/?p=63772","title":{"rendered":"Tax\u00edk Max\u00edk v Prachatic\u00edch m\u011bn\u00ed cen\u00edk, m\u011bsto reaguje na ceny paliv"},"content":{"rendered":"\n<p>Prachatick\u00fd Senior Tax\u00edk Max\u00edk, kter\u00fd pom\u00e1h\u00e1 star\u0161\u00edm ob\u010dan\u016fm a handicapovan\u00fdm s dopravou u\u017e od roku 2015, nad\u00e1le potvrzuje sv\u016fj obrovsk\u00fd v\u00fdznam. Slu\u017eba zaji\u0161\u0165uje dostupnou p\u0159epravu t\u011bm, pro kter\u00e9 je b\u011b\u017en\u00e9 cestov\u00e1n\u00ed \u010dasto komplikovan\u00e9 nebo zcela nedostupn\u00e9.<\/p>\n\n\n\n<p>Statistiky z posledn\u00ed doby nav\u00edc ukazuj\u00ed, \u017ee o tuto formu pomoci je v Prachatic\u00edch rekordn\u00ed z\u00e1jem. Zat\u00edmco za cel\u00fd lo\u0148sk\u00fd rok \u0159idi\u010di zrealizovali celkem 1 575 j\u00edzd, jen za prvn\u00ed t\u0159i m\u011bs\u00edce roku 2026 jich eviduj\u00ed u\u017e 656.<\/p>\n\n\n\n<p>S rostouc\u00ed popt\u00e1vkou a z\u00e1rove\u0148 zvy\u0161uj\u00edc\u00edmi se provozn\u00edmi n\u00e1klady, zejm\u00e9na v souvislosti s v\u00fdrazn\u00fdm n\u00e1r\u016fstem cen pohonn\u00fdch hmot, p\u0159ich\u00e1z\u00ed nyn\u00ed \u00faprava ceny j\u00edzdn\u00e9ho. P\u016fvodn\u00ed sazba sedm korun za kilometr z roku 2015 byla u\u017e p\u0159ed dv\u011bma lety nav\u00fd\u0161ena na deset korun. Nov\u011b radn\u00ed stanovili sazbu na 15 korun za kilometr pro jednotlivce a 30 korun za kilometr v p\u0159\u00edpad\u011b skupinov\u00e9 p\u0159epravy. Podle vyj\u00e1d\u0159en\u00ed m\u011bsta je toto m\u00edrn\u00e9 nav\u00fd\u0161en\u00ed nezbytn\u00e9 pro zaji\u0161t\u011bn\u00ed dlouhodob\u00e9 udr\u017eitelnosti cel\u00e9ho projektu.<\/p>\n\n\n\n<p>Hana Rabenhauptov\u00e1 k t\u00e9matu uvedla, \u017ee Senior Tax\u00edk Max\u00edk m\u00e1 obrovsk\u00fd smysl, proto\u017ee pom\u00e1h\u00e1 lidem, kte\u0159\u00ed by se jinak jen obt\u00ed\u017en\u011b dost\u00e1vali k l\u00e9ka\u0159i nebo za b\u011b\u017en\u00fdmi denn\u00edmi pot\u0159ebami. Doplnila tak\u00e9, \u017ee \u00faprava ceny byla konzultov\u00e1na s poradn\u00edmi org\u00e1ny a pro klienty je akceptovateln\u00e1. M\u011bsto hodl\u00e1 slu\u017ebu i nad\u00e1le podporovat a sledovat jej\u00ed dal\u0161\u00ed rozvoj s ohledem na pot\u0159eby obyvatel.<\/p>\n\n\n\n<p>V sou\u010dasnosti dopravu provozuje spole\u010dnost KreBul, kter\u00e1 prost\u0159ednictv\u00edm dvou \u0159idi\u010d\u016f zaji\u0161\u0165uje p\u0159epravu v pracovn\u00ed dny od 8:00 do 16:00 hodin. Po individu\u00e1ln\u00ed domluv\u011b je v\u0161ak mo\u017en\u00e9 zajistit j\u00edzdy i mimo tuto dobu, a to jak pro jednotlivce, tak pro skupiny. Slu\u017eba je prim\u00e1rn\u011b ur\u010dena osob\u00e1m star\u0161\u00edm 65 let a dr\u017eitel\u016fm pr\u016fkaz\u016f TP, ZTP a ZTP\/P \u010di dal\u0161\u00edm osob\u00e1m se zdravotn\u00edm posti\u017een\u00edm. Klienti tax\u00edk nej\u010dast\u011bji vyu\u017e\u00edvaj\u00ed pro cesty do nemocnice, na polikliniku, k l\u00e9ka\u0159\u016fm, ale tak\u00e9 za n\u00e1kupy \u010di na h\u0159bitov. Pro mnoh\u00e9 z nich p\u0159edstavuje Max\u00edk jedinou mo\u017enost, jak se bezpe\u010dn\u011b a pohodln\u011b dopravit na pot\u0159ebn\u00e1 m\u00edsta.<\/p>\n\n\n\n<p>Jana Vandl\u00ed\u010dkov\u00e1<\/p>\n\n\n\n<p>Prachatick\u00fd den\u00edk<\/p>\n\n\n\n<p><a href=\"https:\/\/prachaticky.denik.cz\" target=\"_blank\" rel=\"noreferrer noopener\">https:\/\/prachaticky.denik.cz<\/a><\/p>\n","protected":false},"excerpt":{"rendered":"<div class=\"mh-excerpt\"><p>Prachatick\u00fd Senior Tax\u00edk Max\u00edk, kter\u00fd pom\u00e1h\u00e1 star\u0161\u00edm ob\u010dan\u016fm a handicapovan\u00fdm s dopravou u\u017e od roku 2015, nad\u00e1le potvrzuje sv\u016fj obrovsk\u00fd v\u00fdznam. Slu\u017eba zaji\u0161\u0165uje dostupnou p\u0159epravu <a class=\"mh-excerpt-more\" href=\"https:\/\/www.invarena.cz\/?p=63772\" title=\"Tax\u00edk Max\u00edk v Prachatic\u00edch m\u011bn\u00ed cen\u00edk, m\u011bsto reaguje na ceny paliv\">[&#8230;]<\/a><\/p>\n<\/div>","protected":false},"author":1,"featured_media":5054,"comment_status":"open","ping_status":"closed","sticky":false,"template":"","format":"standard","meta":{"footnotes":""},"categories":[9],"tags":[],"class_list":["post-63772","post","type-post","status-publish","format-standard","has-post-thumbnail","hentry","category-zpravy"],"_links":{"self":[{"href":"https:\/\/www.invarena.cz\/index.php?rest_route=\/wp\/v2\/posts\/63772","targetHints":{"allow":["GET"]}}],"collection":[{"href":"https:\/\/www.invarena.cz\/index.php?rest_route=\/wp\/v2\/posts"}],"about":[{"href":"https:\/\/www.invarena.cz\/index.php?rest_route=\/wp\/v2\/types\/post"}],"author":[{"embeddable":true,"href":"https:\/\/www.invarena.cz\/index.php?rest_route=\/wp\/v2\/users\/1"}],"replies":[{"embeddable":true,"href":"https:\/\/www.invarena.cz\/index.php?rest_route=%2Fwp%2Fv2%2Fcomments&post=63772"}],"version-history":[{"count":0,"href":"https:\/\/www.invarena.cz\/index.php?rest_route=\/wp\/v2\/posts\/63772\/revisions"}],"wp:featuredmedia":[{"embeddable":true,"href":"https:\/\/www.invarena.cz\/index.php?rest_route=\/wp\/v2\/media\/5054"}],"wp:attachment":[{"href":"https:\/\/www.invarena.cz\/index.php?rest_route=%2Fwp%2Fv2%2Fmedia&parent=63772"}],"wp:term":[{"taxonomy":"category","embeddable":true,"href":"https:\/\/www.invarena.cz\/index.php?rest_route=%2Fwp%2Fv2%2Fcategories&post=63772"},{"taxonomy":"post_tag","embeddable":true,"href":"https:\/\/www.invarena.cz\/index.php?rest_route=%2Fwp%2Fv2%2Ftags&post=63772"}],"curies":[{"name":"wp","href":"https:\/\/api.w.org\/{rel}","templated":true}]}}