{"id":63775,"date":"2026-04-29T14:59:39","date_gmt":"2026-04-29T12:59:39","guid":{"rendered":"https:\/\/www.invarena.cz\/?p=63775"},"modified":"2026-04-29T14:59:40","modified_gmt":"2026-04-29T12:59:40","slug":"petra-z-pelhrimovska-se-nikdy-nevzdava-zivot-ji-pripravil-dalsi-tezkou-zkousku","status":"publish","type":"post","link":"https:\/\/www.invarena.cz\/?p=63775","title":{"rendered":"Petra z Pelh\u0159imovska se nikdy nevzd\u00e1v\u00e1. \u017divot j\u00ed p\u0159ipravil dal\u0161\u00ed t\u011b\u017ekou zkou\u0161ku"},"content":{"rendered":"\n<p>Extr\u00e9mn\u011b krut\u011b se osud chov\u00e1 ke dvaa\u010dty\u0159icetilet\u00e9 Pet\u0159e z Pelh\u0159imovska. Sotva zvl\u00e1dne jednu t\u011b\u017ekost, p\u0159ijde dal\u0161\u00ed, mo\u017en\u00e1 hor\u0161\u00ed. O sv\u016fj \u017eivot a zdrav\u00ed v\u0161ak v\u00e1\u017en\u011b nemocn\u00e1 maminka t\u0159\u00ed dcer bojuje s obrovskou vervou. Na prvn\u00ed pohled byste mo\u017en\u00e1 ani nepoznali, \u010d\u00edm si usm\u011bvav\u00e1 \u017eena aktu\u00e1ln\u011b proch\u00e1z\u00ed. P\u0159itom se st\u00e1le sna\u017e\u00ed pom\u00e1hat sv\u00fdm nejbli\u017e\u0161\u00edm a b\u00fdt pro n\u011b oporou p\u0159i zvl\u00e1d\u00e1n\u00ed jejich \u017eivotn\u00edch peripeti\u00ed, kter\u00fdch tak\u00e9 nen\u00ed m\u00e1lo.<\/p>\n\n\n\n<p>Dvaa\u010dty\u0159icetilet\u00e9 Pet\u0159e p\u00ed\u0161e \u017eivot n\u00e1ro\u010dn\u00fd a t\u011b\u017ek\u00fd sc\u00e9n\u00e1\u0159 u\u017e od ml\u00e1d\u00ed. Maminka t\u0159\u00ed dcer cel\u00fd \u017eivot bojuje se zdravotn\u00edmi probl\u00e9my. Nyn\u00ed \u010del\u00ed dal\u0161\u00ed tvrd\u00e9 zkou\u0161ce, aktu\u00e1ln\u011b bojuje s n\u00e1dorem a \u010dek\u00e1 ji n\u00e1ro\u010dn\u00e1 l\u00e9\u010dba. Sama se nav\u00edc star\u00e1 o sv\u00e9 d\u011bti i t\u011b\u017ece nemocnou maminku, chce b\u00fdt pevnou oporou i nestar\u0161\u00ed dce\u0159i s rizikov\u00fdm t\u011bhotenstv\u00edm.<\/p>\n\n\n\n<p>P\u0159es v\u0161echny r\u00e1ny si state\u010dn\u00e1 bojovnice dok\u00e1zala uchovat laskavost, s\u00edlu a chu\u0165 j\u00edt d\u00e1l. Nyn\u00ed v\u0161ak cel\u00e1 situace dosp\u011bla do bodu, kdy Petra u\u017e sama v\u0161echno nezvl\u00e1dne, proto\u017ee ve\u0161ker\u00fd chod dom\u00e1cnosti t\u00e1hne z invalidn\u00edho d\u016fchodu.<\/p>\n\n\n\n<p>Probl\u00e9my m\u00e1 nejen Petra<\/p>\n\n\n\n<p>Petra \u017eije v mal\u00e9m domku na vesnici se svou velmi nemocnou maminkou a dv\u011bma dcerami ve 8 a 17 let. Nejstar\u0161\u00ed t\u0159iadvacetilet\u00e1 dcera bydl\u00ed nedaleko, je na rizikov\u00e9m t\u011bhotenstv\u00ed a i ona by te\u010f pot\u0159ebovala podporu sv\u00e9 maminky. Petra se z\u00e1rove\u0148 star\u00e1 o maminku po onkologick\u00e9m onemocn\u011bn\u00ed, kter\u00e1 m\u00e1 v\u00e1\u017en\u00e9 zdravotn\u00ed pot\u00ed\u017ee a pot\u0159ebuje ka\u017edodenn\u00ed p\u00e9\u010di. Sama Petra nyn\u00ed state\u010dn\u011b bojuje s n\u00e1dorem a \u010dek\u00e1 ji 40 oza\u0159ov\u00e1n\u00ed. Ka\u017ed\u00fd den v\u010detn\u011b v\u00edkend\u016f mus\u00ed doj\u00ed\u017ed\u011bt sedmdes\u00e1t kilometr\u016f do nemocnice.<\/p>\n\n\n\n<p>Zdravotn\u00ed probl\u00e9my od d\u011btstv\u00ed<\/p>\n\n\n\n<p>Petra nem\u011bla nikdy jednoduchou cestu. komplikace jej\u00ed \u017eivot prov\u00e1z\u00ed neust\u00e1le. Od d\u011btstv\u00ed se l\u00e9\u010d\u00ed s glaukomem a dlouhodob\u011b trp\u00ed onemocn\u011bn\u00edm p\u00e1te\u0159e a kloub\u016f, kter\u00e9 j\u00ed zp\u016fsobuje chronick\u00e9 bolesti. Po v\u00e1\u017en\u00e9m \u00farazu p\u00e1te\u0159e v roce 2016 m\u00e1 dodnes omezenou hybnost a je odk\u00e1zan\u00e1 na siln\u00e9 l\u00e9ky proti bolesti.<\/p>\n\n\n\n<p>Nevzdala se a sna\u017eila se \u017e\u00edt d\u00e1l<\/p>\n\n\n\n<p>V roce 2017 se Pet\u0159e narodila nejmlad\u0161\u00ed dcera Vendulka. I p\u0159es sv\u016fj zdravotn\u00ed stav v\u011bd\u011bla, \u017ee mus\u00ed zajistit rodinu. S partnerem se pustili do podnik\u00e1n\u00ed. Otev\u0159eli restauraci, o kterou se Petra starala i p\u0159es ka\u017edodenn\u00ed bolest. Po nucen\u00e9m uzav\u0159en\u00ed b\u011bhem covidu to nevzdali a podnik znovu obnovili.<\/p>\n\n\n\n<p>Nemoc, kter\u00e1 v\u0161e zm\u011bnila<\/p>\n\n\n\n<p>Kr\u00e1tce pot\u00e9 Pet\u0159e l\u00e9ka\u0159i diagnostikovali zhoubn\u00fd n\u00e1dor. N\u00e1sledovala n\u00e1ro\u010dn\u00e1 operace, p\u0159i kter\u00e9 \u017eena p\u0159i\u0161la i o \u010d\u00e1st svalu na prav\u00e9 ruce \u2013 tedy na ruce, kterou nejv\u00edce pot\u0159ebuje. P\u0159esto v\u011b\u0159ila, \u017ee to zvl\u00e1dne a za\u010dala znovu \u2013 v roce 2024 otev\u0159eli dal\u0161\u00ed restauraci. Petra se t\u011b\u0161ila i na roli babi\u010dky.<\/p>\n\n\n\n<p>Dal\u0161\u00ed r\u00e1na osudu<\/p>\n\n\n\n<p>Bohu\u017eel nemoc ude\u0159ila znovu. N\u00e1dor se vr\u00e1til, tentokr\u00e1t v oblasti bl\u00ed\u017ee \u017eebr\u016fm a plic\u00edm. Petra podstoupila dal\u0161\u00ed n\u00e1ro\u010dnou operaci, p\u0159i kter\u00e9 j\u00ed byla odebr\u00e1na dv\u011b \u017eebra a l\u00e9ka\u0159i museli chr\u00e1nit pl\u00edce speci\u00e1ln\u00ed s\u00ed\u0165kou. Po operaci p\u0159i\u0161ly komplikace \u2013 hromad\u011bn\u00ed tekutiny, uvoln\u011bn\u00ed implant\u00e1tu i zlomenina dal\u0161\u00edho \u017eebra. A v t\u00e9to nejt\u011b\u017e\u0161\u00ed chv\u00edli ji opustil partner. Z\u016fstala na v\u0161echno sama. V dob\u011b, kdy pokra\u010duje boj se z\u00e1ke\u0159n\u00fdm onemocn\u011bn\u00edmi a n\u00e1ro\u010dn\u00e1 l\u00e9\u010dba.<\/p>\n\n\n\n<p>Petra se pot\u00fdk\u00e1 s \u0159adou neduh\u016f &#8211; glaukomem, hypotyre\u00f3zou, Barettov\u00fdm j\u00edcnem, chronickou pankreatitidou, osteochondr\u00f3zou, artr\u00f3zou, hemangiomem v j\u00e1trech, angiomyolipomem v lev\u00e9 ledvin\u011b. Petra je po operaci p\u00e1te\u0159e, kde m\u00e1 nen\u00e1vratn\u011b po\u0161kozen\u00e9 n\u011bkter\u00e9 nervy.<\/p>\n\n\n\n<p>Pet\u0159e m\u016f\u017ee pomoci ka\u017ed\u00fd<\/p>\n\n\n\n<p>Kdo by cht\u011bl Pet\u0159e pomoci, m\u016f\u017ee prost\u0159ednictv\u00edm sb\u00edrky na Donio, kter\u00e1 aktu\u00e1ln\u011b b\u011b\u017e\u00ed.<\/p>\n\n\n\n<p>Vybran\u00e9 pen\u00edze p\u016fjdou na pokryt\u00ed z\u00e1kladn\u00edch \u017eivotn\u00edch n\u00e1klad\u016f Petry a jej\u00ed rodiny v obdob\u00ed n\u00e1ro\u010dn\u00e9 l\u00e9\u010dby. Pomohou zajistit dopravu do nemocnice, l\u00e9ky a zdravotn\u00ed pom\u016fcky, stejn\u011b jako b\u011b\u017en\u00fd chod dom\u00e1cnosti, o kterou se Petra star\u00e1.<\/p>\n\n\n\n<p>C\u00edlem je p\u0159eklenout toto t\u011b\u017ek\u00e9 obdob\u00ed, aby se Petra mohla soust\u0159edit nejen na l\u00e9\u010dbu, ale i na sv\u00e9 fyzick\u00e9 a psychick\u00e9 zotaven\u00ed a postupn\u011b se vr\u00e1tit do b\u011b\u017en\u00e9ho \u017eivota.<\/p>\n\n\n\n<p>Kdo by cht\u011bl p\u0159isp\u011bt, m\u016f\u017ee se pod\u00edvat na sb\u00edrku tady: <a href=\"https:\/\/donio.cz\/pomoc-pro-petru-ktera-se-nikdy-nevzdava\" target=\"_blank\" rel=\"noreferrer noopener\">https:\/\/donio.cz\/pomoc-pro-petru-ktera-se-nikdy-nevzdava<\/a><\/p>\n\n\n\n<p>Zuzana Musilov\u00e1<\/p>\n\n\n\n<p>Pelh\u0159imovsk\u00fd den\u00edk<\/p>\n\n\n\n<p><a href=\"https:\/\/pelhrimovsky.denik.cz\" target=\"_blank\" rel=\"noreferrer noopener\">https:\/\/pelhrimovsky.denik.cz<\/a><\/p>\n","protected":false},"excerpt":{"rendered":"<div class=\"mh-excerpt\"><p>Extr\u00e9mn\u011b krut\u011b se osud chov\u00e1 ke dvaa\u010dty\u0159icetilet\u00e9 Pet\u0159e z Pelh\u0159imovska. Sotva zvl\u00e1dne jednu t\u011b\u017ekost, p\u0159ijde dal\u0161\u00ed, mo\u017en\u00e1 hor\u0161\u00ed. O sv\u016fj \u017eivot a zdrav\u00ed v\u0161ak v\u00e1\u017en\u011b <a class=\"mh-excerpt-more\" href=\"https:\/\/www.invarena.cz\/?p=63775\" title=\"Petra z Pelh\u0159imovska se nikdy nevzd\u00e1v\u00e1. \u017divot j\u00ed p\u0159ipravil dal\u0161\u00ed t\u011b\u017ekou zkou\u0161ku\">[&#8230;]<\/a><\/p>\n<\/div>","protected":false},"author":1,"featured_media":24987,"comment_status":"open","ping_status":"closed","sticky":false,"template":"","format":"standard","meta":{"footnotes":""},"categories":[9],"tags":[],"class_list":["post-63775","post","type-post","status-publish","format-standard","has-post-thumbnail","hentry","category-zpravy"],"_links":{"self":[{"href":"https:\/\/www.invarena.cz\/index.php?rest_route=\/wp\/v2\/posts\/63775","targetHints":{"allow":["GET"]}}],"collection":[{"href":"https:\/\/www.invarena.cz\/index.php?rest_route=\/wp\/v2\/posts"}],"about":[{"href":"https:\/\/www.invarena.cz\/index.php?rest_route=\/wp\/v2\/types\/post"}],"author":[{"embeddable":true,"href":"https:\/\/www.invarena.cz\/index.php?rest_route=\/wp\/v2\/users\/1"}],"replies":[{"embeddable":true,"href":"https:\/\/www.invarena.cz\/index.php?rest_route=%2Fwp%2Fv2%2Fcomments&post=63775"}],"version-history":[{"count":0,"href":"https:\/\/www.invarena.cz\/index.php?rest_route=\/wp\/v2\/posts\/63775\/revisions"}],"wp:featuredmedia":[{"embeddable":true,"href":"https:\/\/www.invarena.cz\/index.php?rest_route=\/wp\/v2\/media\/24987"}],"wp:attachment":[{"href":"https:\/\/www.invarena.cz\/index.php?rest_route=%2Fwp%2Fv2%2Fmedia&parent=63775"}],"wp:term":[{"taxonomy":"category","embeddable":true,"href":"https:\/\/www.invarena.cz\/index.php?rest_route=%2Fwp%2Fv2%2Fcategories&post=63775"},{"taxonomy":"post_tag","embeddable":true,"href":"https:\/\/www.invarena.cz\/index.php?rest_route=%2Fwp%2Fv2%2Ftags&post=63775"}],"curies":[{"name":"wp","href":"https:\/\/api.w.org\/{rel}","templated":true}]}}