{"id":63781,"date":"2026-04-29T15:06:41","date_gmt":"2026-04-29T13:06:41","guid":{"rendered":"https:\/\/www.invarena.cz\/?p=63781"},"modified":"2026-04-29T15:06:41","modified_gmt":"2026-04-29T13:06:41","slug":"ostrava-jih-podpori-handicapovane-az-100-tisici-korunami","status":"publish","type":"post","link":"https:\/\/www.invarena.cz\/?p=63781","title":{"rendered":"Ostrava-Jih podpo\u0159\u00ed handicapovan\u00e9 a\u017e 100 tis\u00edci korunami"},"content":{"rendered":"\n<p>Nov\u00fd dota\u010dn\u00ed program na podporu handicapovan\u00fdch p\u0159ipravila radnice obvodu Ostrava-Jih. Finance budou ur\u010deny k zaji\u0161t\u011bn\u00ed kompenza\u010dn\u00edch pom\u016fcek.<\/p>\n\n\n\n<p>Obyvatel\u00e9 Ostravy-Jihu se zdravotn\u00edm posti\u017een\u00edm budou m\u00edt nov\u011b mo\u017enost z\u00edskat finan\u010dn\u00ed podporu na po\u0159\u00edzen\u00ed zdravotn\u00edch a zvl\u00e1\u0161tn\u00edch pom\u016fcek, kter\u00e9 jim usnadn\u00ed ka\u017edodenn\u00ed \u017eivot, zv\u00fd\u0161\u00ed jejich sob\u011bsta\u010dnost, mobilitu i celkovou kvalitu \u017eivota.<\/p>\n\n\n\n<p>\u201eNa realizaci programu radnice pro leto\u0161n\u00ed rok vy\u010dlenila \u010d\u00e1stku 1 milion korun. O finan\u010dn\u00ed podporu budou moci \u017e\u00e1dat fyzick\u00e9 osoby s trval\u00fdm pobytem na \u00fazem\u00ed m\u011bstsk\u00e9ho obvodu Ostrava-Jih, kter\u00e9 spl\u0148uj\u00ed stanoven\u00e9 podm\u00ednky, zejm\u00e9na p\u0159izn\u00e1n\u00ed p\u0159\u00edsp\u011bvku na p\u00e9\u010di v I. nebo II. Stupni,\u201c prozradila tiskov\u00e1 mluv\u010d\u00ed obvodu Ilona Honusov\u00e1.<\/p>\n\n\n\n<p>Dotace je ur\u010dena nap\u0159\u00edklad na po\u0159\u00edzen\u00ed mobiln\u00edch pom\u016fcek, \u00fapravy dom\u00e1cnosti \u010di hygienick\u00e9ho z\u00e1zem\u00ed, ale tak\u00e9 na modern\u00ed asistivn\u00ed technologie a specializovan\u00fd software, kter\u00e9 usnad\u0148uj\u00ed ka\u017edodenn\u00ed \u017eivot osob\u00e1m se zdravotn\u00edm \u010di smyslov\u00fdm posti\u017een\u00edm. \u017d\u00e1dost a podm\u00ednky t\u00e9to individu\u00e1ln\u00ed dotace jsou zve\u0159ejn\u011bny na webu ovajih.cz.<\/p>\n\n\n\n<p>P\u0159\u00edjem \u017e\u00e1dost\u00ed bude prob\u00edhat v term\u00ednu od 1. do 15. \u010dervna 2026. Maxim\u00e1ln\u00ed v\u00fd\u0161e podpory na jeden projekt m\u016f\u017ee dos\u00e1hnout a\u017e 100 tis\u00edc korun, p\u0159i\u010dem\u017e v od\u016fvodn\u011bn\u00fdch p\u0159\u00edpadech lze pokr\u00fdt a\u017e 100 % po\u0159izovac\u00edch n\u00e1klad\u016f pom\u016fcky v\u010detn\u011b dopravy a instalace.<\/p>\n\n\n\n<p>\u201eT\u00edmto programem chceme c\u00edlen\u011b podpo\u0159it na\u0161e ob\u010dany, kte\u0159\u00ed se pot\u00fdkaj\u00ed se zdravotn\u00edm omezen\u00edm, a pomoci jim zvl\u00e1dat ka\u017edodenn\u00ed situace s v\u011bt\u0161\u00ed m\u00edrou samostatnosti. Z\u00e1rove\u0148 reagujeme na konkr\u00e9tn\u00ed pot\u0159eby lid\u00ed v na\u0161em obvodu,\u201c uv\u00e1d\u00ed m\u00edstostarosta Ji\u0159\u00ed Str\u00e1n\u00edk.<\/p>\n\n\n\n<p>Administraci dota\u010dn\u00edho programu zajist\u00ed odbor soci\u00e1ln\u00ed p\u00e9\u010de \u00da\u0159adu m\u011bstsk\u00e9ho obvodu Ostrava-Jih. O p\u0159id\u011blen\u00ed dotac\u00ed bude rozhodovat rada m\u011bstsk\u00e9ho obvodu na z\u00e1klad\u011b doporu\u010den\u00ed odborn\u00e9 komise. \u017d\u00e1dosti bude mo\u017en\u00e9 pod\u00e1vat elektronicky, prost\u0159ednictv\u00edm datov\u00e9 schr\u00e1nky, e-mailem nebo osobn\u011b na podateln\u011b \u00fa\u0159adu.<\/p>\n\n\n\n<p>\u201eM\u011bstsk\u00fd obvod Ostrava-Jih dlouhodob\u011b podporuje projekty zam\u011b\u0159en\u00e9 na soci\u00e1ln\u00ed oblast a zvy\u0161ov\u00e1n\u00ed kvality \u017eivota sv\u00fdch obyvatel. P\u0159ipravovan\u00fd dota\u010dn\u00ed program je dal\u0161\u00edm krokem k systematick\u00e9 pomoci t\u011bm, kte\u0159\u00ed ji pot\u0159ebuj\u00ed,\u201c uzav\u00edr\u00e1 m\u00edstostarosta.<\/p>\n\n\n\n<p>Zden\u011bk Janiurek<\/p>\n\n\n\n<p>Moravskoslezsk\u00fd den\u00edk<\/p>\n\n\n\n<p><a href=\"https:\/\/moravskoslezsky.denik.cz\" target=\"_blank\" rel=\"noreferrer noopener\">https:\/\/moravskoslezsky.denik.cz<\/a><\/p>\n","protected":false},"excerpt":{"rendered":"<div class=\"mh-excerpt\"><p>Nov\u00fd dota\u010dn\u00ed program na podporu handicapovan\u00fdch p\u0159ipravila radnice obvodu Ostrava-Jih. Finance budou ur\u010deny k zaji\u0161t\u011bn\u00ed kompenza\u010dn\u00edch pom\u016fcek. Obyvatel\u00e9 Ostravy-Jihu se zdravotn\u00edm posti\u017een\u00edm budou m\u00edt nov\u011b <a class=\"mh-excerpt-more\" href=\"https:\/\/www.invarena.cz\/?p=63781\" title=\"Ostrava-Jih podpo\u0159\u00ed handicapovan\u00e9 a\u017e 100 tis\u00edci korunami\">[&#8230;]<\/a><\/p>\n<\/div>","protected":false},"author":1,"featured_media":24717,"comment_status":"open","ping_status":"closed","sticky":false,"template":"","format":"standard","meta":{"footnotes":""},"categories":[9],"tags":[],"class_list":["post-63781","post","type-post","status-publish","format-standard","has-post-thumbnail","hentry","category-zpravy"],"_links":{"self":[{"href":"https:\/\/www.invarena.cz\/index.php?rest_route=\/wp\/v2\/posts\/63781","targetHints":{"allow":["GET"]}}],"collection":[{"href":"https:\/\/www.invarena.cz\/index.php?rest_route=\/wp\/v2\/posts"}],"about":[{"href":"https:\/\/www.invarena.cz\/index.php?rest_route=\/wp\/v2\/types\/post"}],"author":[{"embeddable":true,"href":"https:\/\/www.invarena.cz\/index.php?rest_route=\/wp\/v2\/users\/1"}],"replies":[{"embeddable":true,"href":"https:\/\/www.invarena.cz\/index.php?rest_route=%2Fwp%2Fv2%2Fcomments&post=63781"}],"version-history":[{"count":1,"href":"https:\/\/www.invarena.cz\/index.php?rest_route=\/wp\/v2\/posts\/63781\/revisions"}],"predecessor-version":[{"id":63783,"href":"https:\/\/www.invarena.cz\/index.php?rest_route=\/wp\/v2\/posts\/63781\/revisions\/63783"}],"wp:featuredmedia":[{"embeddable":true,"href":"https:\/\/www.invarena.cz\/index.php?rest_route=\/wp\/v2\/media\/24717"}],"wp:attachment":[{"href":"https:\/\/www.invarena.cz\/index.php?rest_route=%2Fwp%2Fv2%2Fmedia&parent=63781"}],"wp:term":[{"taxonomy":"category","embeddable":true,"href":"https:\/\/www.invarena.cz\/index.php?rest_route=%2Fwp%2Fv2%2Fcategories&post=63781"},{"taxonomy":"post_tag","embeddable":true,"href":"https:\/\/www.invarena.cz\/index.php?rest_route=%2Fwp%2Fv2%2Ftags&post=63781"}],"curies":[{"name":"wp","href":"https:\/\/api.w.org\/{rel}","templated":true}]}}