{"id":63787,"date":"2026-04-29T15:22:54","date_gmt":"2026-04-29T13:22:54","guid":{"rendered":"https:\/\/www.invarena.cz\/?p=63787"},"modified":"2026-04-29T15:22:55","modified_gmt":"2026-04-29T13:22:55","slug":"jarni-charitativni-sbirka-s-primkou-ukazala-velkou-silu-solidarity-ve-znojme","status":"publish","type":"post","link":"https:\/\/www.invarena.cz\/?p=63787","title":{"rendered":"Jarn\u00ed charitativn\u00ed sb\u00edrka s P\u0159\u00edmkou uk\u00e1zala velkou s\u00edlu solidarity ve Znojm\u011b"},"content":{"rendered":"\n<p>Sb\u00edrka byla zam\u011b\u0159ena na oble\u010den\u00ed, hra\u010dky a p\u0159edm\u011bty pro vybaven\u00ed dom\u00e1cnosti, jako je n\u00e1dob\u00ed a dal\u0161\u00ed praktick\u00e9 v\u011bci ka\u017edodenn\u00ed pot\u0159eby. Do organizace se aktivn\u011b zapojili \u017e\u00e1ci 3. ro\u010dn\u00edku oboru Soci\u00e1ln\u00ed \u010dinnost St\u0159edn\u00ed odborn\u00e9 \u0161koly v P\u0159\u00edm\u011btick\u00e9 uliic ve Znojm\u011b.<\/p>\n\n\n\n<p>U\u017e prvn\u00ed den bylo z\u0159ejm\u00e9, \u017ee chu\u0165 pom\u00e1hat je opravdu velk\u00e1. Do sb\u00edrky p\u0159isp\u011bli nejen sou\u010dasn\u00ed vyu\u010duj\u00edc\u00ed, ale i b\u00fdval\u00ed zam\u011bstnanci \u0161koly. Postupn\u011b se tak nashrom\u00e1\u017edilo velk\u00e9 mno\u017estv\u00ed darovan\u00fdch v\u011bc\u00ed, kter\u00e9 zaplnily vyhrazen\u00e9 prostory a potvrdily, \u017ee solidarita m\u00e1 ve \u0161koln\u00ed komunit\u011b pevn\u00e9 m\u00edsto.<\/p>\n\n\n\n<p>\u201eP\u0159ekvapilo m\u011b, kolik lid\u00ed se zapojilo. Je vid\u011bt, \u017ee kdy\u017e jde o dobrou v\u011bc, dok\u00e1\u017eeme t\u00e1hnout za jeden provaz,\u201c uvedla jedna ze \u017e\u00e1ky\u0148, kter\u00e1 se na organizaci sb\u00edrky pod\u00edlela.<\/p>\n\n\n\n<p>Cel\u00e1 akce v\u0161ak nem\u011bla jen symbolick\u00fd rozm\u011br. V\u00fdt\u011b\u017eek ze sb\u00edrky pom\u016f\u017ee financovat a\u017e 120 pracovn\u00edch m\u00edst pro osoby se zdravotn\u00edm posti\u017een\u00edm v r\u00e1mci znojemsk\u00e9ho regionu. Ka\u017ed\u00fd dar tak p\u0159edstavuje konkr\u00e9tn\u00ed krok k podpo\u0159e lid\u00ed, kte\u0159\u00ed to v \u017eivot\u011b nemaj\u00ed snadn\u00e9, ale cht\u011bj\u00ed pracovat a b\u00fdt aktivn\u00ed sou\u010d\u00e1st\u00ed spole\u010dnosti.<\/p>\n\n\n\n<p>M\u00e1 smysl u\u010dit \u017e\u00e1ky nejen odborn\u00fdm dovednostem, ale i hodnot\u00e1m, jako je solidarita a odpov\u011bdnost v\u016f\u010di druh\u00fdm. Tato sb\u00edrka je toho kr\u00e1sn\u00fdm p\u0159\u00edkladem.<\/p>\n\n\n\n<p>Marcela Sabov\u00e1<\/p>\n\n\n\n<p>Znojemsk\u00fd den\u00edk<\/p>\n\n\n\n<p><a href=\"https:\/\/znojemsky.denik.cz\" target=\"_blank\" rel=\"noreferrer noopener\">https:\/\/znojemsky.denik.cz<\/a><\/p>\n","protected":false},"excerpt":{"rendered":"<div class=\"mh-excerpt\"><p>Sb\u00edrka byla zam\u011b\u0159ena na oble\u010den\u00ed, hra\u010dky a p\u0159edm\u011bty pro vybaven\u00ed dom\u00e1cnosti, jako je n\u00e1dob\u00ed a dal\u0161\u00ed praktick\u00e9 v\u011bci ka\u017edodenn\u00ed pot\u0159eby. Do organizace se aktivn\u011b zapojili <a class=\"mh-excerpt-more\" href=\"https:\/\/www.invarena.cz\/?p=63787\" title=\"Jarn\u00ed charitativn\u00ed sb\u00edrka s P\u0159\u00edmkou uk\u00e1zala velkou s\u00edlu solidarity ve Znojm\u011b\">[&#8230;]<\/a><\/p>\n<\/div>","protected":false},"author":1,"featured_media":24769,"comment_status":"open","ping_status":"closed","sticky":false,"template":"","format":"standard","meta":{"footnotes":""},"categories":[9],"tags":[],"class_list":["post-63787","post","type-post","status-publish","format-standard","has-post-thumbnail","hentry","category-zpravy"],"_links":{"self":[{"href":"https:\/\/www.invarena.cz\/index.php?rest_route=\/wp\/v2\/posts\/63787","targetHints":{"allow":["GET"]}}],"collection":[{"href":"https:\/\/www.invarena.cz\/index.php?rest_route=\/wp\/v2\/posts"}],"about":[{"href":"https:\/\/www.invarena.cz\/index.php?rest_route=\/wp\/v2\/types\/post"}],"author":[{"embeddable":true,"href":"https:\/\/www.invarena.cz\/index.php?rest_route=\/wp\/v2\/users\/1"}],"replies":[{"embeddable":true,"href":"https:\/\/www.invarena.cz\/index.php?rest_route=%2Fwp%2Fv2%2Fcomments&post=63787"}],"version-history":[{"count":0,"href":"https:\/\/www.invarena.cz\/index.php?rest_route=\/wp\/v2\/posts\/63787\/revisions"}],"wp:featuredmedia":[{"embeddable":true,"href":"https:\/\/www.invarena.cz\/index.php?rest_route=\/wp\/v2\/media\/24769"}],"wp:attachment":[{"href":"https:\/\/www.invarena.cz\/index.php?rest_route=%2Fwp%2Fv2%2Fmedia&parent=63787"}],"wp:term":[{"taxonomy":"category","embeddable":true,"href":"https:\/\/www.invarena.cz\/index.php?rest_route=%2Fwp%2Fv2%2Fcategories&post=63787"},{"taxonomy":"post_tag","embeddable":true,"href":"https:\/\/www.invarena.cz\/index.php?rest_route=%2Fwp%2Fv2%2Ftags&post=63787"}],"curies":[{"name":"wp","href":"https:\/\/api.w.org\/{rel}","templated":true}]}}