{"id":6417,"date":"2013-06-10T12:36:37","date_gmt":"2013-06-10T10:36:37","guid":{"rendered":"http:\/\/www.invarena.cz\/?p=6417"},"modified":"2013-06-10T12:36:37","modified_gmt":"2013-06-10T10:36:37","slug":"jak-ziji-handicapovani-si-muzete-vyzkouset-na-vystave-moje-cesta","status":"publish","type":"post","link":"https:\/\/www.invarena.cz\/?p=6417","title":{"rendered":"Jak \u017eij\u00ed handicapovan\u00ed si m\u016f\u017eete vyzkou\u0161et na v\u00fdstav\u011b Moje cesta"},"content":{"rendered":"<p><strong>Zaj\u00edm\u00e1 v\u00e1s, jak \u017eij\u00ed posti\u017een\u00ed? Jak\u00e9 pom\u016fcky jim uleh\u010duj\u00ed \u017eivot a kterak jim nejl\u00e9pe m\u016f\u017eete pomoci i vy? Zajd\u011bte se pod\u00edvat na interaktivn\u00ed v\u00fdstavu Moje cesta, kterou se po povodn\u00edch kone\u010dn\u011b poda\u0159ilo otev\u0159\u00edt v Praze na V\u00fdstavi\u0161ti.<\/strong><br \/>\n<!--more--><br \/>\nN\u00e1v\u0161t\u011bvn\u00edci v\u00fdstavy se nap\u0159\u00edklad mohou sezn\u00e1mit s t\u00edm, jak by m\u011bl spr\u00e1vn\u011b vypadat bezbari\u00e9rov\u00fd byt upraven\u00fd pro t\u011blesn\u011b posti\u017een\u00e9ho, kter\u00fd je upoutan\u00fd na invalidn\u00ed voz\u00edk. Nav\u00edc si ka\u017ed\u00fd m\u016f\u017ee na voz\u00edku zkusit projet dr\u00e1hu. Ta je speci\u00e1ln\u011b upravena, aby lidem uk\u00e1zala nejr\u016fzn\u011bj\u0161\u00ed p\u0159ek\u00e1\u017eky, se kter\u00fdmi se voz\u00ed\u010dk\u00e1\u0159 mus\u00ed p\u0159i pohybu v ulic\u00edch vypo\u0159\u00e1d\u00e1vat.<\/p>\n<p>Na v\u00fdstav\u011b nechyb\u00ed ani dr\u00e1ha, kterou si m\u016f\u017eete proj\u00edt v pozici nevidom\u00e9ho. Organiz\u00e1to\u0159i si pro v\u00e1s p\u0159ipravili tak\u00e9 demonstra\u010dn\u00ed h\u0159i\u0161t\u011b. V\u00fdstava je tak ur\u010dena v\u0161em v\u011bkov\u00fdm kategori\u00edm. Ka\u017ed\u00e9mu p\u0159inese n\u011bco jin\u00e9ho, ale ur\u010dit\u011b pro n\u011bj bude p\u0159\u00ednosem.<\/p>\n<p>V\u00fdstava potrv\u00e1 do dvac\u00e1t\u00e9ho dev\u00e1t\u00e9ho \u010dervna. Ve v\u0161edn\u00ed dny je otev\u0159eno od 15 do 18 hodin. V sobotu od 9 do 18 hodin a v ned\u011bli je zav\u0159eno.<\/p>\n<p>Ji\u0159\u00ed Marek<br \/>\ninvArena<\/p>\n","protected":false},"excerpt":{"rendered":"<div class=\"mh-excerpt\"><p>Zaj\u00edm\u00e1 v\u00e1s, jak \u017eij\u00ed posti\u017een\u00ed? Jak\u00e9 pom\u016fcky jim uleh\u010duj\u00ed \u017eivot a kterak jim nejl\u00e9pe m\u016f\u017eete pomoci i vy? Zajd\u011bte se pod\u00edvat na interaktivn\u00ed v\u00fdstavu Moje <a class=\"mh-excerpt-more\" href=\"https:\/\/www.invarena.cz\/?p=6417\" title=\"Jak \u017eij\u00ed handicapovan\u00ed si m\u016f\u017eete vyzkou\u0161et na v\u00fdstav\u011b Moje cesta\">[&#8230;]<\/a><\/p>\n<\/div>","protected":false},"author":3,"featured_media":0,"comment_status":"open","ping_status":"open","sticky":false,"template":"","format":"standard","meta":{"footnotes":""},"categories":[17],"tags":[],"class_list":["post-6417","post","type-post","status-publish","format-standard","hentry","category-kultura"],"_links":{"self":[{"href":"https:\/\/www.invarena.cz\/index.php?rest_route=\/wp\/v2\/posts\/6417","targetHints":{"allow":["GET"]}}],"collection":[{"href":"https:\/\/www.invarena.cz\/index.php?rest_route=\/wp\/v2\/posts"}],"about":[{"href":"https:\/\/www.invarena.cz\/index.php?rest_route=\/wp\/v2\/types\/post"}],"author":[{"embeddable":true,"href":"https:\/\/www.invarena.cz\/index.php?rest_route=\/wp\/v2\/users\/3"}],"replies":[{"embeddable":true,"href":"https:\/\/www.invarena.cz\/index.php?rest_route=%2Fwp%2Fv2%2Fcomments&post=6417"}],"version-history":[{"count":0,"href":"https:\/\/www.invarena.cz\/index.php?rest_route=\/wp\/v2\/posts\/6417\/revisions"}],"wp:attachment":[{"href":"https:\/\/www.invarena.cz\/index.php?rest_route=%2Fwp%2Fv2%2Fmedia&parent=6417"}],"wp:term":[{"taxonomy":"category","embeddable":true,"href":"https:\/\/www.invarena.cz\/index.php?rest_route=%2Fwp%2Fv2%2Fcategories&post=6417"},{"taxonomy":"post_tag","embeddable":true,"href":"https:\/\/www.invarena.cz\/index.php?rest_route=%2Fwp%2Fv2%2Ftags&post=6417"}],"curies":[{"name":"wp","href":"https:\/\/api.w.org\/{rel}","templated":true}]}}